{"id":13261,"date":"2021-12-21T14:31:24","date_gmt":"2021-12-21T14:31:24","guid":{"rendered":"http:\/\/www.pasadenahoy.com\/primero\/?p=13261"},"modified":"2021-12-21T14:31:26","modified_gmt":"2021-12-21T14:31:26","slug":"votos-del-comite-de-servicios-municipales-en-apoyo-de-fareless-metro","status":"publish","type":"post","link":"http:\/\/www.pasadenahoy.com\/primero\/la-comunidad\/votos-del-comite-de-servicios-municipales-en-apoyo-de-fareless-metro\/","title":{"rendered":"Votos del Comit\u00e9 de Servicios Municipales en apoyo de Fareless Metro"},"content":{"rendered":"\n<figure class=\"wp-block-image alignnone size-large\"><figure class=\"alignnone\"><img loading=\"lazy\" width=\"700\" height=\"378\" src=\"http:\/\/www.pasadenahoy.com\/primero\/wp-content\/uploads\/2021\/12\/pic-3-10.jpg\" alt=\"\" class=\"wp-image-13262\" srcset=\"http:\/\/www.pasadenahoy.com\/primero\/wp-content\/uploads\/2021\/12\/pic-3-10.jpg 700w, http:\/\/www.pasadenahoy.com\/primero\/wp-content\/uploads\/2021\/12\/pic-3-10-300x162.jpg 300w, http:\/\/www.pasadenahoy.com\/primero\/wp-content\/uploads\/2021\/12\/pic-3-10-241x130.jpg 241w, http:\/\/www.pasadenahoy.com\/primero\/wp-content\/uploads\/2021\/12\/pic-3-10-333x180.jpg 333w, http:\/\/www.pasadenahoy.com\/primero\/wp-content\/uploads\/2021\/12\/pic-3-10-360x194.jpg 360w\" sizes=\"100vw\" \/><\/figure><\/figure>\n\n\n\n<p>El Comit\u00e9 de Servicios Municipales del Concejo Municipal vot\u00f3 un\u00e1nimemente para recomendar que el Concejo Municipal apoye una iniciativa que permitir\u00eda a los estudiantes locales del Distrito Escolar Unificado de Pasadena y del Pasadena City College viajar en los autobuses Metro de forma gratuita bajo un programa piloto que durar\u00e1 hasta el 31 de diciembre de 2022. .<\/p>\n\n\n\n<p>El programa GoPass, anteriormente conocido como Fareless System Initiative (FSI), entr\u00f3 en vigor el 1 de diciembre.<\/p>\n\n\n\n<p>&#8220;Estoy muy contento de que lo estemos haciendo&#8221;, dijo la concejal Felicia Williams, quien forma parte del comit\u00e9. &#8220;Es un gran programa y ayudar\u00e1 mucho a nuestros ni\u00f1os&#8221;.<\/p>\n\n\n\n<p>GoPass ofrece internado sin tarifa para estudiantes de K-12 y estudiantes de colegios comunitarios que asisten a los distritos escolares participantes y escuelas privadas durante dos a\u00f1os escolares. Para que los estudiantes puedan abordar sin pasaje, el distrito escolar o la universidad a la que asisten tambi\u00e9n debe participar en el programa.<\/p>\n\n\n\n<p>&#8220;Un estudio reciente completado por Hope Center encontr\u00f3 que los estudiantes gastan una quinta parte de sus gastos de vida totales en transporte, y esto es especialmente cierto para los estudiantes de colegios comunitarios que viajan casi exclusivamente al campus&#8221;, dijo la directora ejecutiva de Metro, Stephanie Wiggins, a City News Service anteriormente este mes.<\/p>\n\n\n\n<p>\u201cEst\u00e1 claro que los estudiantes con transporte subsidiado se desempe\u00f1an mejor en la escuela, lo que les permite concentrarse en lo que realmente importa: su educaci\u00f3n. Creamos el programa GoPass porque no queremos que el transporte sea una de las barreras que los estudiantes deben enfrentar para completar su educaci\u00f3n universitaria &#8220;.<\/p>\n\n\n\n<p>Se espera que el proyecto piloto GoPass reduzca los ingresos por tarifas de Pasadena Transit en $ 225,000 durante el per\u00edodo piloto de dos a\u00f1os. Pasadena se completar\u00e1 parcialmente al recibir una cantidad proporcional de los ingresos de costos compartidos proporcionados por los distritos escolares y las universidades participantes y por fondos suplementarios de Metro por \u00fanica vez.<\/p>\n\n\n\n<p>El Distrito de Colegios Comunitarios de Los \u00c1ngeles ya se ha inscrito en el programa.<\/p>\n\n\n\n<p>Hay 33 distritos escolares y seis colegios comunitarios interesados \u200b\u200ben unirse al programa GoPass, seg\u00fan un informe del personal de la ciudad.<\/p>\n\n\n\n<p>Se ha desarrollado un acuerdo de costo compartido para los distritos K-12 participantes que incluye una tarifa de costo compartido de $ 3.00 por estudiante por a\u00f1o para todos los estudiantes del distrito escolar participante. Los colegios comunitarios participantes deben comprometerse a una tasa de participaci\u00f3n en los costos de $ 7.00 por estudiante por a\u00f1o para todos los estudiantes inscritos en el colegio comunitario participante.<\/p>\n\n\n\n<p>El personal de Metro ha entablado conversaciones con el Distrito Escolar Unificado de Pasadena (PUSD) para solicitar la participaci\u00f3n en el programa. La ciudad tambi\u00e9n se ha acercado al distrito escolar para fomentar la participaci\u00f3n.<\/p>\n\n\n\n<p>Los funcionarios de la ciudad tambi\u00e9n le han proporcionado a Metro una lista de escuelas secundarias privadas dentro de .25 millas de Pasadena Transit y Metro y sus respectivos contactos.<\/p>\n\n\n\n<p>Hasta ahora Metro no ha tenido noticias de representantes de las escuelas privadas.<\/p>\n\n\n\n<p>\u201cEspero que esto tenga un gran \u00e9xito\u201d, dijo el vicealcalde Andy Wilson.<\/p>\n\n\n\n<p>El t\u00e9rmino recomendado del programa piloto para Pasadena Transit es iniciarlo a m\u00e1s tardar el 1 de febrero de 2022 y continuarlo hasta el 30 de junio de 2023.<\/p>\n\n\n\n<p>El art\u00edculo pasar\u00e1 ahora al Ayuntamiento.<\/p>\n","protected":false},"excerpt":{"rendered":"<p>El Comit\u00e9 de Servicios Municipales del Concejo Municipal vot\u00f3 un\u00e1nimemente para recomendar que el Concejo Municipal apoye una iniciativa que permitir\u00eda a los estudiantes locales del Distrito Escolar Unificado de Pasadena y del Pasadena City College viajar en los autobuses Metro de forma gratuita bajo un programa piloto que durar\u00e1 hasta el 31 de diciembre de 2022. . El programa GoPass, anteriormente conocido como Fareless System Initiative (FSI), entr\u00f3 en vigor el 1 de diciembre. &#8220;Estoy muy contento de que [&hellip;]<\/p>\n","protected":false},"author":4,"featured_media":13262,"comment_status":"open","ping_status":"closed","sticky":false,"template":"","format":"standard","meta":[],"categories":[4],"tags":[],"acf":[],"_links":{"self":[{"href":"http:\/\/www.pasadenahoy.com\/primero\/wp-json\/wp\/v2\/posts\/13261"}],"collection":[{"href":"http:\/\/www.pasadenahoy.com\/primero\/wp-json\/wp\/v2\/posts"}],"about":[{"href":"http:\/\/www.pasadenahoy.com\/primero\/wp-json\/wp\/v2\/types\/post"}],"author":[{"embeddable":true,"href":"http:\/\/www.pasadenahoy.com\/primero\/wp-json\/wp\/v2\/users\/4"}],"replies":[{"embeddable":true,"href":"http:\/\/www.pasadenahoy.com\/primero\/wp-json\/wp\/v2\/comments?post=13261"}],"version-history":[{"count":2,"href":"http:\/\/www.pasadenahoy.com\/primero\/wp-json\/wp\/v2\/posts\/13261\/revisions"}],"predecessor-version":[{"id":13264,"href":"http:\/\/www.pasadenahoy.com\/primero\/wp-json\/wp\/v2\/posts\/13261\/revisions\/13264"}],"wp:featuredmedia":[{"embeddable":true,"href":"http:\/\/www.pasadenahoy.com\/primero\/wp-json\/wp\/v2\/media\/13262"}],"wp:attachment":[{"href":"http:\/\/www.pasadenahoy.com\/primero\/wp-json\/wp\/v2\/media?parent=13261"}],"wp:term":[{"taxonomy":"category","embeddable":true,"href":"http:\/\/www.pasadenahoy.com\/primero\/wp-json\/wp\/v2\/categories?post=13261"},{"taxonomy":"post_tag","embeddable":true,"href":"http:\/\/www.pasadenahoy.com\/primero\/wp-json\/wp\/v2\/tags?post=13261"}],"curies":[{"name":"wp","href":"https:\/\/api.w.org\/{rel}","templated":true}]}}