{"id":13265,"date":"2021-12-21T14:37:57","date_gmt":"2021-12-21T14:37:57","guid":{"rendered":"http:\/\/www.pasadenahoy.com\/primero\/?p=13265"},"modified":"2021-12-21T14:38:04","modified_gmt":"2021-12-21T14:38:04","slug":"kaiser-permanente-dona-2-5-millones-en-suministros-para-ayudar-a-detener-la-propagacion-del-covid-19","status":"publish","type":"post","link":"http:\/\/www.pasadenahoy.com\/primero\/la-comunidad\/kaiser-permanente-dona-2-5-millones-en-suministros-para-ayudar-a-detener-la-propagacion-del-covid-19\/","title":{"rendered":"Kaiser Permanente dona $ 2.5 millones en suministros para ayudar a detener la propagaci\u00f3n del COVID-19"},"content":{"rendered":"\n<figure class=\"wp-block-image alignnone size-large\"><figure class=\"alignnone\"><img loading=\"lazy\" width=\"700\" height=\"378\" src=\"http:\/\/www.pasadenahoy.com\/primero\/wp-content\/uploads\/2021\/12\/pic-4-11.jpg\" alt=\"\" class=\"wp-image-13266\" srcset=\"http:\/\/www.pasadenahoy.com\/primero\/wp-content\/uploads\/2021\/12\/pic-4-11.jpg 700w, http:\/\/www.pasadenahoy.com\/primero\/wp-content\/uploads\/2021\/12\/pic-4-11-300x162.jpg 300w, http:\/\/www.pasadenahoy.com\/primero\/wp-content\/uploads\/2021\/12\/pic-4-11-241x130.jpg 241w, http:\/\/www.pasadenahoy.com\/primero\/wp-content\/uploads\/2021\/12\/pic-4-11-333x180.jpg 333w, http:\/\/www.pasadenahoy.com\/primero\/wp-content\/uploads\/2021\/12\/pic-4-11-360x194.jpg 360w\" sizes=\"100vw\" \/><\/figure><\/figure>\n\n\n\n<p>Kaiser Permanente, con sede en Pasadena, don\u00f3 m\u00e1s de $ 2.5 millones en equipos de protecci\u00f3n personal y suministros sanitarios a escuelas y organizaciones comunitarias en los condados de Los \u00c1ngeles y San Bernardino, anunciaron hoy funcionarios de la compa\u00f1\u00eda.<\/p>\n\n\n\n<p>A trav\u00e9s de una asociaci\u00f3n con SupplyBank.org, una agencia sin fines de lucro que distribuye suministros cr\u00edticos a comunidades vulnerables, Kaiser Permanente ha donado batas y m\u00e1scaras protectoras, toallitas higi\u00e9nicas y desinfectantes para manos que ayudar\u00e1n a detener la propagaci\u00f3n de COVID-19 en un momento en que Omicron se est\u00e1 propagando. r\u00e1pidamente.<\/p>\n\n\n\n<p>Las donaciones locales fueron parte de una campa\u00f1a de donaciones de casi $ 22 millones para distribuir los suministros necesarios en California, Oregon y Washington, seg\u00fan funcionarios de la compa\u00f1\u00eda.<\/p>\n\n\n\n<p>A nivel local, la donaci\u00f3n m\u00e1s grande fue para la Oficina de Educaci\u00f3n del Condado de Los \u00c1ngeles, que recibi\u00f3 53,376 botellas de desinfectante para manos, aproximadamente 53,600 batas de aislamiento, 67,200 m\u00e1scaras N95 y 14,9 millones de toallitas desinfectantes para distribuir en 55 distritos escolares locales. El valor total en especie de los art\u00edculos donados fue de m\u00e1s de $ 2.4 millones.<\/p>\n\n\n\n<p>Ni el Distrito Escolar Unificado de Pasadena ni las organizaciones sin fines de lucro de Pasadena recibieron donaciones.<\/p>\n","protected":false},"excerpt":{"rendered":"<p>Kaiser Permanente, con sede en Pasadena, don\u00f3 m\u00e1s de $ 2.5 millones en equipos de protecci\u00f3n personal y suministros sanitarios a escuelas y organizaciones comunitarias en los condados de Los \u00c1ngeles y San Bernardino, anunciaron hoy funcionarios de la compa\u00f1\u00eda. A trav\u00e9s de una asociaci\u00f3n con SupplyBank.org, una agencia sin fines de lucro que distribuye suministros cr\u00edticos a comunidades vulnerables, Kaiser Permanente ha donado batas y m\u00e1scaras protectoras, toallitas higi\u00e9nicas y desinfectantes para manos que ayudar\u00e1n a detener la propagaci\u00f3n [&hellip;]<\/p>\n","protected":false},"author":4,"featured_media":0,"comment_status":"open","ping_status":"closed","sticky":false,"template":"","format":"standard","meta":[],"categories":[4],"tags":[],"acf":[],"_links":{"self":[{"href":"http:\/\/www.pasadenahoy.com\/primero\/wp-json\/wp\/v2\/posts\/13265"}],"collection":[{"href":"http:\/\/www.pasadenahoy.com\/primero\/wp-json\/wp\/v2\/posts"}],"about":[{"href":"http:\/\/www.pasadenahoy.com\/primero\/wp-json\/wp\/v2\/types\/post"}],"author":[{"embeddable":true,"href":"http:\/\/www.pasadenahoy.com\/primero\/wp-json\/wp\/v2\/users\/4"}],"replies":[{"embeddable":true,"href":"http:\/\/www.pasadenahoy.com\/primero\/wp-json\/wp\/v2\/comments?post=13265"}],"version-history":[{"count":2,"href":"http:\/\/www.pasadenahoy.com\/primero\/wp-json\/wp\/v2\/posts\/13265\/revisions"}],"predecessor-version":[{"id":13268,"href":"http:\/\/www.pasadenahoy.com\/primero\/wp-json\/wp\/v2\/posts\/13265\/revisions\/13268"}],"wp:attachment":[{"href":"http:\/\/www.pasadenahoy.com\/primero\/wp-json\/wp\/v2\/media?parent=13265"}],"wp:term":[{"taxonomy":"category","embeddable":true,"href":"http:\/\/www.pasadenahoy.com\/primero\/wp-json\/wp\/v2\/categories?post=13265"},{"taxonomy":"post_tag","embeddable":true,"href":"http:\/\/www.pasadenahoy.com\/primero\/wp-json\/wp\/v2\/tags?post=13265"}],"curies":[{"name":"wp","href":"https:\/\/api.w.org\/{rel}","templated":true}]}}