{"id":13273,"date":"2021-12-21T14:47:20","date_gmt":"2021-12-21T14:47:20","guid":{"rendered":"http:\/\/www.pasadenahoy.com\/primero\/?p=13273"},"modified":"2021-12-21T14:47:22","modified_gmt":"2021-12-21T14:47:22","slug":"par-de-tormentas-se-dirigen-hacia-pasadena-la-primera-en-golpear-el-miercoles","status":"publish","type":"post","link":"http:\/\/www.pasadenahoy.com\/primero\/la-comunidad\/par-de-tormentas-se-dirigen-hacia-pasadena-la-primera-en-golpear-el-miercoles\/","title":{"rendered":"Par de tormentas se dirigen hacia Pasadena, la primera en golpear el mi\u00e9rcoles"},"content":{"rendered":"\n<figure class=\"wp-block-image alignnone size-large\"><figure class=\"alignnone\"><img loading=\"lazy\" width=\"700\" height=\"378\" src=\"http:\/\/www.pasadenahoy.com\/primero\/wp-content\/uploads\/2021\/12\/pic-6-7.jpg\" alt=\"\" class=\"wp-image-13274\" srcset=\"http:\/\/www.pasadenahoy.com\/primero\/wp-content\/uploads\/2021\/12\/pic-6-7.jpg 700w, http:\/\/www.pasadenahoy.com\/primero\/wp-content\/uploads\/2021\/12\/pic-6-7-300x162.jpg 300w, http:\/\/www.pasadenahoy.com\/primero\/wp-content\/uploads\/2021\/12\/pic-6-7-241x130.jpg 241w, http:\/\/www.pasadenahoy.com\/primero\/wp-content\/uploads\/2021\/12\/pic-6-7-333x180.jpg 333w, http:\/\/www.pasadenahoy.com\/primero\/wp-content\/uploads\/2021\/12\/pic-6-7-360x194.jpg 360w\" sizes=\"100vw\" \/><\/figure><\/figure>\n\n\n\n<p>Un per\u00edodo tormentoso sigue en camino para Pasadena esta semana hasta el fin de semana, con 1-3 \u2033 de lluvia cayendo durante las lluvias del mi\u00e9rcoles y jueves e incluso m\u00e1s de otro frente fr\u00edo durante el fin de semana festivo, dijeron los meteor\u00f3logos.<\/p>\n\n\n\n<p>El martes ver\u00e1 un aumento de las nubes altas sobre Pasadena, pero no habr\u00e1 lluvia, predijo el Servicio Meteorol\u00f3gico Nacional.<\/p>\n\n\n\n<p>Un sistema de tormentas lejos de la costa comenzar\u00e1 a afectar el \u00e1rea el mi\u00e9rcoles por la noche y alcanzar\u00e1 su punto m\u00e1ximo el jueves. Se esperan lluvias generalizadas.<\/p>\n\n\n\n<p>Otro sistema de tormentas m\u00e1s fr\u00edo traer\u00e1 lluvia adicional y temperaturas m\u00e1s bajas durante el fin de semana festivo, seg\u00fan el NWS.<\/p>\n\n\n\n<p>La estaci\u00f3n de bomberos 37 de Pasadena, en 3430 E. Foothill Blvd., y la estaci\u00f3n 38, en 1150 Linda Vista Ave., ofrecen hasta 10 sacos de arena por residente para ayudar a proteger la propiedad durante las tormentas. El personal de bomberos estar\u00e1 disponible para ayudar con cargar arena en bolsas si no responde a una llamada.<\/p>\n\n\n\n<p>A continuaci\u00f3n, se muestra un pron\u00f3stico detallado del Servicio Meteorol\u00f3gico Nacional:<\/p>\n\n\n\n<p>Hoy: Mayormente nublado, la m\u00e1xima alrededor de 67. Viento del este sureste alrededor de 5 mph.<\/p>\n\n\n\n<p>Esta Noche: Mayormente nublado, la m\u00ednima alrededor de 46. Viento en calma.<\/p>\n\n\n\n<p>Mi\u00e9rcoles: 30 por ciento de probabilidad de lluvia despu\u00e9s de las 5 p.m. Mayormente nublado, la m\u00e1xima alrededor de 66. Viento del este noreste alrededor de 5 mph y luego llegar\u00e1 del nor noroeste.<\/p>\n\n\n\n<p>Mi\u00e9. Por la Noche: Lluvia probable, principalmente despu\u00e9s de 11 p.m. Nublado, la m\u00ednima alrededor de 48. Viento del nor noreste alrededor de 5 mph y luego llegar\u00e1 del sureste despu\u00e9s de medianoche. La probabilidad de precipitaci\u00f3n es del 60%.<\/p>\n\n\n\n<p>Jueves: Lluvia. M\u00e1xima alrededor de 57. Viento del sureste de 5 a 10 mph. La probabilidad de precipitaci\u00f3n es del 80%.<\/p>\n\n\n\n<p>Jue. Por la Noche: Lluvia probable, principalmente antes de 11 p.m. Mayormente nublado, la m\u00ednima alrededor de 44. La probabilidad de precipitaci\u00f3n 60%.<\/p>\n\n\n\n<p>Viernes: Una probabilidad de 30 por ciento lluvia, principalmente antes de las 5 p.m. Mayormente nublado, la m\u00e1xima alrededor de 56.<\/p>\n\n\n\n<p>Vie. Por la Noche: Una probabilidad de lluvia, principalmente despu\u00e9s de 11 p.m. Mayormente nublado, la m\u00ednima alrededor de 44.<\/p>\n\n\n\n<p>D\u00eda de Navidad: Posibilidad de lluvia. Mayormente nublado, la m\u00e1xima alrededor de 55.<\/p>\n\n\n\n<p>S\u00e1b. Por la Noche: Lluvia probable. Mayormente nublado, la m\u00ednima alrededor de 43.<\/p>\n\n\n\n<p>Domingo: Probabilidad de lluvia. Parcialmente soleado, la m\u00e1xima alrededor de 55.<\/p>\n\n\n\n<p>Dom. Por la Noche: Lluvia probable. Mayormente nublado, la m\u00ednima alrededor de 39.<\/p>\n\n\n\n<p>Lunes: Probabilidad de lluvia. Parcialmente soleado, la m\u00e1xima alrededor de 53.<\/p>\n","protected":false},"excerpt":{"rendered":"<p>Un per\u00edodo tormentoso sigue en camino para Pasadena esta semana hasta el fin de semana, con 1-3 \u2033 de lluvia cayendo durante las lluvias del mi\u00e9rcoles y jueves e incluso m\u00e1s de otro frente fr\u00edo durante el fin de semana festivo, dijeron los meteor\u00f3logos. El martes ver\u00e1 un aumento de las nubes altas sobre Pasadena, pero no habr\u00e1 lluvia, predijo el Servicio Meteorol\u00f3gico Nacional. Un sistema de tormentas lejos de la costa comenzar\u00e1 a afectar el \u00e1rea el mi\u00e9rcoles por [&hellip;]<\/p>\n","protected":false},"author":4,"featured_media":0,"comment_status":"open","ping_status":"closed","sticky":false,"template":"","format":"standard","meta":[],"categories":[4],"tags":[],"acf":[],"_links":{"self":[{"href":"http:\/\/www.pasadenahoy.com\/primero\/wp-json\/wp\/v2\/posts\/13273"}],"collection":[{"href":"http:\/\/www.pasadenahoy.com\/primero\/wp-json\/wp\/v2\/posts"}],"about":[{"href":"http:\/\/www.pasadenahoy.com\/primero\/wp-json\/wp\/v2\/types\/post"}],"author":[{"embeddable":true,"href":"http:\/\/www.pasadenahoy.com\/primero\/wp-json\/wp\/v2\/users\/4"}],"replies":[{"embeddable":true,"href":"http:\/\/www.pasadenahoy.com\/primero\/wp-json\/wp\/v2\/comments?post=13273"}],"version-history":[{"count":2,"href":"http:\/\/www.pasadenahoy.com\/primero\/wp-json\/wp\/v2\/posts\/13273\/revisions"}],"predecessor-version":[{"id":13276,"href":"http:\/\/www.pasadenahoy.com\/primero\/wp-json\/wp\/v2\/posts\/13273\/revisions\/13276"}],"wp:attachment":[{"href":"http:\/\/www.pasadenahoy.com\/primero\/wp-json\/wp\/v2\/media?parent=13273"}],"wp:term":[{"taxonomy":"category","embeddable":true,"href":"http:\/\/www.pasadenahoy.com\/primero\/wp-json\/wp\/v2\/categories?post=13273"},{"taxonomy":"post_tag","embeddable":true,"href":"http:\/\/www.pasadenahoy.com\/primero\/wp-json\/wp\/v2\/tags?post=13273"}],"curies":[{"name":"wp","href":"https:\/\/api.w.org\/{rel}","templated":true}]}}