{"id":13284,"date":"2021-12-22T14:05:55","date_gmt":"2021-12-22T14:05:55","guid":{"rendered":"http:\/\/www.pasadenahoy.com\/primero\/?p=13284"},"modified":"2021-12-22T14:05:57","modified_gmt":"2021-12-22T14:05:57","slug":"el-regreso-del-covid-19-de-pasadena-probablemente-impulsado-por-el-aumento-de-reuniones-navidenas-y-eventos-sociales","status":"publish","type":"post","link":"http:\/\/www.pasadenahoy.com\/primero\/la-comunidad\/el-regreso-del-covid-19-de-pasadena-probablemente-impulsado-por-el-aumento-de-reuniones-navidenas-y-eventos-sociales\/","title":{"rendered":"El regreso del COVID-19 de Pasadena probablemente impulsado por el aumento de reuniones navide\u00f1as y eventos sociales"},"content":{"rendered":"\n<figure class=\"wp-block-image alignnone size-large\"><figure class=\"alignnone\"><img loading=\"lazy\" width=\"738\" height=\"400\" src=\"http:\/\/www.pasadenahoy.com\/primero\/wp-content\/uploads\/2021\/12\/pic-2-2.png\" alt=\"\" class=\"wp-image-13285\" srcset=\"http:\/\/www.pasadenahoy.com\/primero\/wp-content\/uploads\/2021\/12\/pic-2-2.png 738w, http:\/\/www.pasadenahoy.com\/primero\/wp-content\/uploads\/2021\/12\/pic-2-2-300x163.png 300w, http:\/\/www.pasadenahoy.com\/primero\/wp-content\/uploads\/2021\/12\/pic-2-2-240x130.png 240w, http:\/\/www.pasadenahoy.com\/primero\/wp-content\/uploads\/2021\/12\/pic-2-2-332x180.png 332w, http:\/\/www.pasadenahoy.com\/primero\/wp-content\/uploads\/2021\/12\/pic-2-2-700x379.png 700w, http:\/\/www.pasadenahoy.com\/primero\/wp-content\/uploads\/2021\/12\/pic-2-2-360x195.png 360w, http:\/\/www.pasadenahoy.com\/primero\/wp-content\/uploads\/2021\/12\/pic-2-2-720x390.png 720w\" sizes=\"100vw\" \/><\/figure><\/figure>\n\n\n\n<p>El recuento del fin de semana pasado de 104 nuevos casos de COVID fue la primera vez en 11 meses que Pasadena vio tantas infecciones nuevas en dos d\u00edas. Un m\u00e9dico del Departamento de Salud P\u00fablica de Pasadena dice que el p\u00fablico debe estar preparado para ver muchas m\u00e1s infecciones a medida que el COVID regrese.<\/p>\n\n\n\n<p>El creciente recuento de casos es probablemente una combinaci\u00f3n de la introducci\u00f3n de la variante Omicron altamente contagiosa localmente junto con un aumento en las reuniones y eventos sociales que son caracter\u00edsticos de la temporada navide\u00f1a, dijo el lunes el Dr. Mark Feaster, epidemi\u00f3logo del Departamento de Salud P\u00fablica de Pasadena.<\/p>\n\n\n\n<p>&#8220;A\u00fan es pronto para decirlo, pero si los d\u00edas festivos anteriores son una indicaci\u00f3n, y si Omicron act\u00faa de manera similar a Delta, deber\u00edamos esperar un aumento significativo en los casos, particularmente en nuestra poblaci\u00f3n restante no vacunada&#8221;, dijo Feaster.<\/p>\n\n\n\n<p>Anteriormente, un funcionario de la ciudad de Pasadena inform\u00f3 que la semana pasada el promedio de 7 d\u00edas de Pasadena aument\u00f3 m\u00e1s de 20 casos \/ d\u00eda, lo que no hemos visto desde que salimos del final del aumento del Delta a fines de agosto. No hemos visto un caso de un solo d\u00eda tan alto desde finales de julio, principios de agosto &#8220;.<\/p>\n\n\n\n<p>El Hospital Huntington inform\u00f3 el lunes que sus m\u00e9dicos y enfermeras est\u00e1n tratando a 31 pacientes con COVID positivo, de los cuales 14 est\u00e1n en una UCI. El hospital dijo que el 87% de esos pacientes no est\u00e1n vacunados.<\/p>\n\n\n\n<p>Feaster dijo que a\u00fan no se sabe qu\u00e9 tan generalizada se est\u00e1 extendiendo la variante Omicron en Pasadena.<\/p>\n\n\n\n<p>&#8220;Sabemos que nuestro primer caso documentado de Omicron tuvo un inicio de s\u00edntomas en la primera semana de diciembre, lo que significa que Omicron probablemente ha estado circulando durante al menos dos semanas&#8221;, dijo.<\/p>\n\n\n\n<p>&#8220;A medida que continuemos recopilando informaci\u00f3n sobre estas variantes, sabremos mejor qu\u00e9 porcentaje de los casos actuales son Omicron o Delta, pero eso llevar\u00e1 tiempo&#8221;.<\/p>\n\n\n\n<p>Fester dijo que el PPHD todav\u00eda est\u00e1 aprendiendo si Omicron causa una enfermedad m\u00e1s leve o severa que Delta, espec\u00edficamente en la poblaci\u00f3n de la ciudad.<\/p>\n\n\n\n<p>En el condado de Los \u00c1ngeles el lunes, los funcionarios de salud p\u00fablica identificaron 60 nuevos casos de Omicron.<\/p>\n\n\n\n<p>Continu\u00f3 el fuerte aumento en el condado de infecciones por COVID-19. El lunes se informaron 3.258 nuevas infecciones por COVID, el cuarto d\u00eda consecutivo en que el n\u00famero ha superado las 3.000. Desde que comenz\u00f3 la pandemia, se han confirmado un total de 1,567,133 casos en el condado.<\/p>\n\n\n\n<p>Las siete nuevas muertes reportadas el lunes elevaron la cifra acumulada de muertos del condado a 27.448.<\/p>\n\n\n\n<p>Seg\u00fan cifras estatales, hab\u00eda 741 pacientes COVID positivos en los hospitales del condado de Los \u00c1ngeles hasta el lunes, frente a los 743 del domingo. 172 de esos pacientes estaban siendo tratados en cuidados intensivos, frente a los 180 del d\u00eda anterior.<\/p>\n\n\n\n<p>Los 60 casos de Omicron recientemente confirmados marcaron un salto importante en el total del condado, lo que refleja una tendencia que se observa en todo el pa\u00eds. Los Centros para el Control y la Prevenci\u00f3n de Enfermedades de EE. UU. Informaron el lunes que se estima que Omicron, que se detect\u00f3 por primera vez en Sud\u00e1frica y se ha extendido r\u00e1pidamente a nivel mundial, es responsable del 73% de las infecciones por COVID en todo el pa\u00eds.<\/p>\n\n\n\n<p>El Departamento de Salud P\u00fablica del condado inform\u00f3 el lunes que los brotes de COVID aumentaron dr\u00e1sticamente en casi todos los sectores durante la semana que termin\u00f3 el viernes, incluido un aumento del 118% en el sector de la educaci\u00f3n, el 83% en las instalaciones de viviendas colectivas y el 24% en los lugares de trabajo e iglesias.<\/p>\n\n\n\n<p>Sin embargo, los brotes en realidad se redujeron en un 11% en los centros de enfermer\u00eda especializada, una estad\u00edstica que el condado atribuy\u00f3 a la alta tasa de vacunas de refuerzo entre el personal y los residentes. Seg\u00fan el condado, el 84% de los residentes de centros de enfermer\u00eda elegibles en el condado han recibido vacunas de refuerzo y el 50% del personal elegible.<\/p>\n\n\n\n<p>\u201cCada vez hay m\u00e1s evidencia de que para aquellos que se vacunaron hace meses, los refuerzos son necesarios para brindar la mejor defensa contra la infecci\u00f3n y la transmisi\u00f3n de la variante Omicron\u201d, dijo la directora de Salud P\u00fablica del condado, Barbara Ferrer, en un comunicado. \u201cLas vacunas tambi\u00e9n contin\u00faan brindando una excelente protecci\u00f3n contra la variante Delta. La adopci\u00f3n generalizada de las dosis de refuerzo en los centros de enfermer\u00eda especializada, como resultado de los primeros esfuerzos para proporcionar dosis de refuerzo a estas personas altamente vulnerables tan pronto como estuvieron disponibles, ha ayudado a mantener los brotes en n\u00fameros m\u00e1s bajos en estos entornos.<\/p>\n\n\n\n<p>\u201cEsto se alinea con otra informaci\u00f3n recopilada de todo el pa\u00eds que demuestra el poder de los impulsores y la importancia de recibir impulso lo antes posible una vez que sea elegible\u201d, dijo. &#8220;Dado el creciente n\u00famero de casos, la alta tasa de transmisi\u00f3n comunitaria y toda la evidencia de que, con el tiempo, nuestro sistema inmunol\u00f3gico necesita un refuerzo para poder atacar el virus COVID, nadie elegible deber\u00eda retrasar la dosis de refuerzo&#8221;.<\/p>\n\n\n\n<p>Seg\u00fan las cifras del condado, al 12 de diciembre, el 77,6% de los residentes elegibles del condado de 5 a\u00f1os o m\u00e1s hab\u00edan recibido al menos una dosis de la vacuna y el 69% estaban completamente vacunados.<\/p>\n\n\n\n<p>Se han administrado m\u00e1s de 1.8 millones de dosis de refuerzo en el condado.<\/p>\n\n\n\n<p>Ferrer dijo la semana pasada que no hay evidencia que sugiera el OmLa variante icron causa s\u00edntomas m\u00e1s graves que las versiones anteriores, pero es m\u00e1s transmisible que otras variantes y circular\u00e1 m\u00e1s ampliamente en el condado, particularmente con los pr\u00f3ximos viajes de vacaciones.<\/p>\n","protected":false},"excerpt":{"rendered":"<p>El recuento del fin de semana pasado de 104 nuevos casos de COVID fue la primera vez en 11 meses que Pasadena vio tantas infecciones nuevas en dos d\u00edas. Un m\u00e9dico del Departamento de Salud P\u00fablica de Pasadena dice que el p\u00fablico debe estar preparado para ver muchas m\u00e1s infecciones a medida que el COVID regrese. El creciente recuento de casos es probablemente una combinaci\u00f3n de la introducci\u00f3n de la variante Omicron altamente contagiosa localmente junto con un aumento en [&hellip;]<\/p>\n","protected":false},"author":4,"featured_media":13285,"comment_status":"open","ping_status":"closed","sticky":false,"template":"","format":"standard","meta":[],"categories":[4],"tags":[],"acf":[],"_links":{"self":[{"href":"http:\/\/www.pasadenahoy.com\/primero\/wp-json\/wp\/v2\/posts\/13284"}],"collection":[{"href":"http:\/\/www.pasadenahoy.com\/primero\/wp-json\/wp\/v2\/posts"}],"about":[{"href":"http:\/\/www.pasadenahoy.com\/primero\/wp-json\/wp\/v2\/types\/post"}],"author":[{"embeddable":true,"href":"http:\/\/www.pasadenahoy.com\/primero\/wp-json\/wp\/v2\/users\/4"}],"replies":[{"embeddable":true,"href":"http:\/\/www.pasadenahoy.com\/primero\/wp-json\/wp\/v2\/comments?post=13284"}],"version-history":[{"count":2,"href":"http:\/\/www.pasadenahoy.com\/primero\/wp-json\/wp\/v2\/posts\/13284\/revisions"}],"predecessor-version":[{"id":13287,"href":"http:\/\/www.pasadenahoy.com\/primero\/wp-json\/wp\/v2\/posts\/13284\/revisions\/13287"}],"wp:featuredmedia":[{"embeddable":true,"href":"http:\/\/www.pasadenahoy.com\/primero\/wp-json\/wp\/v2\/media\/13285"}],"wp:attachment":[{"href":"http:\/\/www.pasadenahoy.com\/primero\/wp-json\/wp\/v2\/media?parent=13284"}],"wp:term":[{"taxonomy":"category","embeddable":true,"href":"http:\/\/www.pasadenahoy.com\/primero\/wp-json\/wp\/v2\/categories?post=13284"},{"taxonomy":"post_tag","embeddable":true,"href":"http:\/\/www.pasadenahoy.com\/primero\/wp-json\/wp\/v2\/tags?post=13284"}],"curies":[{"name":"wp","href":"https:\/\/api.w.org\/{rel}","templated":true}]}}