{"id":13288,"date":"2021-12-22T14:10:39","date_gmt":"2021-12-22T14:10:39","guid":{"rendered":"http:\/\/www.pasadenahoy.com\/primero\/?p=13288"},"modified":"2021-12-22T14:10:43","modified_gmt":"2021-12-22T14:10:43","slug":"la-ciudad-de-pasadena-anuncia-cierres-y-recordatorios-de-navidad-y-ano-nuevo","status":"publish","type":"post","link":"http:\/\/www.pasadenahoy.com\/primero\/la-comunidad\/la-ciudad-de-pasadena-anuncia-cierres-y-recordatorios-de-navidad-y-ano-nuevo\/","title":{"rendered":"La ciudad de Pasadena anuncia cierres y recordatorios de Navidad y A\u00f1o Nuevo"},"content":{"rendered":"\n<figure class=\"wp-block-image alignnone size-large\"><figure class=\"alignnone\"><img loading=\"lazy\" width=\"700\" height=\"378\" src=\"http:\/\/www.pasadenahoy.com\/primero\/wp-content\/uploads\/2021\/12\/pic-3-11.jpg\" alt=\"\" class=\"wp-image-13289\" srcset=\"http:\/\/www.pasadenahoy.com\/primero\/wp-content\/uploads\/2021\/12\/pic-3-11.jpg 700w, http:\/\/www.pasadenahoy.com\/primero\/wp-content\/uploads\/2021\/12\/pic-3-11-300x162.jpg 300w, http:\/\/www.pasadenahoy.com\/primero\/wp-content\/uploads\/2021\/12\/pic-3-11-241x130.jpg 241w, http:\/\/www.pasadenahoy.com\/primero\/wp-content\/uploads\/2021\/12\/pic-3-11-333x180.jpg 333w, http:\/\/www.pasadenahoy.com\/primero\/wp-content\/uploads\/2021\/12\/pic-3-11-360x194.jpg 360w\" sizes=\"100vw\" \/><\/figure><\/figure>\n\n\n\n<p>Se recuerda a los residentes y negocios de Pasadena que el Ayuntamiento y la mayor\u00eda de los servicios de la Ciudad estar\u00e1n cerrados en Nochebuena, el viernes 24 de diciembre, y la v\u00edspera de A\u00f1o Nuevo, el viernes 31 de diciembre. A continuaci\u00f3n se indican cierres espec\u00edficos, excepciones y recordatorios.<\/p>\n\n\n\n<p>Los Departamentos de Polic\u00eda y Bomberos de Pasadena seguir\u00e1n contando con personal para todos los servicios de patrulla, c\u00e1rcel, bomberos, param\u00e9dicos y otros servicios de emergencia. Siempre llame al 9-1-1 en caso de emergencias que pongan en peligro la vida. Para casos que no sean emergencias, llame al (626) 744-4241. Si ves algo, di algo.&#8221; Reporte cualquier actividad sospechosa al Departamento de Polic\u00eda de Pasadena al (626) 744-4241.<\/p>\n\n\n\n<p>Los residentes y negocios de Pasadena con emergencias de energ\u00eda deben llamar al Departamento de Agua y Energ\u00eda (PWP) de Pasadena al (626) 744-4673. Para emergencias relacionadas con el agua, llame al (626) 744-4138. El Centro de llamadas de servicio al cliente de PWP estar\u00e1 cerrado el viernes 24 de diciembre. Los clientes pueden acceder a sus cuentas y realizar pagos a trav\u00e9s del sistema telef\u00f3nico automatizado al (626) 744-4005 o en l\u00ednea en www.PWPweb.com.<\/p>\n\n\n\n<p>El Centro de Servicio al Ciudadano de la Ciudad (CSC) tambi\u00e9n estar\u00e1 cerrado el viernes 24 de diciembre y el viernes 31 de diciembre. Puede comunicarse con el CSC a trav\u00e9s de la web o llamando al (626) 744-7311. Se controlar\u00e1n las solicitudes enviadas durante los fines de semana. La recolecci\u00f3n de basura de la ciudad ocurrir\u00e1 con normalidad.<\/p>\n\n\n\n<p>Los residentes pueden dejar sus \u00e1rboles de Navidad desde el domingo 26 de diciembre hasta el domingo 2 de enero para reciclarlos en Eaton Blanche Park (3100 E. Del Mar Blvd.) o Robinson Park (1081 N. Fair Oaks Ave.) entre las horas de 7 am y 2 pm Quite todos los soportes, adornos y luces antes de dejarlos. La recolecci\u00f3n del \u00e1rbol de Navidad en la acera se llevar\u00e1 a cabo del 3 al 14 de enero en el d\u00eda regular de recolecci\u00f3n de los residentes.<\/p>\n\n\n\n<p>El transporte de Pasadena Transit y Dial-A-Ride no funcionar\u00e1 el d\u00eda de Navidad, el 25 de diciembre, o el d\u00eda de A\u00f1o Nuevo, el 1 de enero. Las restricciones de estacionamiento durante la noche no se aplicar\u00e1n del 23 de diciembre al 3 de enero. Todos los parqu\u00edmetros ser\u00e1n gratuitos y los l\u00edmites de tiempo de estacionamiento no se aplicar\u00e1n el 25 de diciembre y el 1 de enero. Se aplicar\u00e1n todas las dem\u00e1s infracciones de estacionamiento, incluido el estacionamiento en la acera roja y el bloqueo de bocas de incendio.<\/p>\n\n\n\n<p>Todas las sucursales de la Biblioteca P\u00fablica de Pasadena estar\u00e1n cerradas el 24, 25 y 26 de diciembre. Las bibliotecas reabrir\u00e1n el lunes 27 de diciembre y permanecer\u00e1n abiertas hasta el jueves 30 de diciembre. Las bibliotecas reabrir\u00e1n el lunes 3 de enero.<\/p>\n\n\n\n<p>El Centro de Permisos de la Ciudad tambi\u00e9n estar\u00e1 cerrado del 23 al 24 de diciembre y del 30 al 31 de diciembre.<\/p>\n\n\n\n<p>Todos los parques estar\u00e1n abiertos para picnics, diversi\u00f3n y juego; sin embargo, no se aceptan reservas de sitios para las vacaciones.<\/p>\n\n\n\n<p>Siga las pautas de salud p\u00fablica para garantizar las vacaciones m\u00e1s seguras posibles.<\/p>\n\n\n\n<p>\u00a1Mant\u00e9ngase conectado con la ciudad de Pasadena! Vis\u00edtenos en l\u00ednea en<a href=\"https:\/\/www.cityofpasadena.net\/\"> www.cityofpasadena.net;<\/a> s\u00edganos en Twitter en <a href=\"https:\/\/twitter.com\/pasadenagov\">@PasadenaGov<\/a>, e <a href=\"https:\/\/www.instagram.com\/cityofpasadena\/\">Instagram<\/a> y <a href=\"https:\/\/www.facebook.com\/cityofpasadena\">Facebook<\/a> en @CityOfPasadena; o llame al Citizen Service Center de lunes a viernes durante el<a href=\"http:\/\/cityofpasadena.net\/CSC\"> horario comercial<\/a> al (626) 744-7311.<\/p>\n","protected":false},"excerpt":{"rendered":"<p>Se recuerda a los residentes y negocios de Pasadena que el Ayuntamiento y la mayor\u00eda de los servicios de la Ciudad estar\u00e1n cerrados en Nochebuena, el viernes 24 de diciembre, y la v\u00edspera de A\u00f1o Nuevo, el viernes 31 de diciembre. A continuaci\u00f3n se indican cierres espec\u00edficos, excepciones y recordatorios. Los Departamentos de Polic\u00eda y Bomberos de Pasadena seguir\u00e1n contando con personal para todos los servicios de patrulla, c\u00e1rcel, bomberos, param\u00e9dicos y otros servicios de emergencia. Siempre llame al 9-1-1 [&hellip;]<\/p>\n","protected":false},"author":4,"featured_media":13289,"comment_status":"open","ping_status":"closed","sticky":false,"template":"","format":"standard","meta":[],"categories":[4],"tags":[],"acf":[],"_links":{"self":[{"href":"http:\/\/www.pasadenahoy.com\/primero\/wp-json\/wp\/v2\/posts\/13288"}],"collection":[{"href":"http:\/\/www.pasadenahoy.com\/primero\/wp-json\/wp\/v2\/posts"}],"about":[{"href":"http:\/\/www.pasadenahoy.com\/primero\/wp-json\/wp\/v2\/types\/post"}],"author":[{"embeddable":true,"href":"http:\/\/www.pasadenahoy.com\/primero\/wp-json\/wp\/v2\/users\/4"}],"replies":[{"embeddable":true,"href":"http:\/\/www.pasadenahoy.com\/primero\/wp-json\/wp\/v2\/comments?post=13288"}],"version-history":[{"count":2,"href":"http:\/\/www.pasadenahoy.com\/primero\/wp-json\/wp\/v2\/posts\/13288\/revisions"}],"predecessor-version":[{"id":13291,"href":"http:\/\/www.pasadenahoy.com\/primero\/wp-json\/wp\/v2\/posts\/13288\/revisions\/13291"}],"wp:featuredmedia":[{"embeddable":true,"href":"http:\/\/www.pasadenahoy.com\/primero\/wp-json\/wp\/v2\/media\/13289"}],"wp:attachment":[{"href":"http:\/\/www.pasadenahoy.com\/primero\/wp-json\/wp\/v2\/media?parent=13288"}],"wp:term":[{"taxonomy":"category","embeddable":true,"href":"http:\/\/www.pasadenahoy.com\/primero\/wp-json\/wp\/v2\/categories?post=13288"},{"taxonomy":"post_tag","embeddable":true,"href":"http:\/\/www.pasadenahoy.com\/primero\/wp-json\/wp\/v2\/tags?post=13288"}],"curies":[{"name":"wp","href":"https:\/\/api.w.org\/{rel}","templated":true}]}}