{"id":13296,"date":"2021-12-22T14:22:04","date_gmt":"2021-12-22T14:22:04","guid":{"rendered":"http:\/\/www.pasadenahoy.com\/primero\/?p=13296"},"modified":"2021-12-22T14:22:06","modified_gmt":"2021-12-22T14:22:06","slug":"se-extendio-la-orden-de-no-quemar-para-gran-parte-de-southland-hasta-el-miercoles","status":"publish","type":"post","link":"http:\/\/www.pasadenahoy.com\/primero\/la-comunidad\/se-extendio-la-orden-de-no-quemar-para-gran-parte-de-southland-hasta-el-miercoles\/","title":{"rendered":"Se extendi\u00f3 la orden de no quemar para gran parte de Southland hasta el mi\u00e9rcoles"},"content":{"rendered":"\n<figure class=\"wp-block-image alignnone size-large\"><figure class=\"alignnone\"><img loading=\"lazy\" width=\"700\" height=\"379\" src=\"http:\/\/www.pasadenahoy.com\/primero\/wp-content\/uploads\/2021\/12\/pic-5-10.jpg\" alt=\"\" class=\"wp-image-13297\" srcset=\"http:\/\/www.pasadenahoy.com\/primero\/wp-content\/uploads\/2021\/12\/pic-5-10.jpg 700w, http:\/\/www.pasadenahoy.com\/primero\/wp-content\/uploads\/2021\/12\/pic-5-10-300x162.jpg 300w, http:\/\/www.pasadenahoy.com\/primero\/wp-content\/uploads\/2021\/12\/pic-5-10-240x130.jpg 240w, http:\/\/www.pasadenahoy.com\/primero\/wp-content\/uploads\/2021\/12\/pic-5-10-332x180.jpg 332w, http:\/\/www.pasadenahoy.com\/primero\/wp-content\/uploads\/2021\/12\/pic-5-10-360x195.jpg 360w\" sizes=\"100vw\" \/><\/figure><\/figure>\n\n\n\n<p>El Distrito de Gesti\u00f3n de la Calidad del Aire de la Costa Sur extendi\u00f3 hoy una prohibici\u00f3n obligatoria sobre la quema de madera en interiores y exteriores en gran parte de Southland hasta ma\u00f1ana por la noche debido a un pron\u00f3stico de alta contaminaci\u00f3n del aire en el \u00e1rea.<\/p>\n\n\n\n<p>La prohibici\u00f3n de quemar le\u00f1a residencial est\u00e1 vigente al menos hasta las 11:59 p.m. Mi\u00e9rcoles. Afecta a todos aquellos en la Cuenca del Aire de la Costa Sur, incluidas las partes no des\u00e9rticas de los condados de Los \u00c1ngeles, Riverside y San Bernardino y todo el condado de Orange.<\/p>\n\n\n\n<p>La orden no se aplica a las comunidades monta\u00f1osas por encima de los 3,000 pies, el Valle de Coachella o el desierto alto. Los hogares que dependen de la madera como \u00fanica fuente de calor, los hogares de bajos ingresos y los que no tienen servicio de gas natural tambi\u00e9n est\u00e1n exentos del requisito.<\/p>\n\n\n\n<p>La regla de no quemar proh\u00edbe quemar madera, as\u00ed como troncos de fuego manufacturados, como los hechos de cera o papel. Las chimeneas de gas y otras que no sean de le\u00f1a no est\u00e1n restringidas, dijo la SCAQMD.<\/p>\n\n\n\n<p>Las part\u00edculas finas del humo de le\u00f1a, tambi\u00e9n conocidas como part\u00edculas o PM2.5, pueden penetrar profundamente en los pulmones y causar problemas respiratorios como el asma.<\/p>\n\n\n\n<p>Los residentes pueden recibir notificaciones de d\u00edas sin quema al suscribirse a Air Alerts por correo electr\u00f3nico o mensaje de texto en <a href=\"http:\/\/www.airalerts.org\/\">www.AirAlerts.org.<\/a><\/p>\n","protected":false},"excerpt":{"rendered":"<p>El Distrito de Gesti\u00f3n de la Calidad del Aire de la Costa Sur extendi\u00f3 hoy una prohibici\u00f3n obligatoria sobre la quema de madera en interiores y exteriores en gran parte de Southland hasta ma\u00f1ana por la noche debido a un pron\u00f3stico de alta contaminaci\u00f3n del aire en el \u00e1rea. La prohibici\u00f3n de quemar le\u00f1a residencial est\u00e1 vigente al menos hasta las 11:59 p.m. Mi\u00e9rcoles. Afecta a todos aquellos en la Cuenca del Aire de la Costa Sur, incluidas las partes [&hellip;]<\/p>\n","protected":false},"author":4,"featured_media":0,"comment_status":"open","ping_status":"closed","sticky":false,"template":"","format":"standard","meta":[],"categories":[4],"tags":[],"acf":[],"_links":{"self":[{"href":"http:\/\/www.pasadenahoy.com\/primero\/wp-json\/wp\/v2\/posts\/13296"}],"collection":[{"href":"http:\/\/www.pasadenahoy.com\/primero\/wp-json\/wp\/v2\/posts"}],"about":[{"href":"http:\/\/www.pasadenahoy.com\/primero\/wp-json\/wp\/v2\/types\/post"}],"author":[{"embeddable":true,"href":"http:\/\/www.pasadenahoy.com\/primero\/wp-json\/wp\/v2\/users\/4"}],"replies":[{"embeddable":true,"href":"http:\/\/www.pasadenahoy.com\/primero\/wp-json\/wp\/v2\/comments?post=13296"}],"version-history":[{"count":2,"href":"http:\/\/www.pasadenahoy.com\/primero\/wp-json\/wp\/v2\/posts\/13296\/revisions"}],"predecessor-version":[{"id":13299,"href":"http:\/\/www.pasadenahoy.com\/primero\/wp-json\/wp\/v2\/posts\/13296\/revisions\/13299"}],"wp:attachment":[{"href":"http:\/\/www.pasadenahoy.com\/primero\/wp-json\/wp\/v2\/media?parent=13296"}],"wp:term":[{"taxonomy":"category","embeddable":true,"href":"http:\/\/www.pasadenahoy.com\/primero\/wp-json\/wp\/v2\/categories?post=13296"},{"taxonomy":"post_tag","embeddable":true,"href":"http:\/\/www.pasadenahoy.com\/primero\/wp-json\/wp\/v2\/tags?post=13296"}],"curies":[{"name":"wp","href":"https:\/\/api.w.org\/{rel}","templated":true}]}}