{"id":13307,"date":"2021-12-23T13:55:29","date_gmt":"2021-12-23T13:55:29","guid":{"rendered":"http:\/\/www.pasadenahoy.com\/primero\/?p=13307"},"modified":"2021-12-23T13:55:31","modified_gmt":"2021-12-23T13:55:31","slug":"asombrosamente-rapido-los-numeros-de-covid-del-condado-de-los-angeles-se-disparan-en-medio-de-una-oleada-de-micrones","status":"publish","type":"post","link":"http:\/\/www.pasadenahoy.com\/primero\/la-comunidad\/asombrosamente-rapido-los-numeros-de-covid-del-condado-de-los-angeles-se-disparan-en-medio-de-una-oleada-de-micrones\/","title":{"rendered":"&#8220;Asombrosamente r\u00e1pido&#8221;: Los n\u00fameros de COVID del condado de Los \u00c1ngeles se disparan en medio de una oleada de micrones"},"content":{"rendered":"\n<figure class=\"wp-block-image alignnone size-large\"><figure class=\"alignnone\"><img loading=\"lazy\" width=\"700\" height=\"378\" src=\"http:\/\/www.pasadenahoy.com\/primero\/wp-content\/uploads\/2021\/12\/pic-1-10.jpg\" alt=\"\" class=\"wp-image-13308\" srcset=\"http:\/\/www.pasadenahoy.com\/primero\/wp-content\/uploads\/2021\/12\/pic-1-10.jpg 700w, http:\/\/www.pasadenahoy.com\/primero\/wp-content\/uploads\/2021\/12\/pic-1-10-300x162.jpg 300w, http:\/\/www.pasadenahoy.com\/primero\/wp-content\/uploads\/2021\/12\/pic-1-10-241x130.jpg 241w, http:\/\/www.pasadenahoy.com\/primero\/wp-content\/uploads\/2021\/12\/pic-1-10-333x180.jpg 333w, http:\/\/www.pasadenahoy.com\/primero\/wp-content\/uploads\/2021\/12\/pic-1-10-360x194.jpg 360w\" sizes=\"100vw\" \/><\/figure><\/figure>\n\n\n\n<p>El condado de Los \u00c1ngeles inform\u00f3 hoy m\u00e1s de 6.500 nuevas infecciones por COVID-19, m\u00e1s del doble que el martes y marca lo que el director de salud p\u00fablica llam\u00f3 un pico &#8220;asombrosamente r\u00e1pido&#8221; que podr\u00eda llevar a que las cifras diarias superen las 20.000 para fin de a\u00f1o, la m\u00e1s alta todav\u00eda de la pandemia.<\/p>\n\n\n\n<p>La directora de Salud P\u00fablica, Barbara Ferrer, dijo que el n\u00famero llamativo de 6.509 nuevas infecciones por COVID el mi\u00e9rcoles marc\u00f3 &#8220;uno de los aumentos m\u00e1s pronunciados que hemos visto en el transcurso de la pandemia&#8221;.<\/p>\n\n\n\n<p>Ferrer tambi\u00e9n inform\u00f3 un fuerte aumento en la tasa promedio diaria de personas que dieron positivo por el virus, con una cifra que alcanz\u00f3 el 4,5% a partir del mi\u00e9rcoles, m\u00e1s del doble de la tasa de 1,9% de hace una semana.<\/p>\n\n\n\n<p>Tambi\u00e9n anunci\u00f3 otros 162 casos confirmados de la variante COVID-19 Omicron identificados a trav\u00e9s de la secuenciaci\u00f3n especial necesaria para identificar diferentes cepas del virus, lo que eleva el total a 264. Ferrer dijo que el aumento muestra que la variante altamente transmisible se est\u00e1 convirtiendo r\u00e1pidamente en la cepa dominante del virus. virus que alimenta el actual aumento de casos. Dado que el condado solo realiza la secuenciaci\u00f3n en una fracci\u00f3n de las pruebas COVID positivas, el n\u00famero real de infecciones por Omicron en el condado es f\u00e1cilmente mucho mayor.<\/p>\n\n\n\n<p>&#8220;Estos n\u00fameros dejan en claro que nos dirigimos a un momento muy desafiante durante las vacaciones&#8221;, dijo Ferrer durante una conferencia de prensa en l\u00ednea. &#8220;Si nuestro n\u00famero de casos sigue aumentando a un ritmo r\u00e1pido durante esta semana y la pr\u00f3xima, podr\u00edamos estar viendo n\u00fameros de casos que nunca antes hab\u00edamos visto, m\u00e1s de 20.000 casos al d\u00eda para fin de a\u00f1o&#8221;.<\/p>\n\n\n\n<p>Si hubo alguna buena noticia en el informe, fue que las cifras de hospitalizaciones y muertes a\u00fan no han experimentado un aumento correspondiente, pero Ferrer se\u00f1al\u00f3 que esas estad\u00edsticas son &#8220;indicadores rezagados, porque la mayor\u00eda de las personas no experimentan enfermedades graves hasta unos pocos a\u00f1os despu\u00e9s&#8221;. d\u00edas despu\u00e9s de dar positivo &#8220;.<\/p>\n\n\n\n<p>Dijo que las enfermedades graves y las hospitalizaciones ocurrir\u00e1n principalmente entre los no vacunados y podr\u00edan abrumar f\u00e1cilmente los sistemas hospitalarios que enfrentan m\u00e1s problemas de personal que durante el aumento de COVID del invierno pasado.<\/p>\n\n\n\n<p>\u201cComo puede ver, en los \u00faltimos d\u00edas, los casos reportados han aumentado considerablemente\u201d, dijo. \u201cMientras tanto, nuestras hospitalizaciones se mantienen relativamente estables. Este aumento asombrosamente r\u00e1pido y la tensi\u00f3n del sistema de atenci\u00f3n m\u00e9dica que ha seguido aumentos igualmente abruptos en otras partes del mundo es la causa de nuestra alarma &#8220;.<\/p>\n\n\n\n<p>Los 6,509 nuevos casos confirmados el mi\u00e9rcoles elevaron el total acumulado de pandemias del condado a 1,576,702. El condado tambi\u00e9n inform\u00f3 16 muertes m\u00e1s por COVID, para un total de 27,488.<\/p>\n\n\n\n<p>Seg\u00fan cifras estatales, hab\u00eda 770 pacientes positivos para COVID-19 en los hospitales del condado hasta el mi\u00e9rcoles, frente a los 748 del martes. De esos pacientes, 166 estaban en cuidados intensivos, frente a los 174 del d\u00eda anterior.<\/p>\n\n\n\n<p>Hasta el domingo, el 78% de los residentes elegibles del condado de 5 a\u00f1os en adelante hab\u00edan recibido al menos una dosis de la vacuna y el 70% estaban completamente vacunados. Del total de 10,3 millones de residentes del condado, el 74% ha recibido al menos una dosis y el 66% est\u00e1 completamente vacunado.<\/p>\n\n\n\n<p>Los residentes negros contin\u00faan teniendo la tasa de vacunaci\u00f3n m\u00e1s baja en general, con solo el 56% con al menos una dosis. Entre los residentes latinos, la tasa es del 62%, en comparaci\u00f3n con el 75% de los residentes blancos y el 84% de los asi\u00e1ticos.<\/p>\n\n\n\n<p>Ferrer dijo que los n\u00fameros bajos, particularmente entre los j\u00f3venes residentes negros y latinos, son particularmente inquietantes. Tambi\u00e9n not\u00f3 una ca\u00edda en el n\u00famero de ni\u00f1os de 5 a 11 a\u00f1os que recibieron las primeras dosis de la vacuna durante la semana pasada.<\/p>\n\n\n\n<p>Ferrer dijo que &#8220;no es lo que esper\u00e1bamos&#8221; entrar en un momento &#8220;en el que los ni\u00f1os no van a la escuela y se re\u00fanen con otros&#8221;.<\/p>\n\n\n\n<p>Hizo hincapi\u00e9 en la necesidad de que m\u00e1s personas se vacunen y reciban inyecciones de refuerzo, adem\u00e1s de cumplir con los requisitos de enmascaramiento y tomar precauciones adicionales durante las reuniones festivas.<\/p>\n\n\n\n<p>&#8220;S\u00e9 que todos estamos agotados y agotados por esta pandemia de larga duraci\u00f3n&#8221;, dijo. \u201cPero vamos a necesitar encontrar nuestras reservas y ser realistas sobre lo que se necesitar\u00e1 para superar el \u00faltimo desaf\u00edo mientras celebramos la Navidad, Kwanza y el a\u00f1o nuevo. Por favor, busque formas de celebrar con la mayor seguridad posible &#8220;.<\/p>\n\n\n\n<p>Ferrer dijo que el condado no est\u00e1 considerando de inmediato un regreso al bloqueo u otras restricciones severas a la actividad p\u00fablica, pero depender\u00e1 de las acciones que tomen los residentes para frenar la propagaci\u00f3n del virus.<\/p>\n\n\n\n<p>&#8220;Siempre he sido transparente y honesta en que con una variante como Omicron y potencialmente otras variantes que podr\u00edan suceder en el futuro, todas las opciones deben estar sobre la mesa&#8221;, dijo. &#8220;Todas las herramientas que tenemos deben estar disponibles para que podamos proteger la vida y el sustento de las personas y \u2026 evitar abrumar el sistema hospitalario&#8221;.<\/p>\n\n\n\n<p>\u201c\u2026 Creo que si todos podemos hacer esto, todos nosotros, cada persona, nos comprometemos a celebrar con la mayor seguridad posible, lo que puede significar que est\u00e1s cambiando algunos de tus planes, estaremos bien, &#8221; ella dijo.<\/p>\n","protected":false},"excerpt":{"rendered":"<p>El condado de Los \u00c1ngeles inform\u00f3 hoy m\u00e1s de 6.500 nuevas infecciones por COVID-19, m\u00e1s del doble que el martes y marca lo que el director de salud p\u00fablica llam\u00f3 un pico &#8220;asombrosamente r\u00e1pido&#8221; que podr\u00eda llevar a que las cifras diarias superen las 20.000 para fin de a\u00f1o, la m\u00e1s alta todav\u00eda de la pandemia. La directora de Salud P\u00fablica, Barbara Ferrer, dijo que el n\u00famero llamativo de 6.509 nuevas infecciones por COVID el mi\u00e9rcoles marc\u00f3 &#8220;uno de los [&hellip;]<\/p>\n","protected":false},"author":4,"featured_media":13308,"comment_status":"open","ping_status":"closed","sticky":false,"template":"","format":"standard","meta":[],"categories":[4],"tags":[],"acf":[],"_links":{"self":[{"href":"http:\/\/www.pasadenahoy.com\/primero\/wp-json\/wp\/v2\/posts\/13307"}],"collection":[{"href":"http:\/\/www.pasadenahoy.com\/primero\/wp-json\/wp\/v2\/posts"}],"about":[{"href":"http:\/\/www.pasadenahoy.com\/primero\/wp-json\/wp\/v2\/types\/post"}],"author":[{"embeddable":true,"href":"http:\/\/www.pasadenahoy.com\/primero\/wp-json\/wp\/v2\/users\/4"}],"replies":[{"embeddable":true,"href":"http:\/\/www.pasadenahoy.com\/primero\/wp-json\/wp\/v2\/comments?post=13307"}],"version-history":[{"count":2,"href":"http:\/\/www.pasadenahoy.com\/primero\/wp-json\/wp\/v2\/posts\/13307\/revisions"}],"predecessor-version":[{"id":13310,"href":"http:\/\/www.pasadenahoy.com\/primero\/wp-json\/wp\/v2\/posts\/13307\/revisions\/13310"}],"wp:featuredmedia":[{"embeddable":true,"href":"http:\/\/www.pasadenahoy.com\/primero\/wp-json\/wp\/v2\/media\/13308"}],"wp:attachment":[{"href":"http:\/\/www.pasadenahoy.com\/primero\/wp-json\/wp\/v2\/media?parent=13307"}],"wp:term":[{"taxonomy":"category","embeddable":true,"href":"http:\/\/www.pasadenahoy.com\/primero\/wp-json\/wp\/v2\/categories?post=13307"},{"taxonomy":"post_tag","embeddable":true,"href":"http:\/\/www.pasadenahoy.com\/primero\/wp-json\/wp\/v2\/tags?post=13307"}],"curies":[{"name":"wp","href":"https:\/\/api.w.org\/{rel}","templated":true}]}}