{"id":13311,"date":"2021-12-23T14:05:44","date_gmt":"2021-12-23T14:05:44","guid":{"rendered":"http:\/\/www.pasadenahoy.com\/primero\/?p=13311"},"modified":"2021-12-23T14:05:47","modified_gmt":"2021-12-23T14:05:47","slug":"la-ciudad-reporta-82-nuevos-casos-de-covid-19-el-martes-en-retroceso-a-un-gran-recuento-diario-no-visto-durante-casi-un-ano","status":"publish","type":"post","link":"http:\/\/www.pasadenahoy.com\/primero\/la-comunidad\/la-ciudad-reporta-82-nuevos-casos-de-covid-19-el-martes-en-retroceso-a-un-gran-recuento-diario-no-visto-durante-casi-un-ano\/","title":{"rendered":"La ciudad reporta 82 nuevos casos de COVID-19 el martes en retroceso a un gran recuento diario no visto durante casi un a\u00f1o"},"content":{"rendered":"\n<figure class=\"wp-block-image alignnone size-large\"><figure class=\"alignnone\"><img loading=\"lazy\" width=\"700\" height=\"378\" src=\"http:\/\/www.pasadenahoy.com\/primero\/wp-content\/uploads\/2021\/12\/pic-2-13.jpg\" alt=\"\" class=\"wp-image-13312\" srcset=\"http:\/\/www.pasadenahoy.com\/primero\/wp-content\/uploads\/2021\/12\/pic-2-13.jpg 700w, http:\/\/www.pasadenahoy.com\/primero\/wp-content\/uploads\/2021\/12\/pic-2-13-300x162.jpg 300w, http:\/\/www.pasadenahoy.com\/primero\/wp-content\/uploads\/2021\/12\/pic-2-13-241x130.jpg 241w, http:\/\/www.pasadenahoy.com\/primero\/wp-content\/uploads\/2021\/12\/pic-2-13-333x180.jpg 333w, http:\/\/www.pasadenahoy.com\/primero\/wp-content\/uploads\/2021\/12\/pic-2-13-360x194.jpg 360w\" sizes=\"100vw\" \/><\/figure><\/figure>\n\n\n\n<p>Con una marea creciente de nuevas infecciones por coronavirus que se extienden por todo Estados Unidos, un funcionario en Pasadena inform\u00f3 el martes un aumento en el n\u00famero de casos diarios locales a un nivel no visto desde fines de enero.<\/p>\n\n\n\n<p>\u201cHubo 82 casos. Esto incluye 75 nuevos casos confirmados, 7 nuevos casos probables y 4 casos probables m\u00e1s antiguos que se convirtieron en confirmados \u201d, dijo la portavoz de la ciudad Lisa Derderian.<\/p>\n\n\n\n<p>La \u00faltima vez que Pasadena tuvo un recuento diario de casos en este rango fue el 25 de enero de 2021, seg\u00fan el panel COVID -19 de la ciudad.<\/p>\n\n\n\n<p>El promedio de 7 d\u00edas de Pasadena al martes era 42,4, dijo Derderian.<\/p>\n\n\n\n<p>Tambi\u00e9n inform\u00f3 que un hombre latino no vacunado de unos 60 a\u00f1os que resid\u00eda en Pasadena muri\u00f3 por causas relacionadas con el COVID-19. Esto elev\u00f3 el n\u00famero de muertos en Pasadena por la pandemia a 370 residentes.<\/p>\n\n\n\n<p>Seg\u00fan cifras estatales, hab\u00eda 748 pacientes COVID positivos en los hospitales del condado de Los \u00c1ngeles hasta el martes, frente a los 741 del lunes. De esos pacientes, 174 estaban siendo tratados en cuidados intensivos, frente a los 172 del d\u00eda anterior.<\/p>\n\n\n\n<p>El n\u00famero de casos de variantes de Omicron identificados en el condado aument\u00f3 por encima de 100 el martes, mientras que el n\u00famero diario de infecciones confirmadas recientemente en el condado super\u00f3 las 3,000 por quinto d\u00eda consecutivo.<\/p>\n\n\n\n<p>El condado inform\u00f3 3,052 casos nuevos, lo que elev\u00f3 el total acumulado de toda la pandemia a 1,570,230. Tambi\u00e9n se confirmaron otras 25 muertes relacionadas con el virus, para un total pand\u00e9mico de 27.473.<\/p>\n\n\n\n<p>Las empresas y organizaciones locales est\u00e1n analizando detenidamente los planes de Nochevieja a la luz del aumento.<\/p>\n\n\n\n<p>La Biblioteca Huntington anunci\u00f3 el lunes que cancelar\u00eda sus festividades pares de A\u00f1o Nuevo debido a las crecientes preocupaciones en torno al COVID-19. La cancelaci\u00f3n fue una &#8220;noticia desgarradora&#8221;, dijo un portavoz, porque los artistas destacados &#8220;hab\u00edan trabajado incansablemente para crear una celebraci\u00f3n musical brillante que unir\u00eda a la gente y nos enviar\u00eda al 2022 con una nota alta&#8221;.<\/p>\n\n\n\n<p>En Los \u00c1ngeles, varios eventos p\u00fablicos a gran escala, como la celebraci\u00f3n de la v\u00edspera de A\u00f1o Nuevo en Grand Park en el centro de Los \u00c1ngeles y la 62a celebraci\u00f3n anual de vacaciones en Los \u00c1ngeles, fueron cancelados o reducidos para eliminar las audiencias en vivo.<\/p>\n\n\n\n<p>Ning\u00fan plan ha cambiado con respecto al Rose Parade o el Rose Bowl Game.<\/p>\n\n\n\n<p>El Torneo de las Rosas dijo en un comunicado el martes por la ma\u00f1ana que los planes para el desfile y el juego a\u00fan est\u00e1n en marcha.<\/p>\n\n\n\n<p>&#8220;En el momento actual, esperamos que el Desfile de las Rosas y el Juego del Rose Bowl se celebren seg\u00fan lo programado el d\u00eda de A\u00f1o Nuevo de 2022 en la hermosa Pasadena, California&#8221;, dijo el comunicado.<\/p>\n\n\n\n<p>El Torneo est\u00e1 monitoreando muy de cerca las crecientes tasas de infecci\u00f3n por COVID-19, seg\u00fan el comunicado.<\/p>\n\n\n\n<p>Los oficiales del torneo dijeron que la salud y el bienestar de los participantes e invitados del desfile, as\u00ed como el de los miembros voluntarios, el personal profesional y los socios, &#8220;sigue siendo nuestra prioridad n\u00famero uno&#8221;.<\/p>\n","protected":false},"excerpt":{"rendered":"<p>Con una marea creciente de nuevas infecciones por coronavirus que se extienden por todo Estados Unidos, un funcionario en Pasadena inform\u00f3 el martes un aumento en el n\u00famero de casos diarios locales a un nivel no visto desde fines de enero. \u201cHubo 82 casos. Esto incluye 75 nuevos casos confirmados, 7 nuevos casos probables y 4 casos probables m\u00e1s antiguos que se convirtieron en confirmados \u201d, dijo la portavoz de la ciudad Lisa Derderian. La \u00faltima vez que Pasadena tuvo [&hellip;]<\/p>\n","protected":false},"author":4,"featured_media":13312,"comment_status":"open","ping_status":"closed","sticky":false,"template":"","format":"standard","meta":[],"categories":[4],"tags":[],"acf":[],"_links":{"self":[{"href":"http:\/\/www.pasadenahoy.com\/primero\/wp-json\/wp\/v2\/posts\/13311"}],"collection":[{"href":"http:\/\/www.pasadenahoy.com\/primero\/wp-json\/wp\/v2\/posts"}],"about":[{"href":"http:\/\/www.pasadenahoy.com\/primero\/wp-json\/wp\/v2\/types\/post"}],"author":[{"embeddable":true,"href":"http:\/\/www.pasadenahoy.com\/primero\/wp-json\/wp\/v2\/users\/4"}],"replies":[{"embeddable":true,"href":"http:\/\/www.pasadenahoy.com\/primero\/wp-json\/wp\/v2\/comments?post=13311"}],"version-history":[{"count":2,"href":"http:\/\/www.pasadenahoy.com\/primero\/wp-json\/wp\/v2\/posts\/13311\/revisions"}],"predecessor-version":[{"id":13314,"href":"http:\/\/www.pasadenahoy.com\/primero\/wp-json\/wp\/v2\/posts\/13311\/revisions\/13314"}],"wp:featuredmedia":[{"embeddable":true,"href":"http:\/\/www.pasadenahoy.com\/primero\/wp-json\/wp\/v2\/media\/13312"}],"wp:attachment":[{"href":"http:\/\/www.pasadenahoy.com\/primero\/wp-json\/wp\/v2\/media?parent=13311"}],"wp:term":[{"taxonomy":"category","embeddable":true,"href":"http:\/\/www.pasadenahoy.com\/primero\/wp-json\/wp\/v2\/categories?post=13311"},{"taxonomy":"post_tag","embeddable":true,"href":"http:\/\/www.pasadenahoy.com\/primero\/wp-json\/wp\/v2\/tags?post=13311"}],"curies":[{"name":"wp","href":"https:\/\/api.w.org\/{rel}","templated":true}]}}