{"id":13315,"date":"2021-12-23T14:10:34","date_gmt":"2021-12-23T14:10:34","guid":{"rendered":"http:\/\/www.pasadenahoy.com\/primero\/?p=13315"},"modified":"2021-12-23T14:10:36","modified_gmt":"2021-12-23T14:10:36","slug":"newsom-el-estado-enviara-pruebas-covid-para-llevar-a-casa-a-los-estudiantes-del-distrito-unificado-de-pasadena","status":"publish","type":"post","link":"http:\/\/www.pasadenahoy.com\/primero\/la-comunidad\/newsom-el-estado-enviara-pruebas-covid-para-llevar-a-casa-a-los-estudiantes-del-distrito-unificado-de-pasadena\/","title":{"rendered":"Newsom: El estado enviar\u00e1 pruebas COVID para llevar a casa a los estudiantes del Distrito Unificado de Pasadena"},"content":{"rendered":"\n<figure class=\"wp-block-image alignnone size-large\"><figure class=\"alignnone\"><img loading=\"lazy\" width=\"700\" height=\"378\" src=\"http:\/\/www.pasadenahoy.com\/primero\/wp-content\/uploads\/2021\/12\/copyright-free-COVID-19-Vaccination-1-700x378-1.jpg\" alt=\"\" class=\"wp-image-13316\" srcset=\"http:\/\/www.pasadenahoy.com\/primero\/wp-content\/uploads\/2021\/12\/copyright-free-COVID-19-Vaccination-1-700x378-1.jpg 700w, http:\/\/www.pasadenahoy.com\/primero\/wp-content\/uploads\/2021\/12\/copyright-free-COVID-19-Vaccination-1-700x378-1-300x162.jpg 300w, http:\/\/www.pasadenahoy.com\/primero\/wp-content\/uploads\/2021\/12\/copyright-free-COVID-19-Vaccination-1-700x378-1-241x130.jpg 241w, http:\/\/www.pasadenahoy.com\/primero\/wp-content\/uploads\/2021\/12\/copyright-free-COVID-19-Vaccination-1-700x378-1-333x180.jpg 333w, http:\/\/www.pasadenahoy.com\/primero\/wp-content\/uploads\/2021\/12\/copyright-free-COVID-19-Vaccination-1-700x378-1-360x194.jpg 360w\" sizes=\"100vw\" \/><\/figure><\/figure>\n\n\n\n<p>Los estudiantes del Distrito Escolar Unificado de Pasadena y otros ni\u00f1os en edad escolar en todo California recibir\u00e1n uno o dos kits de prueba COVID-19 para llevar a casa del estado como parte de un esfuerzo para garantizar que est\u00e9n libres de virus cuando regresen a clases despu\u00e9s de las vacaciones de invierno. El gobernador Gavin Newsom dijo hoy.<\/p>\n\n\n\n<p>Newsom dijo que el estado ha adquirido 6 millones de pruebas que se distribuir\u00e1n en California para ser entregadas a los estudiantes de K-12.<\/p>\n\n\n\n<p>\u201cDespu\u00e9s de que nuestros hijos hayan disfrutado de las vacaciones con familiares y amigos, esperamos que con seguridad, viajando en muchos casos, queremos asegurarnos de que regresen en tan buena forma como se fueron\u201d, dijo Newsom. &#8220;Lo que significa que queremos asegurarnos de poner a prueba a nuestros hijos y prepararlos para que regresen (para) recibir instrucci\u00f3n en persona&#8221;.<\/p>\n\n\n\n<p>Dijo que las pruebas permitir\u00e1n a los estudiantes &#8220;recuperar esos resultados r\u00e1pidamente y asegurarse de que cuando regresen en persona lo est\u00e9n haciendo de manera segura, sabiendo que no han contra\u00eddo la enfermedad durante las vacaciones&#8221;.<\/p>\n\n\n\n<p>El gobernador dijo que mantener abiertas las escuelas es la principal prioridad del estado.<\/p>\n\n\n\n<p>Su oficina emiti\u00f3 una declaraci\u00f3n el mi\u00e9rcoles por la ma\u00f1ana emitida conjuntamente por varios grupos laborales de educaci\u00f3n: la Asociaci\u00f3n de Padres y Maestros del Estado de California, la Asociaci\u00f3n de Maestros de California, la Federaci\u00f3n de Maestros de California, la Asociaci\u00f3n de Empleados Escolares de California, SEIU California, la Asociaci\u00f3n de Administradores Escolares de California, los Superintendentes de Servicios Educativos del Condado de California. Asociaci\u00f3n, la Asociaci\u00f3n de Juntas Directivas Escolares de California y la Asociaci\u00f3n de Escuelas Aut\u00f3nomas de California &#8211; respaldan los esfuerzos para retener la instrucci\u00f3n en persona.<\/p>\n\n\n\n<p>&#8220;En todo California, las comunidades escolares (estudiantes, padres, maestros, personal, administradores y miembros de la junta) han trabajado incansablemente para mantener las escuelas seguras y en persona&#8221;, seg\u00fan el comunicado. \u201cLas escuelas de California han estado abiertas debido a, no a pesar de, nuestra prioridad en la seguridad. A medida que nos acercamos al nuevo a\u00f1o, reafirmamos nuestro compromiso compartido unos con otros, con nuestros padres y con nuestros estudiantes: mantenernos seguros unos a otros y mantener nuestras aulas abiertas &#8220;.<\/p>\n","protected":false},"excerpt":{"rendered":"<p>Los estudiantes del Distrito Escolar Unificado de Pasadena y otros ni\u00f1os en edad escolar en todo California recibir\u00e1n uno o dos kits de prueba COVID-19 para llevar a casa del estado como parte de un esfuerzo para garantizar que est\u00e9n libres de virus cuando regresen a clases despu\u00e9s de las vacaciones de invierno. El gobernador Gavin Newsom dijo hoy. Newsom dijo que el estado ha adquirido 6 millones de pruebas que se distribuir\u00e1n en California para ser entregadas a los [&hellip;]<\/p>\n","protected":false},"author":4,"featured_media":13316,"comment_status":"open","ping_status":"closed","sticky":false,"template":"","format":"standard","meta":[],"categories":[4],"tags":[],"acf":[],"_links":{"self":[{"href":"http:\/\/www.pasadenahoy.com\/primero\/wp-json\/wp\/v2\/posts\/13315"}],"collection":[{"href":"http:\/\/www.pasadenahoy.com\/primero\/wp-json\/wp\/v2\/posts"}],"about":[{"href":"http:\/\/www.pasadenahoy.com\/primero\/wp-json\/wp\/v2\/types\/post"}],"author":[{"embeddable":true,"href":"http:\/\/www.pasadenahoy.com\/primero\/wp-json\/wp\/v2\/users\/4"}],"replies":[{"embeddable":true,"href":"http:\/\/www.pasadenahoy.com\/primero\/wp-json\/wp\/v2\/comments?post=13315"}],"version-history":[{"count":2,"href":"http:\/\/www.pasadenahoy.com\/primero\/wp-json\/wp\/v2\/posts\/13315\/revisions"}],"predecessor-version":[{"id":13318,"href":"http:\/\/www.pasadenahoy.com\/primero\/wp-json\/wp\/v2\/posts\/13315\/revisions\/13318"}],"wp:featuredmedia":[{"embeddable":true,"href":"http:\/\/www.pasadenahoy.com\/primero\/wp-json\/wp\/v2\/media\/13316"}],"wp:attachment":[{"href":"http:\/\/www.pasadenahoy.com\/primero\/wp-json\/wp\/v2\/media?parent=13315"}],"wp:term":[{"taxonomy":"category","embeddable":true,"href":"http:\/\/www.pasadenahoy.com\/primero\/wp-json\/wp\/v2\/categories?post=13315"},{"taxonomy":"post_tag","embeddable":true,"href":"http:\/\/www.pasadenahoy.com\/primero\/wp-json\/wp\/v2\/tags?post=13315"}],"curies":[{"name":"wp","href":"https:\/\/api.w.org\/{rel}","templated":true}]}}