{"id":13319,"date":"2021-12-23T14:14:52","date_gmt":"2021-12-23T14:14:52","guid":{"rendered":"http:\/\/www.pasadenahoy.com\/primero\/?p=13319"},"modified":"2021-12-23T14:14:54","modified_gmt":"2021-12-23T14:14:54","slug":"ex-director-ejecutivo-del-distrito-de-agua-metropolitano-nombrado-director-general-interino-de-agua-y-energia","status":"publish","type":"post","link":"http:\/\/www.pasadenahoy.com\/primero\/la-comunidad\/ex-director-ejecutivo-del-distrito-de-agua-metropolitano-nombrado-director-general-interino-de-agua-y-energia\/","title":{"rendered":"Ex director ejecutivo del Distrito de Agua Metropolitano, nombrado director general interino de agua y energ\u00eda"},"content":{"rendered":"\n<div class=\"wp-block-image alignright\"><figure class=\"alignright size-large\"><img loading=\"lazy\" width=\"336\" height=\"300\" src=\"http:\/\/www.pasadenahoy.com\/primero\/wp-content\/uploads\/2021\/12\/pic-4-5.png\" alt=\"\" class=\"wp-image-13320\" srcset=\"http:\/\/www.pasadenahoy.com\/primero\/wp-content\/uploads\/2021\/12\/pic-4-5.png 336w, http:\/\/www.pasadenahoy.com\/primero\/wp-content\/uploads\/2021\/12\/pic-4-5-300x268.png 300w, http:\/\/www.pasadenahoy.com\/primero\/wp-content\/uploads\/2021\/12\/pic-4-5-146x130.png 146w, http:\/\/www.pasadenahoy.com\/primero\/wp-content\/uploads\/2021\/12\/pic-4-5-202x180.png 202w\" sizes=\"100vw\" \/><figcaption><span class=\"caption-text\">Jeff Kightlinger, gerente general desde hace mucho tiempo del Distrito Metropolitano de Agua del Sur de California. (Fuente: Distrito Metropolitano de Agua del Sur de California)<\/span><\/figcaption><\/figure><\/div>\n\n\n\n<p>La administradora interina de la ciudad, Cynthia Kurtz, nombr\u00f3 a Jeffrey Kightlinger como gerente general interino de Pasadena Water and Power. Gurcharan Bawa se retira del cargo la pr\u00f3xima semana despu\u00e9s de servir a la ciudad de Pasadena durante casi 30 a\u00f1os.<\/p>\n\n\n\n<p>\u201cTenemos la suerte de que Jeffrey nos ayude mientras analizamos el proceso de contrataci\u00f3n de un gerente general permanente para Pasadena Water and Power. Estamos atravesando tiempos dif\u00edciles con la sequ\u00eda, la escasez de agua y la necesidad de inversi\u00f3n en infraestructura. El liderazgo y la experiencia de Jeffrey ser\u00e1n muy beneficiosos, especialmente para nuestras prioridades inmediatas \u201d, dijo Kurtz.<\/p>\n\n\n\n<p>Kightlinger fue el Director Ejecutivo del Distrito Metropolitano de Agua del Sur de California de 2006 a 2021.<\/p>\n\n\n\n<p>Kightlinger fue el director ejecutivo m\u00e1s antiguo en la historia de Metropolitan. Como director ejecutivo, supervis\u00f3 el presupuesto anual de 1.800 millones de d\u00f3lares y los 1.800 empleados de Metropolitan. Tambi\u00e9n fue responsable de las operaciones diarias de agua y energ\u00eda de Metropolitan y negoci\u00f3 acuerdos estrat\u00e9gicos sobre el r\u00edo Colorado, la renovaci\u00f3n de 50 a\u00f1os de la energ\u00eda hidroel\u00e9ctrica de la presa Hoover y sobre las operaciones del Proyecto de Agua del Estado. Antes de convertirse en director ejecutivo, Kightlinger fue director legal de Metropolitan y un conocido experto en leyes de aguas y las leyes del r\u00edo Colorado.<\/p>\n\n\n\n<p>El Distrito Metropolitano de Agua es el proveedor de agua municipal m\u00e1s grande de la naci\u00f3n y entrega un promedio de m\u00e1s de 2 mil millones de galones de agua al d\u00eda a 19 millones de residentes en el sur de California. Metropolitan tambi\u00e9n financia proyectos locales de conservaci\u00f3n y agua reciclada para garantizar la confiabilidad del agua en la regi\u00f3n.<\/p>\n\n\n\n<p>Kightlinger tiene una licenciatura de la Universidad de California en Berkeley y una licenciatura en derecho de la Universidad de Santa Clara. Ha formado parte de varias juntas directivas, incluidas la Fundaci\u00f3n Coro, la Escuela de Pol\u00edticas P\u00fablicas Price de la USC, la Junta Asesora de Sostenibilidad de la UCLA, la Reserva de Acci\u00f3n Clim\u00e1tica, la Fundaci\u00f3n de California para el Medio Ambiente y la Econom\u00eda, el Consejo de Desarrollo Econ\u00f3mico de Los \u00c1ngeles y el C\u00e1mara de Comercio de Los \u00c1ngeles, entre otros.<\/p>\n\n\n\n<p>Kightlinger es un residente de South Pasadena y, despu\u00e9s de retirarse de MWD en julio, ha disfrutado de caminatas en las Sierras, viajando con sus hijos y asistiendo a juegos de b\u00e9isbol en diferentes ciudades.<\/p>\n\n\n\n<p>El nombramiento es el primero de los tres jefes de departamento en funciones que se espera que nombre Kurtz. Tambi\u00e9n nombrar\u00e1 un jefe de polic\u00eda interino y un director de recursos humanos.<\/p>\n\n\n\n<p>Kurtz ha declarado que cree que el pr\u00f3ximo administrador de la ciudad deber\u00eda contratar a los reemplazos permanentes.<\/p>\n\n\n\n<p>La semana pasada, el Concejo Municipal vot\u00f3 para permitirle a Kurtz la opci\u00f3n de contratar jubilados de CalPERS para esos puestos.<\/p>\n","protected":false},"excerpt":{"rendered":"<p>La administradora interina de la ciudad, Cynthia Kurtz, nombr\u00f3 a Jeffrey Kightlinger como gerente general interino de Pasadena Water and Power. Gurcharan Bawa se retira del cargo la pr\u00f3xima semana despu\u00e9s de servir a la ciudad de Pasadena durante casi 30 a\u00f1os. \u201cTenemos la suerte de que Jeffrey nos ayude mientras analizamos el proceso de contrataci\u00f3n de un gerente general permanente para Pasadena Water and Power. Estamos atravesando tiempos dif\u00edciles con la sequ\u00eda, la escasez de agua y la necesidad [&hellip;]<\/p>\n","protected":false},"author":4,"featured_media":0,"comment_status":"open","ping_status":"closed","sticky":false,"template":"","format":"standard","meta":[],"categories":[4],"tags":[],"acf":[],"_links":{"self":[{"href":"http:\/\/www.pasadenahoy.com\/primero\/wp-json\/wp\/v2\/posts\/13319"}],"collection":[{"href":"http:\/\/www.pasadenahoy.com\/primero\/wp-json\/wp\/v2\/posts"}],"about":[{"href":"http:\/\/www.pasadenahoy.com\/primero\/wp-json\/wp\/v2\/types\/post"}],"author":[{"embeddable":true,"href":"http:\/\/www.pasadenahoy.com\/primero\/wp-json\/wp\/v2\/users\/4"}],"replies":[{"embeddable":true,"href":"http:\/\/www.pasadenahoy.com\/primero\/wp-json\/wp\/v2\/comments?post=13319"}],"version-history":[{"count":2,"href":"http:\/\/www.pasadenahoy.com\/primero\/wp-json\/wp\/v2\/posts\/13319\/revisions"}],"predecessor-version":[{"id":13322,"href":"http:\/\/www.pasadenahoy.com\/primero\/wp-json\/wp\/v2\/posts\/13319\/revisions\/13322"}],"wp:attachment":[{"href":"http:\/\/www.pasadenahoy.com\/primero\/wp-json\/wp\/v2\/media?parent=13319"}],"wp:term":[{"taxonomy":"category","embeddable":true,"href":"http:\/\/www.pasadenahoy.com\/primero\/wp-json\/wp\/v2\/categories?post=13319"},{"taxonomy":"post_tag","embeddable":true,"href":"http:\/\/www.pasadenahoy.com\/primero\/wp-json\/wp\/v2\/tags?post=13319"}],"curies":[{"name":"wp","href":"https:\/\/api.w.org\/{rel}","templated":true}]}}