{"id":13344,"date":"2021-12-27T15:05:21","date_gmt":"2021-12-27T15:05:21","guid":{"rendered":"http:\/\/www.pasadenahoy.com\/primero\/?p=13344"},"modified":"2021-12-27T15:05:23","modified_gmt":"2021-12-27T15:05:23","slug":"el-administrador-de-la-ciudad-kurtz-nombra-a-dos-empleados-para-que-se-desempenen-como-director-interino-de-recursos-humanos-rotatorio","status":"publish","type":"post","link":"http:\/\/www.pasadenahoy.com\/primero\/el-gobierno-local\/el-administrador-de-la-ciudad-kurtz-nombra-a-dos-empleados-para-que-se-desempenen-como-director-interino-de-recursos-humanos-rotatorio\/","title":{"rendered":"El administrador de la ciudad, Kurtz, nombra a dos empleados para que se desempe\u00f1en como director interino de recursos humanos rotatorio"},"content":{"rendered":"\n<figure class=\"wp-block-image alignnone size-large\"><figure class=\"alignnone\"><img loading=\"lazy\" width=\"700\" height=\"378\" src=\"http:\/\/www.pasadenahoy.com\/primero\/wp-content\/uploads\/2021\/12\/pic-3-12.jpg\" alt=\"\" class=\"wp-image-13345\" srcset=\"http:\/\/www.pasadenahoy.com\/primero\/wp-content\/uploads\/2021\/12\/pic-3-12.jpg 700w, http:\/\/www.pasadenahoy.com\/primero\/wp-content\/uploads\/2021\/12\/pic-3-12-300x162.jpg 300w, http:\/\/www.pasadenahoy.com\/primero\/wp-content\/uploads\/2021\/12\/pic-3-12-241x130.jpg 241w, http:\/\/www.pasadenahoy.com\/primero\/wp-content\/uploads\/2021\/12\/pic-3-12-333x180.jpg 333w, http:\/\/www.pasadenahoy.com\/primero\/wp-content\/uploads\/2021\/12\/pic-3-12-360x194.jpg 360w\" sizes=\"100vw\" \/><figcaption><span class=\"caption-text\">Alex Souto y Tiffany Jacobs-Quinn<\/span><\/figcaption><\/figure><\/figure>\n\n\n\n<p>Dos empleados del Departamento de Recursos Humanos de la ciudad liderar\u00e1n el departamento en turnos rotativos seg\u00fan un comunicado de la ciudad.<\/p>\n\n\n\n<p>Alex Souto y Tiffany Jacobs-Quinn servir\u00e1n cada uno tres meses como Directora interina de Recursos Humanos.<\/p>\n\n\n\n<p>Souto asumi\u00f3 el papel el 20 de diciembre.<\/p>\n\n\n\n<p>\u201cTanto Alex como Tiffany tienen un amplio y profundo conocimiento profesional de recursos humanos, as\u00ed como relaciones duraderas con los clientes en todos los departamentos operativos\u201d, dijo la ciudad en una declaraci\u00f3n preparada. &#8220;Cuentan con el apoyo de un talentoso equipo de otros profesionales de RR.HH. y esperan contribuir al Departamento de RR.HH. y a sus clientes en el papel de actores&#8221;.<\/p>\n\n\n\n<p>Fue contratado en 2015 como analista principal de recursos humanos asignado a relaciones laborales y administraci\u00f3n de recursos humanos. Souto asumi\u00f3 el cargo de gerente de recursos humanos en octubre de 2016 y ha sido responsable de administrar las Divisiones de Relaciones Laborales, Relaciones Laborales y Seguridad del Departamento de Recursos Humanos.<\/p>\n\n\n\n<p>Tiene m\u00e1s de trece a\u00f1os de experiencia profesional en la gesti\u00f3n de recursos humanos.<\/p>\n\n\n\n<p>Jacobs-Quinn, gerente de recursos humanos, asumir\u00e1 el cargo el 28 de marzo durante los tres meses.<\/p>\n\n\n\n<p>Jacobs-Quinn ha estado en la ciudad desde 2009 como analista de gesti\u00f3n en relaciones con los empleados, convirti\u00e9ndose en l\u00edder de equipo \/ analista de gesti\u00f3n V en servicios de empleo en 2013 y gerente de recursos humanos en 2014.<\/p>\n\n\n\n<p>Actualmente, supervisa un equipo que brinda apoyo a los servicios de empleo en toda la ciudad, incluido el reclutamiento y la selecci\u00f3n, la capacitaci\u00f3n, el procesamiento de acciones del personal, el orgullo compartido, la administraci\u00f3n de la evaluaci\u00f3n del desempe\u00f1o, la clasificaci\u00f3n y compensaci\u00f3n, y la incorporaci\u00f3n.<\/p>\n\n\n\n<p>El Departamento de Recursos Humanos recluta y contrata empleados, administra las relaciones laborales y de los empleados, presenta programas de capacitaci\u00f3n, realiza trabajos de clasificaci\u00f3n y compensaci\u00f3n y ejecuta programas de beneficios para empleados, seguridad y compensaci\u00f3n para los trabajadores para los 2,000 empleados de la Ciudad. Su presupuesto para el a\u00f1o fiscal 2022 es de $ 8.5 millones con 33 FTE.<\/p>\n\n\n\n<p>Este es el segundo puesto interino que ocupa la administradora interina de la ciudad, Cynthia Kurtz.<\/p>\n\n\n\n<p>La semana pasada, Kurtz nombr\u00f3 a Jeffrey Kightlinger como gerente general interino de Pasadena Water and Power. Tambi\u00e9n se espera que Kurtz nombre pronto a un jefe de polic\u00eda interino.<\/p>\n","protected":false},"excerpt":{"rendered":"<p>Dos empleados del Departamento de Recursos Humanos de la ciudad liderar\u00e1n el departamento en turnos rotativos seg\u00fan un comunicado de la ciudad. Alex Souto y Tiffany Jacobs-Quinn servir\u00e1n cada uno tres meses como Directora interina de Recursos Humanos. Souto asumi\u00f3 el papel el 20 de diciembre. \u201cTanto Alex como Tiffany tienen un amplio y profundo conocimiento profesional de recursos humanos, as\u00ed como relaciones duraderas con los clientes en todos los departamentos operativos\u201d, dijo la ciudad en una declaraci\u00f3n preparada. &#8220;Cuentan [&hellip;]<\/p>\n","protected":false},"author":4,"featured_media":13345,"comment_status":"open","ping_status":"closed","sticky":false,"template":"","format":"standard","meta":[],"categories":[6],"tags":[],"acf":[],"_links":{"self":[{"href":"http:\/\/www.pasadenahoy.com\/primero\/wp-json\/wp\/v2\/posts\/13344"}],"collection":[{"href":"http:\/\/www.pasadenahoy.com\/primero\/wp-json\/wp\/v2\/posts"}],"about":[{"href":"http:\/\/www.pasadenahoy.com\/primero\/wp-json\/wp\/v2\/types\/post"}],"author":[{"embeddable":true,"href":"http:\/\/www.pasadenahoy.com\/primero\/wp-json\/wp\/v2\/users\/4"}],"replies":[{"embeddable":true,"href":"http:\/\/www.pasadenahoy.com\/primero\/wp-json\/wp\/v2\/comments?post=13344"}],"version-history":[{"count":2,"href":"http:\/\/www.pasadenahoy.com\/primero\/wp-json\/wp\/v2\/posts\/13344\/revisions"}],"predecessor-version":[{"id":13347,"href":"http:\/\/www.pasadenahoy.com\/primero\/wp-json\/wp\/v2\/posts\/13344\/revisions\/13347"}],"wp:featuredmedia":[{"embeddable":true,"href":"http:\/\/www.pasadenahoy.com\/primero\/wp-json\/wp\/v2\/media\/13345"}],"wp:attachment":[{"href":"http:\/\/www.pasadenahoy.com\/primero\/wp-json\/wp\/v2\/media?parent=13344"}],"wp:term":[{"taxonomy":"category","embeddable":true,"href":"http:\/\/www.pasadenahoy.com\/primero\/wp-json\/wp\/v2\/categories?post=13344"},{"taxonomy":"post_tag","embeddable":true,"href":"http:\/\/www.pasadenahoy.com\/primero\/wp-json\/wp\/v2\/tags?post=13344"}],"curies":[{"name":"wp","href":"https:\/\/api.w.org\/{rel}","templated":true}]}}