{"id":13348,"date":"2021-12-27T15:10:23","date_gmt":"2021-12-27T15:10:23","guid":{"rendered":"http:\/\/www.pasadenahoy.com\/primero\/?p=13348"},"modified":"2021-12-27T15:10:26","modified_gmt":"2021-12-27T15:10:26","slug":"donde-puede-ir-en-pasadena-y-cuando-en-la-vispera-de-ano-nuevo-y-el-dia-de-ano-nuevo","status":"publish","type":"post","link":"http:\/\/www.pasadenahoy.com\/primero\/la-comunidad\/donde-puede-ir-en-pasadena-y-cuando-en-la-vispera-de-ano-nuevo-y-el-dia-de-ano-nuevo\/","title":{"rendered":"D\u00f3nde puede ir en Pasadena, y cu\u00e1ndo, en la v\u00edspera de A\u00f1o Nuevo y el d\u00eda de A\u00f1o Nuevo"},"content":{"rendered":"\n<figure class=\"wp-block-image alignnone size-large\"><figure class=\"alignnone\"><img loading=\"lazy\" width=\"700\" height=\"451\" src=\"http:\/\/www.pasadenahoy.com\/primero\/wp-content\/uploads\/2021\/12\/pic-4-6.png\" alt=\"\" class=\"wp-image-13349\" srcset=\"http:\/\/www.pasadenahoy.com\/primero\/wp-content\/uploads\/2021\/12\/pic-4-6.png 700w, http:\/\/www.pasadenahoy.com\/primero\/wp-content\/uploads\/2021\/12\/pic-4-6-300x193.png 300w, http:\/\/www.pasadenahoy.com\/primero\/wp-content\/uploads\/2021\/12\/pic-4-6-202x130.png 202w, http:\/\/www.pasadenahoy.com\/primero\/wp-content\/uploads\/2021\/12\/pic-4-6-279x180.png 279w, http:\/\/www.pasadenahoy.com\/primero\/wp-content\/uploads\/2021\/12\/pic-4-6-360x232.png 360w\" sizes=\"100vw\" \/><figcaption><span class=\"caption-text\">Click para agrandar. [Ciudad de Pasadena]<\/span><\/figcaption><\/figure><\/figure>\n\n\n\n<p>La Ciudad de Pasadena ha publicado un Mapa de Acceso P\u00fablico oficial para uso de los residentes, negocios y visitantes que planean asistir al 133 \u00b0 Desfile de las Rosas y al 108 \u00b0 Juego del Rose Bowl.<br>El mapa muestra las \u00e1reas asignadas para la asamblea de los participantes del desfile designadas como \u00c1rea A, las \u00e1reas a lo largo de Colorado Blvd. donde la mayor\u00eda de los que ven\u00edan a ver el desfile se ubicar\u00edan como \u00c1rea B, y las \u00e1reas perif\u00e9ricas al \u00e1rea de reuni\u00f3n y el final del desfile como \u00c1reas C y D.<\/p>\n\n\n\n<p>En el \u00c1rea A (que se muestra sombreada en amarillo en el mapa de arriba), que incluye \u00e1reas al sur de Green Street y entre Grand Avenue y Pasadena Avenue, se permitir\u00e1 el acceso a los residentes con pases apropiados, pero Orange Grove Blvd. entre Colorado y Columbia estar\u00e1 cerrado a todo el tr\u00e1fico vehicular entre las 8 p.m. del 31 de diciembre a las 2 p.m. el 1 de enero.<\/p>\n\n\n\n<p>Dentro del \u00c1rea B (que se muestra sombreada en azul), incluido Colorado Blvd., Sierra Madre Blvd. y las calles adyacentes una cuadra al norte y al sur, la ruta del desfile se cierra a trav\u00e9s del tr\u00e1fico a las 10 p.m. el 31 de diciembre, pero se mantendr\u00e1 el tr\u00e1fico cruzado en los puntos de cruce hasta las 6 a.m. del 1 de enero. Entre las 6 a.m. y las 2 p.m. el 1 de enero, los cruces ser\u00e1n solo para veh\u00edculos de emergencia. El puente de la calle Colorado se cerrar\u00e1 a partir de las 8 p.m. el 31 de diciembre y reabrir con el resto de Colorado Blvd. el 1 de enero.<\/p>\n\n\n\n<p>En el \u00c1rea C (que se muestra sombreada en naranja), que cubre el \u00e1rea al norte de Orange Grove Blvd. entre Altadena Drive y Sierra Madre Villa Avenue, los residentes con pases pueden mantener el acceso durante los d\u00edas del evento posterior al desfile. Sierra Madre Blvd. y Washington Blvd. estar\u00e1 cerrado al tr\u00e1fico a partir de las 3 p.m. el 31 de diciembre hasta las 5 a.m. del 3 de enero, pero el acceso local a trav\u00e9s de Sierra Madre Blvd. en direcci\u00f3n norte. se mantendr\u00e1 despu\u00e9s del desfile el 1 y 2 de enero. Se colocar\u00e1n letreros, tanto temporales como fijos, con restricciones de estacionamiento adicionales en Altadena Drive y Orange Grove Blvd.<\/p>\n\n\n\n<p>El \u00e1rea D (que se muestra sombreada en rosa), al norte de la autopista 134 y al oeste de la autopista 210, estar\u00e1 cerrada a los veh\u00edculos de 6 a.m. a 11 p.m. el 1 de enero. Los residentes pueden mantener el acceso con el pase apropiado. El circuito de Rose Bowl estar\u00e1 cerrado al uso recreativo general, y se proporcionar\u00e1n letreros a lo largo de Linda Vista Avenue, South Arroyo Blvd., California Avenue, Orange Grove Avenue y Walnut St.<\/p>\n\n\n\n<p>No habr\u00e1 cierres programados en la I-210 en el \u00e1rea de Pasadena para acomodar a los asistentes al desfile y a los fan\u00e1ticos.<\/p>\n\n\n\n<p>Adem\u00e1s del mapa, los funcionarios de la ciudad contin\u00faan instando a los residentes en el \u00e1rea y a aquellos que planean asistir al Desfile de las Rosas a usar su sentido com\u00fan y celebrar de manera responsable, y siempre designar un conductor si sus planes de A\u00f1o Nuevo incluyen beber alcohol. Se recomienda a quienes no pueden designar un conductor que tomen un taxi, compartan un viaje o utilicen un servicio de econom\u00eda compartida como Uber o Lyft.<\/p>\n\n\n\n<p>Las preguntas tambi\u00e9n se pueden enviar por Twitter a @visitpasadena oa trav\u00e9s de Facebook, <a href=\"http:\/\/pasadenanow.net\/main\/rose-parade-access-and-street-closures-mapped-street-closures-start-tonight\/www.facebook.com\/visitpasadena\/\">www.facebook.com\/visitpasadena\/.<\/a><\/p>\n","protected":false},"excerpt":{"rendered":"<p>La Ciudad de Pasadena ha publicado un Mapa de Acceso P\u00fablico oficial para uso de los residentes, negocios y visitantes que planean asistir al 133 \u00b0 Desfile de las Rosas y al 108 \u00b0 Juego del Rose Bowl.El mapa muestra las \u00e1reas asignadas para la asamblea de los participantes del desfile designadas como \u00c1rea A, las \u00e1reas a lo largo de Colorado Blvd. donde la mayor\u00eda de los que ven\u00edan a ver el desfile se ubicar\u00edan como \u00c1rea B, y [&hellip;]<\/p>\n","protected":false},"author":4,"featured_media":13349,"comment_status":"open","ping_status":"closed","sticky":false,"template":"","format":"standard","meta":[],"categories":[4],"tags":[],"acf":[],"_links":{"self":[{"href":"http:\/\/www.pasadenahoy.com\/primero\/wp-json\/wp\/v2\/posts\/13348"}],"collection":[{"href":"http:\/\/www.pasadenahoy.com\/primero\/wp-json\/wp\/v2\/posts"}],"about":[{"href":"http:\/\/www.pasadenahoy.com\/primero\/wp-json\/wp\/v2\/types\/post"}],"author":[{"embeddable":true,"href":"http:\/\/www.pasadenahoy.com\/primero\/wp-json\/wp\/v2\/users\/4"}],"replies":[{"embeddable":true,"href":"http:\/\/www.pasadenahoy.com\/primero\/wp-json\/wp\/v2\/comments?post=13348"}],"version-history":[{"count":2,"href":"http:\/\/www.pasadenahoy.com\/primero\/wp-json\/wp\/v2\/posts\/13348\/revisions"}],"predecessor-version":[{"id":13352,"href":"http:\/\/www.pasadenahoy.com\/primero\/wp-json\/wp\/v2\/posts\/13348\/revisions\/13352"}],"wp:featuredmedia":[{"embeddable":true,"href":"http:\/\/www.pasadenahoy.com\/primero\/wp-json\/wp\/v2\/media\/13349"}],"wp:attachment":[{"href":"http:\/\/www.pasadenahoy.com\/primero\/wp-json\/wp\/v2\/media?parent=13348"}],"wp:term":[{"taxonomy":"category","embeddable":true,"href":"http:\/\/www.pasadenahoy.com\/primero\/wp-json\/wp\/v2\/categories?post=13348"},{"taxonomy":"post_tag","embeddable":true,"href":"http:\/\/www.pasadenahoy.com\/primero\/wp-json\/wp\/v2\/tags?post=13348"}],"curies":[{"name":"wp","href":"https:\/\/api.w.org\/{rel}","templated":true}]}}