{"id":13353,"date":"2021-12-27T15:14:10","date_gmt":"2021-12-27T15:14:10","guid":{"rendered":"http:\/\/www.pasadenahoy.com\/primero\/?p=13353"},"modified":"2021-12-27T15:14:13","modified_gmt":"2021-12-27T15:14:13","slug":"las-hospitalizaciones-por-covid-19-en-el-condado-de-los-angeles-superan-las-900","status":"publish","type":"post","link":"http:\/\/www.pasadenahoy.com\/primero\/la-comunidad\/las-hospitalizaciones-por-covid-19-en-el-condado-de-los-angeles-superan-las-900\/","title":{"rendered":"Las hospitalizaciones por COVID-19 en el condado de Los \u00c1ngeles superan las 900"},"content":{"rendered":"\n<figure class=\"wp-block-image alignnone size-large\"><figure class=\"alignnone\"><img loading=\"lazy\" width=\"700\" height=\"378\" src=\"http:\/\/www.pasadenahoy.com\/primero\/wp-content\/uploads\/2021\/12\/pic-5-12.jpg\" alt=\"\" class=\"wp-image-13354\" srcset=\"http:\/\/www.pasadenahoy.com\/primero\/wp-content\/uploads\/2021\/12\/pic-5-12.jpg 700w, http:\/\/www.pasadenahoy.com\/primero\/wp-content\/uploads\/2021\/12\/pic-5-12-300x162.jpg 300w, http:\/\/www.pasadenahoy.com\/primero\/wp-content\/uploads\/2021\/12\/pic-5-12-241x130.jpg 241w, http:\/\/www.pasadenahoy.com\/primero\/wp-content\/uploads\/2021\/12\/pic-5-12-333x180.jpg 333w, http:\/\/www.pasadenahoy.com\/primero\/wp-content\/uploads\/2021\/12\/pic-5-12-360x194.jpg 360w\" sizes=\"100vw\" \/><\/figure><\/figure>\n\n\n\n<p>El condado de Los \u00c1ngeles inform\u00f3 8,891 nuevos casos de COVID-19 y siete muertes adicionales asociadas con el virus en sus \u00faltimos datos en cifras que probablemente reflejan retrasos en los informes durante las vacaciones y el fin de semana.<\/p>\n\n\n\n<p>Tambi\u00e9n el domingo, el n\u00famero de residentes del condado hospitalizados con el coronavirus aument\u00f3 a 904, frente a los 849 del d\u00eda anterior, seg\u00fan las \u00faltimas cifras estatales. De esos pacientes, 188 estaban en cuidados intensivos, uno m\u00e1s que el s\u00e1bado. El n\u00famero de pacientes con COVID hospitalizados ha aumentado en las \u00faltimas semanas, despu\u00e9s de caer a 551 en noviembre.<\/p>\n\n\n\n<p>Los n\u00fameros no estaban disponibles en el Departamento de Salud P\u00fablica de Pasadena el domingo. El \u00faltimo recuento oficial de Pasadena mostr\u00f3 que las infecciones por COVID-19 hab\u00edan aumentado en Pasadena durante la semana pasada de un promedio de poco m\u00e1s de 20 por d\u00eda a 77,67 por d\u00eda.<\/p>\n\n\n\n<p>El Hospital Huntington registr\u00f3 un aumento en los pacientes con COVID-19 a fines de la semana pasada, y el viernes se inform\u00f3 de 5 pacientes positivos para COVID reci\u00e9n admitidos. El hospital dijo que estaba tratando a un total de 34 pacientes con COVID-19, con 14 en la unidad de cuidados intensivos. El 76% de los pacientes COVID admitidos no estaban vacunados.<\/p>\n\n\n\n<p>Las \u00faltimas cifras se producen en medio de un aumento en los casos reportados que tienen al m\u00e1ximo funcionario de salud del condado advirtiendo que las infecciones podr\u00edan alcanzar niveles casi r\u00e9cord para fin de a\u00f1o.<\/p>\n\n\n\n<p>Impulsada por la variante Omicron altamente transmisible, la tasa diaria promedio de personas que dieron positivo por el virus aument\u00f3 al 15% a partir del viernes, m\u00e1s del triple de la tasa del condado de hace una semana, seg\u00fan el Departamento de Salud P\u00fablica del Condado de Los \u00c1ngeles.<\/p>\n\n\n\n<p>La directora de Salud P\u00fablica, Barbara Ferrer, advirti\u00f3 el mi\u00e9rcoles que si las infecciones contin\u00faan con un aumento tan dram\u00e1tico, el n\u00famero de casos diarios podr\u00eda superar los 20.000 para fin de a\u00f1o, alcanzando el nivel m\u00e1s alto de la pandemia.<\/p>\n\n\n\n<p>Ferrer dijo que el condado no est\u00e1 considerando de inmediato un regreso al bloqueo u otras restricciones severas a la actividad p\u00fablica, pero depender\u00e1 de las acciones que tomen los residentes para frenar la propagaci\u00f3n del virus.<\/p>\n\n\n\n<p>&#8220;Siempre he sido transparente y honesta en que con una variante como Omicron y potencialmente otras variantes que podr\u00edan suceder en el futuro, todas las opciones deben estar sobre la mesa&#8221;, dijo. \u201cTodas las herramientas que tenemos deben estar disponibles para proteger la vida y el sustento de las personas y \u2026 evitar abrumar el sistema hospitalario.<\/p>\n\n\n\n<p>\u201c\u2026 Creo que si todos podemos hacer esto, todos, cada persona, nos comprometemos a celebrar con la mayor seguridad posible, lo que puede significar que est\u00e1s cambiando algunos de tus planes, estaremos bien, &#8221; ella dijo.<\/p>\n\n\n\n<p>Ferrer ha dado cr\u00e9dito a las vacunas COVID por evitar que las personas infectadas se enfermen gravemente y generen una carga para los trabajadores de la salud similar al aumento del invierno pasado, que vio a miles de pacientes con COVID en los hospitales del condado. Pero las muertes y hospitalizaciones se consideran indicadores rezagados, por lo que esas cifras a\u00fan podr\u00edan experimentar un aumento sustancial en las pr\u00f3ximas semanas.<\/p>\n\n\n\n<p>Ferrer dijo que la gran mayor\u00eda de las personas hospitalizadas debido al virus no est\u00e1n vacunadas, e insisti\u00f3 en que las cifras de hospitalizaci\u00f3n de los residentes vacunados se han mantenido bajas y sin cambios desde que las vacunas estuvieron disponibles. Seg\u00fan cifras del condado, la tasa de hospitalizaci\u00f3n para las personas no vacunadas era de 25 por cada 100.000 habitantes a partir del mi\u00e9rcoles, en comparaci\u00f3n con solo 1 por cada 100.000 para los vacunados.<\/p>\n\n\n\n<p>Mientras tanto, el departamento de salud dijo el viernes que estaba ampliando el acceso a las pruebas de COVID gratuitas en medio de una mayor demanda durante las vacaciones.<\/p>\n\n\n\n<p>&#8220;La demanda de pruebas de COVID-19 aumenta constantemente a medida que los residentes del condado se apresuran a hacerse la prueba antes de reunirse con sus seres queridos y como resultado directo del aumento de casos nuevos en el condado de Los \u00c1ngeles&#8221;, dijeron las autoridades.<\/p>\n\n\n\n<p>A partir del viernes, los cambios incluyen:<\/p>\n\n\n\n<p>Horas de operaci\u00f3n extendidas en sitios en todo el condado de Los \u00c1ngeles;<br>Fechas adicionales de semana y fin de semana;<br>Unidades de prueba m\u00f3viles adicionales en \u00e1reas m\u00e1s afectadas;<br>Relanzamiento del programa Holiday Home Test Collection con nuevas pautas para llegar a m\u00e1s personas y facilitar la realizaci\u00f3n de la prueba. El enlace est\u00e1 en <a href=\"https:\/\/covid19.lacounty.gov\/hometest.\">https:\/\/covid19.lacounty.gov\/hometest.<\/a><br>Cualquier residente del condado que tenga s\u00edntomas o crea que estuvo expuesto al COVID-19 puede solicitar un kit de prueba en el hogar, que requiere que la recolecci\u00f3n de hisopos se env\u00ede por correo para obtener el resultado de la prueba de PCR.<\/p>\n\n\n\n<p>El condado ha registrado 1,616,033 casos de COVID-19 y 27,546 muertes asociadas con el virus desde que comenz\u00f3 la pandemia. Las autoridades dicen que alrededor del 90% de las muertes ocurrieron en personas que ten\u00edan problemas de salud subyacentes. Las afecciones m\u00e1s comunes son la hipertensi\u00f3n, la diabetes y las enfermedades card\u00edacas.<\/p>\n","protected":false},"excerpt":{"rendered":"<p>El condado de Los \u00c1ngeles inform\u00f3 8,891 nuevos casos de COVID-19 y siete muertes adicionales asociadas con el virus en sus \u00faltimos datos en cifras que probablemente reflejan retrasos en los informes durante las vacaciones y el fin de semana. Tambi\u00e9n el domingo, el n\u00famero de residentes del condado hospitalizados con el coronavirus aument\u00f3 a 904, frente a los 849 del d\u00eda anterior, seg\u00fan las \u00faltimas cifras estatales. De esos pacientes, 188 estaban en cuidados intensivos, uno m\u00e1s que el [&hellip;]<\/p>\n","protected":false},"author":4,"featured_media":0,"comment_status":"open","ping_status":"closed","sticky":false,"template":"","format":"standard","meta":[],"categories":[4],"tags":[],"acf":[],"_links":{"self":[{"href":"http:\/\/www.pasadenahoy.com\/primero\/wp-json\/wp\/v2\/posts\/13353"}],"collection":[{"href":"http:\/\/www.pasadenahoy.com\/primero\/wp-json\/wp\/v2\/posts"}],"about":[{"href":"http:\/\/www.pasadenahoy.com\/primero\/wp-json\/wp\/v2\/types\/post"}],"author":[{"embeddable":true,"href":"http:\/\/www.pasadenahoy.com\/primero\/wp-json\/wp\/v2\/users\/4"}],"replies":[{"embeddable":true,"href":"http:\/\/www.pasadenahoy.com\/primero\/wp-json\/wp\/v2\/comments?post=13353"}],"version-history":[{"count":2,"href":"http:\/\/www.pasadenahoy.com\/primero\/wp-json\/wp\/v2\/posts\/13353\/revisions"}],"predecessor-version":[{"id":13356,"href":"http:\/\/www.pasadenahoy.com\/primero\/wp-json\/wp\/v2\/posts\/13353\/revisions\/13356"}],"wp:attachment":[{"href":"http:\/\/www.pasadenahoy.com\/primero\/wp-json\/wp\/v2\/media?parent=13353"}],"wp:term":[{"taxonomy":"category","embeddable":true,"href":"http:\/\/www.pasadenahoy.com\/primero\/wp-json\/wp\/v2\/categories?post=13353"},{"taxonomy":"post_tag","embeddable":true,"href":"http:\/\/www.pasadenahoy.com\/primero\/wp-json\/wp\/v2\/tags?post=13353"}],"curies":[{"name":"wp","href":"https:\/\/api.w.org\/{rel}","templated":true}]}}