{"id":13362,"date":"2021-12-27T15:22:21","date_gmt":"2021-12-27T15:22:21","guid":{"rendered":"http:\/\/www.pasadenahoy.com\/primero\/?p=13362"},"modified":"2021-12-27T15:22:23","modified_gmt":"2021-12-27T15:22:23","slug":"lunes-frio-con-lluvia-por-la-tarde-comienza-la-semana-humeda-pero-aun-se-predice-el-dia-soleado-de-ano-nuevo","status":"publish","type":"post","link":"http:\/\/www.pasadenahoy.com\/primero\/la-comunidad\/lunes-frio-con-lluvia-por-la-tarde-comienza-la-semana-humeda-pero-aun-se-predice-el-dia-soleado-de-ano-nuevo\/","title":{"rendered":"Lunes fr\u00edo con lluvia por la tarde comienza la semana h\u00fameda, pero a\u00fan se predice el d\u00eda soleado de A\u00f1o Nuevo"},"content":{"rendered":"\n<figure class=\"wp-block-image alignnone size-large\"><figure class=\"alignnone\"><img loading=\"lazy\" width=\"700\" height=\"378\" src=\"http:\/\/www.pasadenahoy.com\/primero\/wp-content\/uploads\/2021\/12\/pic-7-3.jpg\" alt=\"\" class=\"wp-image-13363\" srcset=\"http:\/\/www.pasadenahoy.com\/primero\/wp-content\/uploads\/2021\/12\/pic-7-3.jpg 700w, http:\/\/www.pasadenahoy.com\/primero\/wp-content\/uploads\/2021\/12\/pic-7-3-300x162.jpg 300w, http:\/\/www.pasadenahoy.com\/primero\/wp-content\/uploads\/2021\/12\/pic-7-3-241x130.jpg 241w, http:\/\/www.pasadenahoy.com\/primero\/wp-content\/uploads\/2021\/12\/pic-7-3-333x180.jpg 333w, http:\/\/www.pasadenahoy.com\/primero\/wp-content\/uploads\/2021\/12\/pic-7-3-360x194.jpg 360w\" sizes=\"100vw\" \/><\/figure><\/figure>\n\n\n\n<p>Un patr\u00f3n de clima h\u00famedo e inestable continuar\u00e1 en Pasadena durante la semana y las temperaturas se mantendr\u00e1n significativamente por debajo del promedio para esta \u00e9poca del a\u00f1o, pero los pronosticadores predicen cielos soleados para el Desfile de las Rosas el d\u00eda de A\u00f1o Nuevo.<\/p>\n\n\n\n<p>La v\u00edspera de A\u00f1o Nuevo ser\u00e1 fr\u00eda, alrededor de los 38, y se pronostica una ligera probabilidad de lluvia, seg\u00fan el servicio meteorol\u00f3gico nacional.<\/p>\n\n\n\n<p>Mientras tanto, se espera que la semana laboral corta vea un mosaico de lluvia (lunes, mi\u00e9rcoles, jueves) con algunos d\u00edas soleados (martes y viernes) intercalados.<\/p>\n\n\n\n<p>Las temperaturas se mantendr\u00e1n fr\u00edas, con m\u00e1ximas que oscilar\u00e1n entre los 40 y 50 grados cent\u00edgrados. Los m\u00ednimos nocturnos caer\u00e1n a los 30 superiores y los 40 inferiores.<\/p>\n\n\n\n<p>A continuaci\u00f3n, se muestra una vista detallada del pron\u00f3stico de la semana del NWS:<\/p>\n\n\n\n<p>Lunes: Lluvia, principalmente despu\u00e9s de 10 a.m. M\u00e1xima alrededor de 51. Viento del sur suroeste de 5 a 10 mph. La probabilidad de precipitaci\u00f3n es del 90%.<\/p>\n\n\n\n<p>Por la Noche: Lluvia probable antes de las 10 p.m. Nublado, y se pondr\u00e1 medio nublado gradualmente, la m\u00ednima alrededor de 37. Viento del sur sureste de 5 a 15 mph y luego llegar\u00e1 del oeste noroeste. Los vientos podr\u00edan alcanzar r\u00e1fagas de hasta 20 mph. La probabilidad de precipitaci\u00f3n es del 60%.<\/p>\n\n\n\n<p>Martes: Mayormente soleado, la m\u00e1xima alrededor de 49. Viento en calma y llegar\u00e1 del sur alrededor de 5 mph.<\/p>\n\n\n\n<p>Mar. por la Noche: Una probabilidad del 30 por ciento de lluvia despu\u00e9s de las 10 p.m. Mayormente nublado, la m\u00ednima alrededor de 39. Viento del este sureste alrededor de 5 mph.<\/p>\n\n\n\n<p>Mi\u00e9rcoles: Lluvia, principalmente despu\u00e9s de las 10 a.m. M\u00e1xima alrededor de 51. La probabilidad de precipitaci\u00f3n 80%.<\/p>\n\n\n\n<p>Mi\u00e9rcoles por la Noche: Lluvia. M\u00ednima alrededor de 43. La probabilidad de precipitaci\u00f3n 90%.<\/p>\n\n\n\n<p>Jueves: Lluvia probable, principalmente antes de 10 a.m. Mayormente nublado, la m\u00e1xima alrededor de 55.<\/p>\n\n\n\n<p>Jue. Por la Noche: Una probabilidad de lluvia, principalmente antes de las 10 p.m. Mayormente nublado, la m\u00ednima alrededor de 42.<\/p>\n\n\n\n<p>Viernes: Poca probabilidad de lluvia. Parcialmente soleado, la m\u00e1xima alrededor de 57.<\/p>\n\n\n\n<p>Por la Noche: Poca probabilidad de lluvia. Medio nublado, la m\u00ednima alrededor de 38.<\/p>\n\n\n\n<p>D\u00eda de A\u00f1o Nuevo: Soleado, la m\u00e1xima alrededor de 57.<\/p>\n\n\n\n<p>S\u00e1b. Por la Noche: Mayormente despejado, la m\u00ednima alrededor de 37.<\/p>\n\n\n\n<p>Domingo: Soleado, la m\u00e1xima alrededor de 57.<\/p>\n","protected":false},"excerpt":{"rendered":"<p>Un patr\u00f3n de clima h\u00famedo e inestable continuar\u00e1 en Pasadena durante la semana y las temperaturas se mantendr\u00e1n significativamente por debajo del promedio para esta \u00e9poca del a\u00f1o, pero los pronosticadores predicen cielos soleados para el Desfile de las Rosas el d\u00eda de A\u00f1o Nuevo. La v\u00edspera de A\u00f1o Nuevo ser\u00e1 fr\u00eda, alrededor de los 38, y se pronostica una ligera probabilidad de lluvia, seg\u00fan el servicio meteorol\u00f3gico nacional. Mientras tanto, se espera que la semana laboral corta vea un [&hellip;]<\/p>\n","protected":false},"author":4,"featured_media":0,"comment_status":"open","ping_status":"closed","sticky":false,"template":"","format":"standard","meta":[],"categories":[4],"tags":[],"acf":[],"_links":{"self":[{"href":"http:\/\/www.pasadenahoy.com\/primero\/wp-json\/wp\/v2\/posts\/13362"}],"collection":[{"href":"http:\/\/www.pasadenahoy.com\/primero\/wp-json\/wp\/v2\/posts"}],"about":[{"href":"http:\/\/www.pasadenahoy.com\/primero\/wp-json\/wp\/v2\/types\/post"}],"author":[{"embeddable":true,"href":"http:\/\/www.pasadenahoy.com\/primero\/wp-json\/wp\/v2\/users\/4"}],"replies":[{"embeddable":true,"href":"http:\/\/www.pasadenahoy.com\/primero\/wp-json\/wp\/v2\/comments?post=13362"}],"version-history":[{"count":2,"href":"http:\/\/www.pasadenahoy.com\/primero\/wp-json\/wp\/v2\/posts\/13362\/revisions"}],"predecessor-version":[{"id":13365,"href":"http:\/\/www.pasadenahoy.com\/primero\/wp-json\/wp\/v2\/posts\/13362\/revisions\/13365"}],"wp:attachment":[{"href":"http:\/\/www.pasadenahoy.com\/primero\/wp-json\/wp\/v2\/media?parent=13362"}],"wp:term":[{"taxonomy":"category","embeddable":true,"href":"http:\/\/www.pasadenahoy.com\/primero\/wp-json\/wp\/v2\/categories?post=13362"},{"taxonomy":"post_tag","embeddable":true,"href":"http:\/\/www.pasadenahoy.com\/primero\/wp-json\/wp\/v2\/tags?post=13362"}],"curies":[{"name":"wp","href":"https:\/\/api.w.org\/{rel}","templated":true}]}}