{"id":13366,"date":"2021-12-27T15:29:59","date_gmt":"2021-12-27T15:29:59","guid":{"rendered":"http:\/\/www.pasadenahoy.com\/primero\/?p=13366"},"modified":"2021-12-27T15:30:01","modified_gmt":"2021-12-27T15:30:01","slug":"7-residentes-desplazados-cuando-el-domingo-un-incendio-dana-gravemente-una-pequena-residencia","status":"publish","type":"post","link":"http:\/\/www.pasadenahoy.com\/primero\/la-comunidad\/7-residentes-desplazados-cuando-el-domingo-un-incendio-dana-gravemente-una-pequena-residencia\/","title":{"rendered":"7 residentes desplazados cuando el domingo un incendio da\u00f1a gravemente una peque\u00f1a residencia"},"content":{"rendered":"\n<figure class=\"wp-block-image alignnone size-large\"><figure class=\"alignnone\"><img loading=\"lazy\" width=\"700\" height=\"378\" src=\"http:\/\/www.pasadenahoy.com\/primero\/wp-content\/uploads\/2021\/12\/pic-8-1.png\" alt=\"\" class=\"wp-image-13367\" srcset=\"http:\/\/www.pasadenahoy.com\/primero\/wp-content\/uploads\/2021\/12\/pic-8-1.png 700w, http:\/\/www.pasadenahoy.com\/primero\/wp-content\/uploads\/2021\/12\/pic-8-1-300x162.png 300w, http:\/\/www.pasadenahoy.com\/primero\/wp-content\/uploads\/2021\/12\/pic-8-1-241x130.png 241w, http:\/\/www.pasadenahoy.com\/primero\/wp-content\/uploads\/2021\/12\/pic-8-1-333x180.png 333w, http:\/\/www.pasadenahoy.com\/primero\/wp-content\/uploads\/2021\/12\/pic-8-1-360x194.png 360w\" sizes=\"100vw\" \/><figcaption><span class=\"caption-text\">Los bomberos de Pasadena ingresan a una casa en llamas en la cuadra 1800 de El Sereno Avenue el domingo 26 de diciembre de 2021. [Foto cortes\u00eda del Departamento de Bomberos de Pasadena]<\/span><\/figcaption><\/figure><\/figure>\n\n\n\n<p>Los bomberos tuvieron que abrirse paso a la fuerza para pasar por una puerta de seguridad para combatir un incendio que da\u00f1\u00f3 gravemente una peque\u00f1a casa de un solo piso en la cuadra 1800 de la avenida El Sereno poco antes de las 7 p.m. Domingo.<br>Los bomberos de Pasadena respaldados por el personal de San Marino Fire derribaron el fuego en 20 minutos, seg\u00fan la portavoz de Pasadena, Lisa Derderian. No se reportaron heridos.<\/p>\n\n\n\n<p>Aunque descrita como &#8220;peque\u00f1a&#8221;, la casa conten\u00eda tres unidades ocupadas por tres familias, seg\u00fan las autoridades.<\/p>\n\n\n\n<div class=\"wp-block-image alignright\"><figure class=\"alignright size-large\"><img loading=\"lazy\" width=\"300\" height=\"400\" src=\"http:\/\/www.pasadenahoy.com\/primero\/wp-content\/uploads\/2021\/12\/pic8a.png\" alt=\"\" class=\"wp-image-13368\" srcset=\"http:\/\/www.pasadenahoy.com\/primero\/wp-content\/uploads\/2021\/12\/pic8a.png 300w, http:\/\/www.pasadenahoy.com\/primero\/wp-content\/uploads\/2021\/12\/pic8a-225x300.png 225w, http:\/\/www.pasadenahoy.com\/primero\/wp-content\/uploads\/2021\/12\/pic8a-98x130.png 98w, http:\/\/www.pasadenahoy.com\/primero\/wp-content\/uploads\/2021\/12\/pic8a-135x180.png 135w\" sizes=\"100vw\" \/><figcaption><span class=\"caption-text\">Da\u00f1o causado por un incendio en una residencia en la cuadra 1800 de la Avenida El Sereno el domingo 26 de diciembre de 2021. [Fotograf\u00eda cortes\u00eda del Departamento de Bomberos de Pasadena]<\/span><\/figcaption><\/figure><\/div>\n\n\n\n<p>Debido al da\u00f1o y un corte el\u00e9ctrico que Pasadena Water and Power determin\u00f3 que era una precauci\u00f3n de seguridad necesaria, un total de siete ocupantes fueron desplazados de la casa.<br>Dos de los ocupantes requirieron asistencia de la Cruz Roja Americana y tambi\u00e9n recibieron una tarjeta de regalo SAVE de $ 250 proporcionada por la Fundaci\u00f3n de Bomberos de California, inform\u00f3 Derderian.<\/p>\n\n\n\n<p>Se estaba investigando la causa del incendio, pero no se ha anunciado.<\/p>\n","protected":false},"excerpt":{"rendered":"<p>Los bomberos tuvieron que abrirse paso a la fuerza para pasar por una puerta de seguridad para combatir un incendio que da\u00f1\u00f3 gravemente una peque\u00f1a casa de un solo piso en la cuadra 1800 de la avenida El Sereno poco antes de las 7 p.m. Domingo.Los bomberos de Pasadena respaldados por el personal de San Marino Fire derribaron el fuego en 20 minutos, seg\u00fan la portavoz de Pasadena, Lisa Derderian. No se reportaron heridos. Aunque descrita como &#8220;peque\u00f1a&#8221;, la casa [&hellip;]<\/p>\n","protected":false},"author":4,"featured_media":0,"comment_status":"open","ping_status":"closed","sticky":false,"template":"","format":"standard","meta":[],"categories":[4],"tags":[],"acf":[],"_links":{"self":[{"href":"http:\/\/www.pasadenahoy.com\/primero\/wp-json\/wp\/v2\/posts\/13366"}],"collection":[{"href":"http:\/\/www.pasadenahoy.com\/primero\/wp-json\/wp\/v2\/posts"}],"about":[{"href":"http:\/\/www.pasadenahoy.com\/primero\/wp-json\/wp\/v2\/types\/post"}],"author":[{"embeddable":true,"href":"http:\/\/www.pasadenahoy.com\/primero\/wp-json\/wp\/v2\/users\/4"}],"replies":[{"embeddable":true,"href":"http:\/\/www.pasadenahoy.com\/primero\/wp-json\/wp\/v2\/comments?post=13366"}],"version-history":[{"count":2,"href":"http:\/\/www.pasadenahoy.com\/primero\/wp-json\/wp\/v2\/posts\/13366\/revisions"}],"predecessor-version":[{"id":13370,"href":"http:\/\/www.pasadenahoy.com\/primero\/wp-json\/wp\/v2\/posts\/13366\/revisions\/13370"}],"wp:attachment":[{"href":"http:\/\/www.pasadenahoy.com\/primero\/wp-json\/wp\/v2\/media?parent=13366"}],"wp:term":[{"taxonomy":"category","embeddable":true,"href":"http:\/\/www.pasadenahoy.com\/primero\/wp-json\/wp\/v2\/categories?post=13366"},{"taxonomy":"post_tag","embeddable":true,"href":"http:\/\/www.pasadenahoy.com\/primero\/wp-json\/wp\/v2\/tags?post=13366"}],"curies":[{"name":"wp","href":"https:\/\/api.w.org\/{rel}","templated":true}]}}