{"id":13387,"date":"2021-12-28T15:25:40","date_gmt":"2021-12-28T15:25:40","guid":{"rendered":"http:\/\/www.pasadenahoy.com\/primero\/?p=13387"},"modified":"2021-12-28T15:25:42","modified_gmt":"2021-12-28T15:25:42","slug":"el-torneo-de-rosas-cancela-los-eventos-auxiliares-publicos-en-interiores-confirma-que-el-desfile-y-el-juego-continuaran","status":"publish","type":"post","link":"http:\/\/www.pasadenahoy.com\/primero\/la-comunidad\/el-torneo-de-rosas-cancela-los-eventos-auxiliares-publicos-en-interiores-confirma-que-el-desfile-y-el-juego-continuaran\/","title":{"rendered":"El Torneo de Rosas cancela los &#8220;eventos auxiliares&#8221; p\u00fablicos en interiores, confirma que el desfile y el juego continuar\u00e1n"},"content":{"rendered":"\n<figure class=\"wp-block-image alignnone size-large\"><figure class=\"alignnone\"><img loading=\"lazy\" width=\"700\" height=\"378\" src=\"http:\/\/www.pasadenahoy.com\/primero\/wp-content\/uploads\/2021\/12\/pic-2-15.jpg\" alt=\"\" class=\"wp-image-13388\" srcset=\"http:\/\/www.pasadenahoy.com\/primero\/wp-content\/uploads\/2021\/12\/pic-2-15.jpg 700w, http:\/\/www.pasadenahoy.com\/primero\/wp-content\/uploads\/2021\/12\/pic-2-15-300x162.jpg 300w, http:\/\/www.pasadenahoy.com\/primero\/wp-content\/uploads\/2021\/12\/pic-2-15-241x130.jpg 241w, http:\/\/www.pasadenahoy.com\/primero\/wp-content\/uploads\/2021\/12\/pic-2-15-333x180.jpg 333w, http:\/\/www.pasadenahoy.com\/primero\/wp-content\/uploads\/2021\/12\/pic-2-15-360x194.jpg 360w\" sizes=\"100vw\" \/><\/figure><\/figure>\n\n\n\n<p>La Asociaci\u00f3n del Torneo de Rosas de Pasadena anunci\u00f3 el lunes que ha decidido cancelar peque\u00f1os eventos p\u00fablicos en interiores que tradicionalmente se celebran en los d\u00edas previos al Rose Parade y al Rose Bowl debido a la preocupaci\u00f3n por el aumento de los recuentos recientes de infecciones por COVID-19.<\/p>\n\n\n\n<p>\u201cPor precauci\u00f3n y en un esfuerzo por concentrarnos en los eventos esenciales para albergar el Rose Parade y el Rose Bowl Game, hemos cancelado todos los eventos auxiliares p\u00fablicos bajo techo\u201d, dijo el Torneo en un comunicado.<\/p>\n\n\n\n<p>\u201cLa salud y el bienestar de los participantes e invitados de nuestro desfile, as\u00ed como el de nuestros miembros voluntarios, personal profesional y socios, sigue siendo nuestra prioridad n\u00famero uno, y mientras monitoreamos de cerca la situaci\u00f3n que rodea a la variante Omicron, creemos que esto es el curso de acci\u00f3n m\u00e1s seguro &#8220;.<\/p>\n\n\n\n<p>El Torneo de Rosas de South Pasadena anunci\u00f3 que hab\u00eda pospuesto hasta la primavera su tradicional &#8220;Fiesta Crunch&#8221;, que es una importante recaudaci\u00f3n de fondos que ayuda a pagar los materiales utilizados para construir la carroza del Desfile de las Rosas de la ciudad.<\/p>\n\n\n\n<p>Lawry\u2019s Beef Bowl, donde los equipos del Rose Bowl cenan en el restaurante de costillas de primera calidad de Beverly Hills, tambi\u00e9n se cancel\u00f3 el lunes &#8220;debido a las crecientes preocupaciones en torno al COVID-19 y la variante Omicron&#8221;, anunci\u00f3 el restaurante. Lawry&#8217;s empaquetar\u00e1 y entregar\u00e1 comidas para llevar a los jugadores.<\/p>\n\n\n\n<p>Algunos eventos al aire libre apreciados, como Bandfest, que presenta bandas de m\u00fasica que aparecer\u00e1n en el Rose Parade y Equesfest, que permite al p\u00fablico conocer a los caballos y jinetes de Parade antes del d\u00eda de A\u00f1o Nuevo, se desarrollar\u00e1n seg\u00fan lo planeado esta semana.<\/p>\n\n\n\n<p>\u201cBandfest y Equestfest no son megaeventos y no requieren prueba de vacunaci\u00f3n o resultados negativos de las pruebas. Es muy recomendable que los clientes usen m\u00e1scaras durante estos eventos al aire libre. Estos eventos se llevar\u00e1n a cabo con lluvia o sol \u201d, dijo la directora de comunicaciones del torneo, Candy Carlson.<\/p>\n\n\n\n<p>Los planes para el Rose Parade y el Rose Bowl Game siguen en marcha, seg\u00fan el comunicado.<\/p>\n\n\n\n<p>&#8220;Seguimos confiando en nuestra capacidad para organizar el Desfile de las Rosas y el Juego del Rose Bowl de una manera responsable que permita a nuestros invitados celebrar el A\u00f1o Nuevo de manera segura&#8221;.<\/p>\n","protected":false},"excerpt":{"rendered":"<p>La Asociaci\u00f3n del Torneo de Rosas de Pasadena anunci\u00f3 el lunes que ha decidido cancelar peque\u00f1os eventos p\u00fablicos en interiores que tradicionalmente se celebran en los d\u00edas previos al Rose Parade y al Rose Bowl debido a la preocupaci\u00f3n por el aumento de los recuentos recientes de infecciones por COVID-19. \u201cPor precauci\u00f3n y en un esfuerzo por concentrarnos en los eventos esenciales para albergar el Rose Parade y el Rose Bowl Game, hemos cancelado todos los eventos auxiliares p\u00fablicos bajo [&hellip;]<\/p>\n","protected":false},"author":4,"featured_media":13388,"comment_status":"open","ping_status":"closed","sticky":false,"template":"","format":"standard","meta":[],"categories":[4],"tags":[],"acf":[],"_links":{"self":[{"href":"http:\/\/www.pasadenahoy.com\/primero\/wp-json\/wp\/v2\/posts\/13387"}],"collection":[{"href":"http:\/\/www.pasadenahoy.com\/primero\/wp-json\/wp\/v2\/posts"}],"about":[{"href":"http:\/\/www.pasadenahoy.com\/primero\/wp-json\/wp\/v2\/types\/post"}],"author":[{"embeddable":true,"href":"http:\/\/www.pasadenahoy.com\/primero\/wp-json\/wp\/v2\/users\/4"}],"replies":[{"embeddable":true,"href":"http:\/\/www.pasadenahoy.com\/primero\/wp-json\/wp\/v2\/comments?post=13387"}],"version-history":[{"count":2,"href":"http:\/\/www.pasadenahoy.com\/primero\/wp-json\/wp\/v2\/posts\/13387\/revisions"}],"predecessor-version":[{"id":13390,"href":"http:\/\/www.pasadenahoy.com\/primero\/wp-json\/wp\/v2\/posts\/13387\/revisions\/13390"}],"wp:featuredmedia":[{"embeddable":true,"href":"http:\/\/www.pasadenahoy.com\/primero\/wp-json\/wp\/v2\/media\/13388"}],"wp:attachment":[{"href":"http:\/\/www.pasadenahoy.com\/primero\/wp-json\/wp\/v2\/media?parent=13387"}],"wp:term":[{"taxonomy":"category","embeddable":true,"href":"http:\/\/www.pasadenahoy.com\/primero\/wp-json\/wp\/v2\/categories?post=13387"},{"taxonomy":"post_tag","embeddable":true,"href":"http:\/\/www.pasadenahoy.com\/primero\/wp-json\/wp\/v2\/tags?post=13387"}],"curies":[{"name":"wp","href":"https:\/\/api.w.org\/{rel}","templated":true}]}}