{"id":13391,"date":"2021-12-28T15:29:34","date_gmt":"2021-12-28T15:29:34","guid":{"rendered":"http:\/\/www.pasadenahoy.com\/primero\/?p=13391"},"modified":"2021-12-28T15:29:36","modified_gmt":"2021-12-28T15:29:36","slug":"se-preve-que-la-vispera-de-ano-nuevo-a-lo-largo-de-la-ruta-del-desfile-caera-a-34-grados","status":"publish","type":"post","link":"http:\/\/www.pasadenahoy.com\/primero\/la-comunidad\/se-preve-que-la-vispera-de-ano-nuevo-a-lo-largo-de-la-ruta-del-desfile-caera-a-34-grados\/","title":{"rendered":"Se prev\u00e9 que la v\u00edspera de a\u00f1o nuevo a lo largo de la ruta del desfile caer\u00e1 a 34 grados"},"content":{"rendered":"\n<figure class=\"wp-block-image alignnone size-large\"><figure class=\"alignnone\"><img loading=\"lazy\" width=\"700\" height=\"378\" src=\"http:\/\/www.pasadenahoy.com\/primero\/wp-content\/uploads\/2021\/12\/pic-3-13.jpg\" alt=\"\" class=\"wp-image-13392\" srcset=\"http:\/\/www.pasadenahoy.com\/primero\/wp-content\/uploads\/2021\/12\/pic-3-13.jpg 700w, http:\/\/www.pasadenahoy.com\/primero\/wp-content\/uploads\/2021\/12\/pic-3-13-300x162.jpg 300w, http:\/\/www.pasadenahoy.com\/primero\/wp-content\/uploads\/2021\/12\/pic-3-13-241x130.jpg 241w, http:\/\/www.pasadenahoy.com\/primero\/wp-content\/uploads\/2021\/12\/pic-3-13-333x180.jpg 333w, http:\/\/www.pasadenahoy.com\/primero\/wp-content\/uploads\/2021\/12\/pic-3-13-360x194.jpg 360w\" sizes=\"100vw\" \/><\/figure><\/figure>\n\n\n\n<p>Aunque el d\u00eda de A\u00f1o Nuevo ser\u00e1 despejado y soleado con un m\u00e1ximo cercano a 56, se espera que las temperaturas del viernes por la noche a lo largo de la ruta del Rose Parade en Pasadena caigan un poco por encima del punto de congelaci\u00f3n, seg\u00fan el Servicio Meteorol\u00f3gico Nacional.<\/p>\n\n\n\n<p>Los funcionarios de la ciudad ofrecieron el martes consejos a los asistentes al desfile sobre c\u00f3mo hacer frente a las bajas temperaturas.<\/p>\n\n\n\n<p>\u201cV\u00edstase en capas: use un gorro para mantener la cabeza caliente y guantes en lugar de las manos\u201d, aconsej\u00f3 la portavoz de la ciudad Lisa Derderian.<\/p>\n\n\n\n<p>Derderian tambi\u00e9n dijo que los campistas nocturnos deben usar solo fuegos de calentamiento fabricados profesionalmente aprobados y asegurarse de nunca colocar los fuegos demasiado cerca de sacos de dormir, catres improvisados, etc.<\/p>\n\n\n\n<p>Evite el alcohol, se deshidrata y es ilegal en este entorno, dijo.<\/p>\n\n\n\n<p>Derderian dijo que la v\u00edspera de A\u00f1o Nuevo ser\u00e1 fr\u00eda para los est\u00e1ndares del sur de California.<\/p>\n\n\n\n<p>\u201cEst\u00e9 preparado porque puede provocar problemas m\u00e9dicos, especialmente en ni\u00f1os peque\u00f1os y adultos mayores\u201d, aconsej\u00f3.<\/p>\n\n\n\n<p>Cuando se expone a temperaturas fr\u00edas, el cuerpo humano comienza a perder calor m\u00e1s r\u00e1pido de lo que se puede producir. La exposici\u00f3n prolongada al fr\u00edo eventualmente consumir\u00e1 la energ\u00eda almacenada de una persona. El resultado es hipotermia o temperatura corporal anormalmente baja.<\/p>\n\n\n\n<p>Una temperatura corporal demasiado baja afecta el cerebro, lo que hace que la v\u00edctima no pueda pensar con claridad o moverse bien. Esto hace que la hipotermia sea particularmente peligrosa porque es posible que una persona no sepa que est\u00e1 sucediendo y no podr\u00e1 hacer nada al respecto.<\/p>\n\n\n\n<p>Los s\u00edntomas de aparici\u00f3n incluyen<\/p>\n\n\n\n<p>Temblando<\/p>\n\n\n\n<p>Fatiga<\/p>\n\n\n\n<p>P\u00e9rdida de coordinaci\u00f3n<\/p>\n\n\n\n<p>Confusi\u00f3n y desorientaci\u00f3n<\/p>\n\n\n\n<p>Mientras tanto, dado que se espera que las temperaturas fr\u00edas del viento caigan por debajo del punto de congelaci\u00f3n en los pr\u00f3ximos d\u00edas, el oficial de salud del condado de Los \u00c1ngeles emiti\u00f3 una alerta de clima fr\u00edo para el Valle de San Gabriel de martes a mi\u00e9rcoles.<\/p>\n","protected":false},"excerpt":{"rendered":"<p>Aunque el d\u00eda de A\u00f1o Nuevo ser\u00e1 despejado y soleado con un m\u00e1ximo cercano a 56, se espera que las temperaturas del viernes por la noche a lo largo de la ruta del Rose Parade en Pasadena caigan un poco por encima del punto de congelaci\u00f3n, seg\u00fan el Servicio Meteorol\u00f3gico Nacional. Los funcionarios de la ciudad ofrecieron el martes consejos a los asistentes al desfile sobre c\u00f3mo hacer frente a las bajas temperaturas. \u201cV\u00edstase en capas: use un gorro para [&hellip;]<\/p>\n","protected":false},"author":4,"featured_media":13392,"comment_status":"open","ping_status":"closed","sticky":false,"template":"","format":"standard","meta":[],"categories":[4],"tags":[],"acf":[],"_links":{"self":[{"href":"http:\/\/www.pasadenahoy.com\/primero\/wp-json\/wp\/v2\/posts\/13391"}],"collection":[{"href":"http:\/\/www.pasadenahoy.com\/primero\/wp-json\/wp\/v2\/posts"}],"about":[{"href":"http:\/\/www.pasadenahoy.com\/primero\/wp-json\/wp\/v2\/types\/post"}],"author":[{"embeddable":true,"href":"http:\/\/www.pasadenahoy.com\/primero\/wp-json\/wp\/v2\/users\/4"}],"replies":[{"embeddable":true,"href":"http:\/\/www.pasadenahoy.com\/primero\/wp-json\/wp\/v2\/comments?post=13391"}],"version-history":[{"count":2,"href":"http:\/\/www.pasadenahoy.com\/primero\/wp-json\/wp\/v2\/posts\/13391\/revisions"}],"predecessor-version":[{"id":13394,"href":"http:\/\/www.pasadenahoy.com\/primero\/wp-json\/wp\/v2\/posts\/13391\/revisions\/13394"}],"wp:featuredmedia":[{"embeddable":true,"href":"http:\/\/www.pasadenahoy.com\/primero\/wp-json\/wp\/v2\/media\/13392"}],"wp:attachment":[{"href":"http:\/\/www.pasadenahoy.com\/primero\/wp-json\/wp\/v2\/media?parent=13391"}],"wp:term":[{"taxonomy":"category","embeddable":true,"href":"http:\/\/www.pasadenahoy.com\/primero\/wp-json\/wp\/v2\/categories?post=13391"},{"taxonomy":"post_tag","embeddable":true,"href":"http:\/\/www.pasadenahoy.com\/primero\/wp-json\/wp\/v2\/tags?post=13391"}],"curies":[{"name":"wp","href":"https:\/\/api.w.org\/{rel}","templated":true}]}}