{"id":13411,"date":"2021-12-29T15:07:50","date_gmt":"2021-12-29T15:07:50","guid":{"rendered":"http:\/\/www.pasadenahoy.com\/primero\/?p=13411"},"modified":"2021-12-29T15:07:53","modified_gmt":"2021-12-29T15:07:53","slug":"pasadena-ve-203-nuevos-casos-de-covid-19-en-un-solo-dia-el-recuento-diario-mas-alto-desde-el-8-de-enero","status":"publish","type":"post","link":"http:\/\/www.pasadenahoy.com\/primero\/la-comunidad\/pasadena-ve-203-nuevos-casos-de-covid-19-en-un-solo-dia-el-recuento-diario-mas-alto-desde-el-8-de-enero\/","title":{"rendered":"Pasadena ve 203 nuevos casos de COVID-19 en un solo d\u00eda, el recuento diario m\u00e1s alto desde el 8 de enero"},"content":{"rendered":"\n<figure class=\"wp-block-image alignnone size-large\"><figure class=\"alignnone\"><img loading=\"lazy\" width=\"738\" height=\"400\" src=\"http:\/\/www.pasadenahoy.com\/primero\/wp-content\/uploads\/2021\/12\/pic-1-5.png\" alt=\"\" class=\"wp-image-13412\" srcset=\"http:\/\/www.pasadenahoy.com\/primero\/wp-content\/uploads\/2021\/12\/pic-1-5.png 738w, http:\/\/www.pasadenahoy.com\/primero\/wp-content\/uploads\/2021\/12\/pic-1-5-300x163.png 300w, http:\/\/www.pasadenahoy.com\/primero\/wp-content\/uploads\/2021\/12\/pic-1-5-240x130.png 240w, http:\/\/www.pasadenahoy.com\/primero\/wp-content\/uploads\/2021\/12\/pic-1-5-332x180.png 332w, http:\/\/www.pasadenahoy.com\/primero\/wp-content\/uploads\/2021\/12\/pic-1-5-700x379.png 700w, http:\/\/www.pasadenahoy.com\/primero\/wp-content\/uploads\/2021\/12\/pic-1-5-360x195.png 360w, http:\/\/www.pasadenahoy.com\/primero\/wp-content\/uploads\/2021\/12\/pic-1-5-720x390.png 720w\" sizes=\"100vw\" \/><\/figure><\/figure>\n\n\n\n<p>Funcionarios de Pasadena dijeron el martes que la ciudad registr\u00f3 su mayor recuento de nuevas infecciones por COVID-19 en un solo d\u00eda a fines de la semana pasada, ya que el reciente aumento de nuevos casos alcanz\u00f3 un nivel no visto desde el aumento de la variante Delta en enero pasado.<\/p>\n\n\n\n<p>Sin embargo, el salto en nuevos casos no ha supuesto un aumento vertiginoso de pacientes hospitalizados y fallecidos.<\/p>\n\n\n\n<p>La portavoz de la ciudad, Lisa Derderian, dijo que el departamento de Salud P\u00fablica de Pasadedna registr\u00f3 203 y 12 probables nuevos casos de COVID-19 el viernes pasado. Ese es el d\u00eda m\u00e1s alto desde que se registraron 238 casos el 8 de enero de 2021. En el pico del aumento del Delta, el recuento de casos nuevos del d\u00eda m\u00e1s alto fue de 253 infecciones.<\/p>\n\n\n\n<p>Derderian dijo que el recuento de casos en los \u00faltimos d\u00edas fue de 107 casos nuevos el s\u00e1bado; 61 casos nuevos confirmados y 4 probables el domingo; 105 casos nuevos confirmados y 3 probables el lunes; y a partir de las 4:30 p.m. el martes, 66 confirmados y 15 probables nuevos casos el martes.<\/p>\n\n\n\n<p>El n\u00famero promedio de 7 d\u00edas de casos nuevos de CIOVID-19 en la ciudad fue de 119,6 casos el martes, frente a poco m\u00e1s de 20 a principios de la semana pasada.<\/p>\n\n\n\n<p>La informaci\u00f3n de carga de casos COVID-19 disponible m\u00e1s recientemente del Huntington Hospital del lunes mostr\u00f3 un total de 39 pacientes COVID-19 positivos ingresados \u200b\u200besa tarde. 13 estaban bajo cuidados en UCI. El 79% del n\u00famero total de pacientes no estaban vacunados.<\/p>\n\n\n\n<p>El hospital dijo el martes en un comunicado que con Pasadena a punto de convertirse en el hogar temporal de cientos de miles de visitantes que asisten al Rose Parade y al Rose Bowl Game, las autoridades anticipan una posible afluencia de pacientes.<\/p>\n\n\n\n<p>Se han instalado tiendas de campa\u00f1a para ampliar la capacidad del departamento de emergencias del hospital, en caso de que surja la necesidad, seg\u00fan un comunicado del hospital.<\/p>\n\n\n\n<p>Se espera que el volumen del departamento de emergencias junto con los tiempos de espera sean m\u00e1s altos de lo habitual, seg\u00fan el comunicado.<\/p>\n\n\n\n<p>Huntington Hospital es el \u00fanico centro de trauma de Nivel II en el Valle de San Gabriel y opera la \u00fanica sala de emergencias en Pasadena.<\/p>\n\n\n\n<p>En todo el condado de Los \u00c1ngeles, por primera vez desde finales de septiembre, el n\u00famero de personas en los hospitales del condado de Los \u00c1ngeles con COVID-19 ha superado la marca de 1,000, lo que refleja una fuerte tendencia al alza en las infecciones y un aumento dram\u00e1tico en la tasa de personas que dan positivo por El virus.<\/p>\n\n\n\n<p>Seg\u00fan cifras estatales, hab\u00eda 1.069 pacientes COVID positivos en los hospitales del condado de Los \u00c1ngeles hasta el martes, frente a los 966 del lunes. De esos pacientes, 207 estaban siendo tratados en cuidados intensivos, frente a los 200 del d\u00eda anterior.<\/p>\n\n\n\n<p>El aumento est\u00e1 siendo observado de cerca por los funcionarios de salud p\u00fablica del condado preocupados porque los hospitales, que ampliaron la capacidad para manejar el n\u00famero de pacientes de COVID que super\u00f3 los 8,000 en enero pasado, est\u00e1n menos equipados para hacer frente a un aumento tan intenso este invierno debido a varios factores, en particular una ca\u00edda. en la dotaci\u00f3n de personal.<\/p>\n\n\n\n<p>El aumento del condado de Los \u00c1ngeles en las hospitalizaciones por COVID ha sido r\u00e1pido, aumentando en un 30% durante la semana pasada. Hace un mes, el 27 de noviembre, el estado report\u00f3 solo 568 pacientes con virus en el condado.<\/p>\n\n\n\n<p>Tambi\u00e9n est\u00e1 aumentando r\u00e1pidamente la tasa de personas que dan positivo por el virus. Seg\u00fan el Departamento de Salud P\u00fablica del condado, la tasa diaria promedio de siete d\u00edas de personas que dieron positivo por el virus aument\u00f3 al 14,5% a partir del martes. Hace una semana, la tasa era del 3%. El 22 de noviembre era del 0,9%.<\/p>\n\n\n\n<p>La repentina y r\u00e1pida propagaci\u00f3n del virus se atribuye directamente a la variante Omicron del virus, que seg\u00fan los expertos se transmite f\u00e1cilmente de persona a persona. Incluso las personas completamente vacunadas son susceptibles a la infecci\u00f3n por Omicron, aunque los funcionarios de salud dicen que tienen muchas menos probabilidades de enfermarse gravemente, terminar hospitalizadas o morir. La directora de Salud P\u00fablica del condado, Barbara Ferrer, dijo la semana pasada que las personas no vacunadas tienen 21 veces m\u00e1s probabilidades de ser hospitalizadas que las vacunadas.<\/p>\n\n\n\n<p>El condado inform\u00f3 el martes de otras 9.473 nuevas infecciones por COVID, lo que eleva el n\u00famero total acumulativo de infecciones pand\u00e9micas a 1.632.893.<\/p>\n\n\n\n<p>Tambi\u00e9n se informaron otras 22 muertes relacionadas con el virus, lo que elev\u00f3 el n\u00famero de muertos en el condado a 27.576.<\/p>\n\n\n\n<p>Las autoridades han dicho que alrededor del 90% de las muertes por COVID durante la pandemia ocurrieron en personas que ten\u00edan problemas de salud subyacentes. Las afecciones m\u00e1s comunes son la hipertensi\u00f3n, la diabetes y las enfermedades card\u00edacas.<\/p>\n\n\n\n<p>\u201c\u2026 Si bien todos deseamos que el 2022 comience sin la tragedia continua de enfermedades graves y muertes asociadas con COVID, en cambio nos enfrentamos a la perspectiva de un aumento alarmante que requiere que todas las personas act\u00faen con intencionalidad: vacunarse y reforzarse, hacerse la prueba, y por favor, use siempre una m\u00e1scara alrededor de los dem\u00e1s \u201d, dijo Ferrer en un comunicado el martes. &#8220;Estas son las herramientas que tenemos para tratar de mantenernos a salvo durante las vacaciones&#8221;.<\/p>\n\n\n\n<p>Ferrer dijo la semana pasada que el condado no estaba contemplando de inmediato ninguna nueva restricci\u00f3n de salud en respuesta al \u00faltimo aumento de virus, aunque dijo que todo permanece sobre la mesa dependiendo de la trayectoria de las infecciones y el impacto m\u00e1s cr\u00edtico en el sistema hospitalario.  <\/p>\n\n\n\n<p>metro.<\/p>\n\n\n\n<p>El departamento de salud anunci\u00f3 el viernes que estaba ampliando el acceso a las pruebas de COVID gratuitas en medio de una mayor demanda durante las vacaciones.<\/p>\n\n\n\n<p>Los cambios incluyen:<\/p>\n\n\n\n<p>Horas de operaci\u00f3n extendidas en sitios en todo el condado de Los \u00c1ngeles;<\/p>\n\n\n\n<p>Fechas adicionales de semana y fin de semana;<\/p>\n\n\n\n<p>Unidades de prueba m\u00f3viles adicionales en \u00e1reas m\u00e1s afectadas;<\/p>\n\n\n\n<p>Relanzamiento del programa Holiday Home Test Collection con nuevas pautas para llegar a m\u00e1s personas y facilitar la realizaci\u00f3n de la prueba. El enlace est\u00e1 en <a href=\"https:\/\/covid19.lacounty.gov\/hometest.\">https:\/\/covid19.lacounty.gov\/hometest.<\/a><\/p>\n\n\n\n<p>Cualquier residente del condado que tenga s\u00edntomas o crea que estuvo expuesto al COVID-19 puede solicitar un kit de prueba en el hogar, que requiere que la recolecci\u00f3n de hisopos se env\u00ede por correo para obtener el resultado de la prueba de PCR.<\/p>\n\n\n\n<p><\/p>\n","protected":false},"excerpt":{"rendered":"<p>Funcionarios de Pasadena dijeron el martes que la ciudad registr\u00f3 su mayor recuento de nuevas infecciones por COVID-19 en un solo d\u00eda a fines de la semana pasada, ya que el reciente aumento de nuevos casos alcanz\u00f3 un nivel no visto desde el aumento de la variante Delta en enero pasado. Sin embargo, el salto en nuevos casos no ha supuesto un aumento vertiginoso de pacientes hospitalizados y fallecidos. La portavoz de la ciudad, Lisa Derderian, dijo que el departamento [&hellip;]<\/p>\n","protected":false},"author":4,"featured_media":13412,"comment_status":"open","ping_status":"closed","sticky":false,"template":"","format":"standard","meta":[],"categories":[4],"tags":[],"acf":[],"_links":{"self":[{"href":"http:\/\/www.pasadenahoy.com\/primero\/wp-json\/wp\/v2\/posts\/13411"}],"collection":[{"href":"http:\/\/www.pasadenahoy.com\/primero\/wp-json\/wp\/v2\/posts"}],"about":[{"href":"http:\/\/www.pasadenahoy.com\/primero\/wp-json\/wp\/v2\/types\/post"}],"author":[{"embeddable":true,"href":"http:\/\/www.pasadenahoy.com\/primero\/wp-json\/wp\/v2\/users\/4"}],"replies":[{"embeddable":true,"href":"http:\/\/www.pasadenahoy.com\/primero\/wp-json\/wp\/v2\/comments?post=13411"}],"version-history":[{"count":2,"href":"http:\/\/www.pasadenahoy.com\/primero\/wp-json\/wp\/v2\/posts\/13411\/revisions"}],"predecessor-version":[{"id":13414,"href":"http:\/\/www.pasadenahoy.com\/primero\/wp-json\/wp\/v2\/posts\/13411\/revisions\/13414"}],"wp:featuredmedia":[{"embeddable":true,"href":"http:\/\/www.pasadenahoy.com\/primero\/wp-json\/wp\/v2\/media\/13412"}],"wp:attachment":[{"href":"http:\/\/www.pasadenahoy.com\/primero\/wp-json\/wp\/v2\/media?parent=13411"}],"wp:term":[{"taxonomy":"category","embeddable":true,"href":"http:\/\/www.pasadenahoy.com\/primero\/wp-json\/wp\/v2\/categories?post=13411"},{"taxonomy":"post_tag","embeddable":true,"href":"http:\/\/www.pasadenahoy.com\/primero\/wp-json\/wp\/v2\/tags?post=13411"}],"curies":[{"name":"wp","href":"https:\/\/api.w.org\/{rel}","templated":true}]}}