{"id":13432,"date":"2021-12-29T15:37:24","date_gmt":"2021-12-29T15:37:24","guid":{"rendered":"http:\/\/www.pasadenahoy.com\/primero\/?p=13432"},"modified":"2021-12-29T15:37:26","modified_gmt":"2021-12-29T15:37:26","slug":"se-avecina-una-nueva-tormenta-con-periodos-de-lluvia-intensa-y-truenos-previstos","status":"publish","type":"post","link":"http:\/\/www.pasadenahoy.com\/primero\/la-comunidad\/se-avecina-una-nueva-tormenta-con-periodos-de-lluvia-intensa-y-truenos-previstos\/","title":{"rendered":"Se avecina una nueva tormenta, con per\u00edodos de lluvia intensa y truenos previstos"},"content":{"rendered":"\n<figure class=\"wp-block-image alignnone size-large\"><figure class=\"alignnone\"><img loading=\"lazy\" width=\"700\" height=\"378\" src=\"http:\/\/www.pasadenahoy.com\/primero\/wp-content\/uploads\/2021\/12\/pic-6-12.jpg\" alt=\"\" class=\"wp-image-13433\" srcset=\"http:\/\/www.pasadenahoy.com\/primero\/wp-content\/uploads\/2021\/12\/pic-6-12.jpg 700w, http:\/\/www.pasadenahoy.com\/primero\/wp-content\/uploads\/2021\/12\/pic-6-12-300x162.jpg 300w, http:\/\/www.pasadenahoy.com\/primero\/wp-content\/uploads\/2021\/12\/pic-6-12-241x130.jpg 241w, http:\/\/www.pasadenahoy.com\/primero\/wp-content\/uploads\/2021\/12\/pic-6-12-333x180.jpg 333w, http:\/\/www.pasadenahoy.com\/primero\/wp-content\/uploads\/2021\/12\/pic-6-12-360x194.jpg 360w\" sizes=\"100vw\" \/><\/figure><\/figure>\n\n\n\n<p>El patr\u00f3n de clima h\u00famedo se restableci\u00f3 durante la noche despu\u00e9s de un breve respiro de 1 d\u00eda, y se esperan m\u00e1s lluvias el mi\u00e9rcoles y jueves que las observadas en tormentas anteriores en las \u00faltimas semanas, seg\u00fan los pronosticadores del Servicio Meteorol\u00f3gico Nacional.<\/p>\n\n\n\n<p>El NWS dijo que podr\u00edan caer 4 pulgadas o m\u00e1s de lluvia en las \u00e1reas de las colinas y los valles.<\/p>\n\n\n\n<p>Las temperaturas se mantendr\u00e1n significativamente por debajo del promedio.<\/p>\n\n\n\n<p>Se espera un clima seco desde el viernes hasta el pr\u00f3ximo fin de semana festivo, y se prev\u00e9 un d\u00eda de A\u00f1o Nuevo despejado, soleado pero fr\u00edo a lo largo de la ruta del Desfile de las Rosas.<\/p>\n\n\n\n<p>Otra tormenta podr\u00eda llegar la pr\u00f3xima semana, dijo Kristen Stewart, meteor\u00f3loga del Servicio Meteorol\u00f3gico Nacional, al Long Beach Press Telegram.<\/p>\n\n\n\n<p>&#8220;Es un patr\u00f3n bastante fresco y h\u00famedo entrando en el nuevo a\u00f1o, lo cual es bueno considerando lo que hemos estado viendo este a\u00f1o&#8221;, dijo. \u201cEl a\u00f1o pasado fue un fracaso. El a\u00f1o que viene est\u00e1 comenzando fuerte, al menos por ahora \u201d.<\/p>\n\n\n\n<p>Aqu\u00ed hay un vistazo de cerca al pron\u00f3stico del NWS:<\/p>\n\n\n\n<p>Mi\u00e9rcoles: Lluvia. M\u00e1xima alrededor de 51. Viento del sureste entre 10 y 15 mph, con r\u00e1fagas de hasta 20 mph. La probabilidad de precipitaci\u00f3n es del 100%.<\/p>\n\n\n\n<p>Mi\u00e9rcoles por la Noche: Lluvia. M\u00ednima alrededor de 45. Viento del sur sureste entre 10 y 15 mph, con r\u00e1fagas de hasta 25 mph. La probabilidad de precipitaci\u00f3n es del 90%.<\/p>\n\n\n\n<p>Jueves: Lluvia probable. Mayormente nublado, la m\u00e1xima alrededor de 55. Viento del sureste de 10 a 15 mph y se pondr\u00e1 en calma. Los vientos pueden alcanzar r\u00e1fagas de hasta 25 mph. La probabilidad de precipitaci\u00f3n es del 70%.<\/p>\n\n\n\n<p>Jue. Por la Noche: Una probabilidad de 30 por ciento lluvias antes de 10 p.m. Mayormente nublado, la m\u00ednima alrededor de 40. Viento en calma y llegar\u00e1 del norte alrededor de 5 mph despu\u00e9s de medianoche.<\/p>\n\n\n\n<p>Viernes: Mayormente soleado, la m\u00e1xima alrededor de 58.<\/p>\n\n\n\n<p>Por la Noche: Mayormente despejado, la m\u00ednima alrededor de 38.<\/p>\n\n\n\n<p>D\u00eda de A\u00f1o Nuevo: Soleado, la m\u00e1xima alrededor de 61.<\/p>\n\n\n\n<p>S\u00e1b. Por la Noche: Despejado, la m\u00ednima alrededor de 36.<\/p>\n\n\n\n<p>Domingo: Soleado, la m\u00e1xima alrededor de 62.<\/p>\n\n\n\n<p>Dom. Por la Noche: Mayormente despejado, la m\u00ednima alrededor de 39.<\/p>\n\n\n\n<p>Lunes: Soleado, la m\u00e1xima alrededor de 60.<\/p>\n\n\n\n<p>Por la Noche: Mayormente despejado, la m\u00ednima alrededor de 40.<\/p>\n\n\n\n<p>Martes: Mayormente soleado, la m\u00e1xima alrededor de 58.<\/p>\n","protected":false},"excerpt":{"rendered":"<p>El patr\u00f3n de clima h\u00famedo se restableci\u00f3 durante la noche despu\u00e9s de un breve respiro de 1 d\u00eda, y se esperan m\u00e1s lluvias el mi\u00e9rcoles y jueves que las observadas en tormentas anteriores en las \u00faltimas semanas, seg\u00fan los pronosticadores del Servicio Meteorol\u00f3gico Nacional. El NWS dijo que podr\u00edan caer 4 pulgadas o m\u00e1s de lluvia en las \u00e1reas de las colinas y los valles. Las temperaturas se mantendr\u00e1n significativamente por debajo del promedio. Se espera un clima seco desde [&hellip;]<\/p>\n","protected":false},"author":4,"featured_media":0,"comment_status":"open","ping_status":"closed","sticky":false,"template":"","format":"standard","meta":[],"categories":[4],"tags":[],"acf":[],"_links":{"self":[{"href":"http:\/\/www.pasadenahoy.com\/primero\/wp-json\/wp\/v2\/posts\/13432"}],"collection":[{"href":"http:\/\/www.pasadenahoy.com\/primero\/wp-json\/wp\/v2\/posts"}],"about":[{"href":"http:\/\/www.pasadenahoy.com\/primero\/wp-json\/wp\/v2\/types\/post"}],"author":[{"embeddable":true,"href":"http:\/\/www.pasadenahoy.com\/primero\/wp-json\/wp\/v2\/users\/4"}],"replies":[{"embeddable":true,"href":"http:\/\/www.pasadenahoy.com\/primero\/wp-json\/wp\/v2\/comments?post=13432"}],"version-history":[{"count":2,"href":"http:\/\/www.pasadenahoy.com\/primero\/wp-json\/wp\/v2\/posts\/13432\/revisions"}],"predecessor-version":[{"id":13435,"href":"http:\/\/www.pasadenahoy.com\/primero\/wp-json\/wp\/v2\/posts\/13432\/revisions\/13435"}],"wp:attachment":[{"href":"http:\/\/www.pasadenahoy.com\/primero\/wp-json\/wp\/v2\/media?parent=13432"}],"wp:term":[{"taxonomy":"category","embeddable":true,"href":"http:\/\/www.pasadenahoy.com\/primero\/wp-json\/wp\/v2\/categories?post=13432"},{"taxonomy":"post_tag","embeddable":true,"href":"http:\/\/www.pasadenahoy.com\/primero\/wp-json\/wp\/v2\/tags?post=13432"}],"curies":[{"name":"wp","href":"https:\/\/api.w.org\/{rel}","templated":true}]}}