{"id":13459,"date":"2021-12-30T15:32:39","date_gmt":"2021-12-30T15:32:39","guid":{"rendered":"http:\/\/www.pasadenahoy.com\/primero\/?p=13459"},"modified":"2021-12-30T15:32:41","modified_gmt":"2021-12-30T15:32:41","slug":"pasadena-facilita-a-los-residentes-el-reciclaje-de-arboles-de-navidad","status":"publish","type":"post","link":"http:\/\/www.pasadenahoy.com\/primero\/la-comunidad\/pasadena-facilita-a-los-residentes-el-reciclaje-de-arboles-de-navidad\/","title":{"rendered":"Pasadena facilita a los residentes el reciclaje de \u00e1rboles de Navidad"},"content":{"rendered":"\n<figure class=\"wp-block-image alignnone size-large\"><figure class=\"alignnone\"><img loading=\"lazy\" width=\"700\" height=\"466\" src=\"http:\/\/www.pasadenahoy.com\/primero\/wp-content\/uploads\/2021\/12\/pic-6-13.jpg\" alt=\"\" class=\"wp-image-13460\" srcset=\"http:\/\/www.pasadenahoy.com\/primero\/wp-content\/uploads\/2021\/12\/pic-6-13.jpg 700w, http:\/\/www.pasadenahoy.com\/primero\/wp-content\/uploads\/2021\/12\/pic-6-13-300x200.jpg 300w, http:\/\/www.pasadenahoy.com\/primero\/wp-content\/uploads\/2021\/12\/pic-6-13-195x130.jpg 195w, http:\/\/www.pasadenahoy.com\/primero\/wp-content\/uploads\/2021\/12\/pic-6-13-270x180.jpg 270w, http:\/\/www.pasadenahoy.com\/primero\/wp-content\/uploads\/2021\/12\/pic-6-13-360x240.jpg 360w\" sizes=\"100vw\" \/><figcaption><span class=\"caption-text\">Foto cortes\u00eda de la ciudad de Pasadena.<\/span><\/figcaption><\/figure><\/figure>\n\n\n\n<p>Considere la posibilidad de convertir el reciclaje de \u00e1rboles en parte de su tradici\u00f3n posterior a las vacaciones. La ciudad de Pasadena ofrece maneras f\u00e1ciles de \u201cvolverse ecol\u00f3gico\u201d con su \u00e1rbol de Navidad.<\/p>\n\n\n\n<p>Gracias a su ayuda, el a\u00f1o pasado la Ciudad recolect\u00f3 alrededor de 10,000 \u00e1rboles para reciclar, ahorrando un valioso espacio en el relleno sanitario y generando mantillo protector para jardines.<\/p>\n\n\n\n<p>Recuerde, hasta que est\u00e9 listo para derribar su \u00e1rbol y reciclar, mantenga todos los \u00e1rboles exhibidos adecuadamente regados para que no se sequen mientras todav\u00eda est\u00e1n dentro de su casa.<\/p>\n\n\n\n<p>Puede dejar su \u00e1rbol en un sitio autorizado o colocarlo junto a la acera para que lo recojan.<\/p>\n\n\n\n<p>Los residentes pueden dejar sus \u00e1rboles de Navidad hasta el domingo 2 de enero para reciclarlos en Eaton Blanche Park (3100 E. Del Mar Blvd.) o Robinson Park (1081 N. Fair Oaks Ave.) entre las 7 a.m. y las 2 p.m. La ciudad requiere que retire todos los puestos, adornos y luces antes de dejarlos.<\/p>\n\n\n\n<p>La recolecci\u00f3n del \u00e1rbol de Navidad en la acera se llevar\u00e1 a cabo del 3 al 14 de enero en el d\u00eda regular de recolecci\u00f3n de los residentes. Los \u00e1rboles de Navidad se recoger\u00e1n en su d\u00eda normal de servicio.<\/p>\n\n\n\n<p>Recuerde, se deben quitar todos los adornos, luces y soportes. Los \u00e1rboles tratados con retardante de fuego y flocados son aceptables. No coloque \u00e1rboles afuera para recogerlos en la acera hasta la ma\u00f1ana de su d\u00eda de servicio regular.<\/p>\n\n\n\n<p>Para obtener m\u00e1s informaci\u00f3n, llame al Citizen Service Center al (626) 744-7311 o en l\u00ednea en <a href=\"http:\/\/www.cityofpasaadena.net\/publicworks\">www.cityofpasaadena.net\/publicworks.<\/a><\/p>\n","protected":false},"excerpt":{"rendered":"<p>Considere la posibilidad de convertir el reciclaje de \u00e1rboles en parte de su tradici\u00f3n posterior a las vacaciones. La ciudad de Pasadena ofrece maneras f\u00e1ciles de \u201cvolverse ecol\u00f3gico\u201d con su \u00e1rbol de Navidad. Gracias a su ayuda, el a\u00f1o pasado la Ciudad recolect\u00f3 alrededor de 10,000 \u00e1rboles para reciclar, ahorrando un valioso espacio en el relleno sanitario y generando mantillo protector para jardines. Recuerde, hasta que est\u00e9 listo para derribar su \u00e1rbol y reciclar, mantenga todos los \u00e1rboles exhibidos adecuadamente [&hellip;]<\/p>\n","protected":false},"author":4,"featured_media":0,"comment_status":"open","ping_status":"closed","sticky":false,"template":"","format":"standard","meta":[],"categories":[4],"tags":[],"acf":[],"_links":{"self":[{"href":"http:\/\/www.pasadenahoy.com\/primero\/wp-json\/wp\/v2\/posts\/13459"}],"collection":[{"href":"http:\/\/www.pasadenahoy.com\/primero\/wp-json\/wp\/v2\/posts"}],"about":[{"href":"http:\/\/www.pasadenahoy.com\/primero\/wp-json\/wp\/v2\/types\/post"}],"author":[{"embeddable":true,"href":"http:\/\/www.pasadenahoy.com\/primero\/wp-json\/wp\/v2\/users\/4"}],"replies":[{"embeddable":true,"href":"http:\/\/www.pasadenahoy.com\/primero\/wp-json\/wp\/v2\/comments?post=13459"}],"version-history":[{"count":2,"href":"http:\/\/www.pasadenahoy.com\/primero\/wp-json\/wp\/v2\/posts\/13459\/revisions"}],"predecessor-version":[{"id":13462,"href":"http:\/\/www.pasadenahoy.com\/primero\/wp-json\/wp\/v2\/posts\/13459\/revisions\/13462"}],"wp:attachment":[{"href":"http:\/\/www.pasadenahoy.com\/primero\/wp-json\/wp\/v2\/media?parent=13459"}],"wp:term":[{"taxonomy":"category","embeddable":true,"href":"http:\/\/www.pasadenahoy.com\/primero\/wp-json\/wp\/v2\/categories?post=13459"},{"taxonomy":"post_tag","embeddable":true,"href":"http:\/\/www.pasadenahoy.com\/primero\/wp-json\/wp\/v2\/tags?post=13459"}],"curies":[{"name":"wp","href":"https:\/\/api.w.org\/{rel}","templated":true}]}}