{"id":13476,"date":"2022-01-03T16:20:32","date_gmt":"2022-01-03T16:20:32","guid":{"rendered":"http:\/\/www.pasadenahoy.com\/primero\/?p=13476"},"modified":"2022-01-03T17:23:45","modified_gmt":"2022-01-03T17:23:45","slug":"lo-que-los-habitantes-de-pasadena-deben-saber-sobre-la-nueva-ley-de-compostaje-de-california","status":"publish","type":"post","link":"http:\/\/www.pasadenahoy.com\/primero\/la-comunidad\/lo-que-los-habitantes-de-pasadena-deben-saber-sobre-la-nueva-ley-de-compostaje-de-california\/","title":{"rendered":"Lo que los habitantes de Pasadena deben saber sobre la nueva ley de compostaje de California"},"content":{"rendered":"\n<figure class=\"wp-block-image alignnone size-large\"><figure class=\"alignnone\"><img loading=\"lazy\" width=\"700\" height=\"378\" src=\"http:\/\/www.pasadenahoy.com\/primero\/wp-content\/uploads\/2022\/01\/pic-3.jpg\" alt=\"\" class=\"wp-image-13508\" srcset=\"http:\/\/www.pasadenahoy.com\/primero\/wp-content\/uploads\/2022\/01\/pic-3.jpg 700w, http:\/\/www.pasadenahoy.com\/primero\/wp-content\/uploads\/2022\/01\/pic-3-300x162.jpg 300w, http:\/\/www.pasadenahoy.com\/primero\/wp-content\/uploads\/2022\/01\/pic-3-241x130.jpg 241w, http:\/\/www.pasadenahoy.com\/primero\/wp-content\/uploads\/2022\/01\/pic-3-333x180.jpg 333w, http:\/\/www.pasadenahoy.com\/primero\/wp-content\/uploads\/2022\/01\/pic-3-360x194.jpg 360w\" sizes=\"100vw\" \/><\/figure><\/figure>\n\n\n\n<p>Se requiri\u00f3 que los residentes de Pasadena empacaran sus desperdicios de comida y los pusieran en el contenedor de desperdicio verde existente a partir del 1 de enero cuando la Ciudad lanza un nuevo Programa de Reciclaje de Desperdicios de Alimentos obligatorio de acuerdo con la nueva ley de compostaje de California, SB 1383.<\/p>\n\n\n\n<p>En una carta enviada anteriormente, la Ciudad record\u00f3 a los residentes sobre su nuevo Programa de Reciclaje de Desperdicios de Alimentos y les recomend\u00f3 no colocar los desperdicios de alimentos directamente en el contenedor de desperdicios verdes \u201cpara prevenir la contaminaci\u00f3n de desperdicios verdes y evitar costos de procesamiento adicionales\u201d.<\/p>\n\n\n\n<p>&#8220;Se recomiendan las bolsas de pl\u00e1stico transparente, pero no son obligatorias, y est\u00e1n disponibles en los minoristas locales y en los puntos de venta en l\u00ednea&#8221;. dec\u00eda la carta. &#8220;Los desechos org\u00e1nicos se componen principalmente de restos de comida y desechos de jard\u00edn, como desechos de jardiner\u00eda, desechos verdes y desechos de poda&#8221;.<\/p>\n\n\n\n<p>La ciudad tambi\u00e9n emiti\u00f3 una lista revisada de desechos org\u00e1nicos que pueden colocarse en los contenedores de desechos verdes de los residentes para su recolecci\u00f3n:<\/p>\n\n\n\n<p>Recortes de c\u00e9sped<\/p>\n\n\n\n<p>Hojas<\/p>\n\n\n\n<p>Malas hierbas<\/p>\n\n\n\n<p>Poda<\/p>\n\n\n\n<p>Flores<\/p>\n\n\n\n<p>Otros desechos de jard\u00edn<\/p>\n\n\n\n<p>Residuos de alimentos en bolsas (es decir, restos de alimentos, que incluyen: fruta, pan, pescado, carne, verduras y productos l\u00e1cteos)<\/p>\n\n\n\n<p>La carta dec\u00eda que los d\u00edas de recolecci\u00f3n de residuos no cambiar\u00e1n.<\/p>\n\n\n\n<p>La Ciudad, a trav\u00e9s del Departamento de Obras P\u00fablicas, dijo que los residentes tambi\u00e9n deber\u00edan considerar el compostaje de sus desechos de alimentos, si a\u00fan no lo han hecho, para ayudar a reducir las emisiones de metano. Los contenedores de abono est\u00e1n disponibles para los miembros de la comunidad a un costo de $ 56.<\/p>\n\n\n\n<p>Dado que el desperdicio de alimentos representa aproximadamente del 17 al 18 por ciento de la eliminaci\u00f3n total en vertederos, aumentar la prevenci\u00f3n del desperdicio de alimentos, fomentar el rescate de alimentos comestibles y expandir el compostaje y la digesti\u00f3n en los recipientes de desechos org\u00e1nicos ayudar\u00e1 a reducir las emisiones de metano de los desechos org\u00e1nicos eliminados en los vertederos de California.<\/p>\n\n\n\n<p>La Ciudad, a trav\u00e9s del Departamento de Obras P\u00fablicas, dijo que los residentes tambi\u00e9n deber\u00edan comenzar a compostar sus desperdicios de alimentos, si a\u00fan no lo han hecho, para ayudar a reducir las emisiones de metano. Los contenedores de abono est\u00e1n disponibles para los miembros de la comunidad a un costo de $ 56.<\/p>\n\n\n\n<p>El gobernador Jerry Brown firm\u00f3 la SB 1383 en 2016 estableciendo objetivos de reducci\u00f3n de emisiones de metano en un esfuerzo estatal para reducir las emisiones de contaminantes clim\u00e1ticos de corta duraci\u00f3n (SLCP) en varios sectores de la econom\u00eda del estado. La ley tambi\u00e9n estableci\u00f3 planes para lograr una reducci\u00f3n del 50 por ciento en la eliminaci\u00f3n de desechos org\u00e1nicos en todo el estado desde el nivel de 2014 para 2020 y una reducci\u00f3n del 75 por ciento para 2025.<\/p>\n\n\n\n<p>El 1 de enero, CalRecycle, el Departamento de Reciclaje y Recuperaci\u00f3n de Recursos de California, comienza a implementar regulaciones para cumplir con los objetivos de reducci\u00f3n de desechos org\u00e1nicos para 2020 y 2025.<\/p>\n\n\n\n<p>Para obtener m\u00e1s informaci\u00f3n sobre la compra de un contenedor de abono, visite <a href=\"http:\/\/www.cityofpasadena.net\/public-works\/recycling-resources\/mulch-compost-recycling\/ordering-compost-bins.\">http:\/\/www.cityofpasadena.net\/public-works\/recycling-resources\/mulch-compost-recycling\/ordering-compost-bins.<\/a><\/p>\n\n\n\n<p>Los residentes que deseen aprender c\u00f3mo hacer abono org\u00e1nico con desechos org\u00e1nicos pueden consultar una gu\u00eda sobre c\u00f3mo hacer abono adecuadamente a trav\u00e9s de este enlace: <a href=\"http:\/\/www.cityofpasadena.net\/public-works\/wp-content\/uploads\/sites\/29\/Compost-Presentation.pdf?v=1640639020655\">www.cityofpasadena.net\/public-works\/wp-content\/uploads\/sites\/29\/Compost-Presentation.pdf?<\/a>v=1640639020655 .<\/p>\n\n\n\n<p>Para reducir la eliminaci\u00f3n de desperdicios de alimentos, la Ciudad tambi\u00e9n alienta a donar alimentos comestibles en exceso en lugar de tirarlos a la basura. Puede encontrar m\u00e1s informaci\u00f3n en esta gu\u00eda en l\u00ednea del Departamento de Salud P\u00fablica del Condado de Los \u00c1ngeles, <a href=\"http:\/\/publichealth.lacounty.gov\/eh\/LACFRI\/donate-surplus-food.htm.\">http:\/\/publichealth.lacounty.gov\/eh\/LACFRI\/donate-surplus-food.htm.<\/a><\/p>\n","protected":false},"excerpt":{"rendered":"<p>Se requiri\u00f3 que los residentes de Pasadena empacaran sus desperdicios de comida y los pusieran en el contenedor de desperdicio verde existente a partir del 1 de enero cuando la Ciudad lanza un nuevo Programa de Reciclaje de Desperdicios de Alimentos obligatorio de acuerdo con la nueva ley de compostaje de California, SB 1383. En una carta enviada anteriormente, la Ciudad record\u00f3 a los residentes sobre su nuevo Programa de Reciclaje de Desperdicios de Alimentos y les recomend\u00f3 no colocar [&hellip;]<\/p>\n","protected":false},"author":4,"featured_media":13508,"comment_status":"open","ping_status":"closed","sticky":false,"template":"","format":"standard","meta":[],"categories":[4],"tags":[],"acf":[],"_links":{"self":[{"href":"http:\/\/www.pasadenahoy.com\/primero\/wp-json\/wp\/v2\/posts\/13476"}],"collection":[{"href":"http:\/\/www.pasadenahoy.com\/primero\/wp-json\/wp\/v2\/posts"}],"about":[{"href":"http:\/\/www.pasadenahoy.com\/primero\/wp-json\/wp\/v2\/types\/post"}],"author":[{"embeddable":true,"href":"http:\/\/www.pasadenahoy.com\/primero\/wp-json\/wp\/v2\/users\/4"}],"replies":[{"embeddable":true,"href":"http:\/\/www.pasadenahoy.com\/primero\/wp-json\/wp\/v2\/comments?post=13476"}],"version-history":[{"count":3,"href":"http:\/\/www.pasadenahoy.com\/primero\/wp-json\/wp\/v2\/posts\/13476\/revisions"}],"predecessor-version":[{"id":13510,"href":"http:\/\/www.pasadenahoy.com\/primero\/wp-json\/wp\/v2\/posts\/13476\/revisions\/13510"}],"wp:featuredmedia":[{"embeddable":true,"href":"http:\/\/www.pasadenahoy.com\/primero\/wp-json\/wp\/v2\/media\/13508"}],"wp:attachment":[{"href":"http:\/\/www.pasadenahoy.com\/primero\/wp-json\/wp\/v2\/media?parent=13476"}],"wp:term":[{"taxonomy":"category","embeddable":true,"href":"http:\/\/www.pasadenahoy.com\/primero\/wp-json\/wp\/v2\/categories?post=13476"},{"taxonomy":"post_tag","embeddable":true,"href":"http:\/\/www.pasadenahoy.com\/primero\/wp-json\/wp\/v2\/tags?post=13476"}],"curies":[{"name":"wp","href":"https:\/\/api.w.org\/{rel}","templated":true}]}}