{"id":13478,"date":"2022-01-03T16:24:52","date_gmt":"2022-01-03T16:24:52","guid":{"rendered":"http:\/\/www.pasadenahoy.com\/primero\/?p=13478"},"modified":"2022-01-03T16:24:55","modified_gmt":"2022-01-03T16:24:55","slug":"el-administrador-de-la-ciudad-de-pasadena-rechaza-los-informes-inexactos-sobre-las-exenciones-de-las-mascarillas-para-interiores","status":"publish","type":"post","link":"http:\/\/www.pasadenahoy.com\/primero\/el-gobierno-local\/el-administrador-de-la-ciudad-de-pasadena-rechaza-los-informes-inexactos-sobre-las-exenciones-de-las-mascarillas-para-interiores\/","title":{"rendered":"El administrador de la ciudad de Pasadena rechaza los informes &#8220;inexactos&#8221; sobre las exenciones de las mascarillas para interiores"},"content":{"rendered":"\n<figure class=\"wp-block-image alignnone size-large\"><figure class=\"alignnone\"><img loading=\"lazy\" width=\"700\" height=\"378\" src=\"http:\/\/www.pasadenahoy.com\/primero\/wp-content\/uploads\/2022\/01\/pic-4.jpg\" alt=\"\" class=\"wp-image-13479\" srcset=\"http:\/\/www.pasadenahoy.com\/primero\/wp-content\/uploads\/2022\/01\/pic-4.jpg 700w, http:\/\/www.pasadenahoy.com\/primero\/wp-content\/uploads\/2022\/01\/pic-4-300x162.jpg 300w, http:\/\/www.pasadenahoy.com\/primero\/wp-content\/uploads\/2022\/01\/pic-4-241x130.jpg 241w, http:\/\/www.pasadenahoy.com\/primero\/wp-content\/uploads\/2022\/01\/pic-4-333x180.jpg 333w, http:\/\/www.pasadenahoy.com\/primero\/wp-content\/uploads\/2022\/01\/pic-4-360x194.jpg 360w\" sizes=\"100vw\" \/><\/figure><\/figure>\n\n\n\n<p>Los informes de noticias recientes de que el estado proporcion\u00f3 a la ciudad y el condado de San Francisco una exenci\u00f3n a los requisitos estatales de m\u00e1scaras eran inexactos, seg\u00fan la administradora de la ciudad de Pasadena, Cynthia Kurtz.<\/p>\n\n\n\n<p>Kurtz inform\u00f3 el jueves que el Departamento de Salud P\u00fablica de Pasadena ha confirmado con los funcionarios de salud estatales que ninguna jurisdicci\u00f3n local ha recibido exenciones de la orden estatal de enmascaramiento en interiores.<\/p>\n\n\n\n<p>Las jurisdicciones de salud locales pueden mantener \u00f3rdenes de salud que son m\u00e1s estrictas, pero no menos estrictas, que las del estado, se\u00f1al\u00f3 Kurtz.<\/p>\n\n\n\n<p>Las \u00f3rdenes sanitarias que establecen requisitos de enmascaramiento emitidas por las jurisdicciones sanitarias locales antes del 13 de diciembre, como las emitidas por la ciudad y el condado de San Francisco, pueden continuar y no est\u00e1n sujetas a la orden estatal cuando coinciden o son m\u00e1s estrictas.<\/p>\n\n\n\n<p>La orden de enmascaramiento para interiores de Pasadena se emiti\u00f3 el 21 de julio. Instruye a todas las personas a usar m\u00e1scaras cuando est\u00e9n en interiores en entornos p\u00fablicos, con excepciones limitadas, y requiere que las empresas pongan m\u00e1scaras a disposici\u00f3n de las personas que ingresan al negocio.<\/p>\n\n\n\n<p>San Francisco instituy\u00f3 estrictos requisitos de enmascaramiento en interiores durante el verano y los alivi\u00f3 en octubre de 2021, lo que permiti\u00f3 a las personas quitarse las cubiertas faciales en entornos donde el 100% de los presentes est\u00e1n vacunados.<\/p>\n\n\n\n<p>Esos entornos no pueden exceder las 100 personas y deben cumplir con una variedad de otros est\u00e1ndares de seguridad del coronavirus, incluida la ventilaci\u00f3n, las restricciones para los invitados, la prohibici\u00f3n de ni\u00f1os menores de 12 a\u00f1os y la prohibici\u00f3n de cualquier persona no vacunada. Actualmente, no existe tal requisito de vacunaci\u00f3n ni est\u00e1ndares de seguridad adicionales para ning\u00fan lugar en Pasadena o el condado de Los \u00c1ngeles fuera de la ciudad de Los \u00c1ngeles.<\/p>\n","protected":false},"excerpt":{"rendered":"<p>Los informes de noticias recientes de que el estado proporcion\u00f3 a la ciudad y el condado de San Francisco una exenci\u00f3n a los requisitos estatales de m\u00e1scaras eran inexactos, seg\u00fan la administradora de la ciudad de Pasadena, Cynthia Kurtz. Kurtz inform\u00f3 el jueves que el Departamento de Salud P\u00fablica de Pasadena ha confirmado con los funcionarios de salud estatales que ninguna jurisdicci\u00f3n local ha recibido exenciones de la orden estatal de enmascaramiento en interiores. Las jurisdicciones de salud locales pueden [&hellip;]<\/p>\n","protected":false},"author":4,"featured_media":0,"comment_status":"open","ping_status":"closed","sticky":false,"template":"","format":"standard","meta":[],"categories":[6],"tags":[],"acf":[],"_links":{"self":[{"href":"http:\/\/www.pasadenahoy.com\/primero\/wp-json\/wp\/v2\/posts\/13478"}],"collection":[{"href":"http:\/\/www.pasadenahoy.com\/primero\/wp-json\/wp\/v2\/posts"}],"about":[{"href":"http:\/\/www.pasadenahoy.com\/primero\/wp-json\/wp\/v2\/types\/post"}],"author":[{"embeddable":true,"href":"http:\/\/www.pasadenahoy.com\/primero\/wp-json\/wp\/v2\/users\/4"}],"replies":[{"embeddable":true,"href":"http:\/\/www.pasadenahoy.com\/primero\/wp-json\/wp\/v2\/comments?post=13478"}],"version-history":[{"count":2,"href":"http:\/\/www.pasadenahoy.com\/primero\/wp-json\/wp\/v2\/posts\/13478\/revisions"}],"predecessor-version":[{"id":13481,"href":"http:\/\/www.pasadenahoy.com\/primero\/wp-json\/wp\/v2\/posts\/13478\/revisions\/13481"}],"wp:attachment":[{"href":"http:\/\/www.pasadenahoy.com\/primero\/wp-json\/wp\/v2\/media?parent=13478"}],"wp:term":[{"taxonomy":"category","embeddable":true,"href":"http:\/\/www.pasadenahoy.com\/primero\/wp-json\/wp\/v2\/categories?post=13478"},{"taxonomy":"post_tag","embeddable":true,"href":"http:\/\/www.pasadenahoy.com\/primero\/wp-json\/wp\/v2\/tags?post=13478"}],"curies":[{"name":"wp","href":"https:\/\/api.w.org\/{rel}","templated":true}]}}