{"id":13494,"date":"2022-01-03T17:03:13","date_gmt":"2022-01-03T17:03:13","guid":{"rendered":"http:\/\/www.pasadenahoy.com\/primero\/?p=13494"},"modified":"2022-01-03T17:03:16","modified_gmt":"2022-01-03T17:03:16","slug":"politico-gumbo-el-jefe-perez-deja-grandes-zapatos-para-llenar","status":"publish","type":"post","link":"http:\/\/www.pasadenahoy.com\/primero\/la-comunidad\/politico-gumbo-el-jefe-perez-deja-grandes-zapatos-para-llenar\/","title":{"rendered":"Pol\u00edtico Gumbo: el jefe P\u00e9rez deja grandes zapatos para llenar"},"content":{"rendered":"\n<div class=\"wp-block-image alignright\"><figure class=\"alignright size-large\"><img loading=\"lazy\" width=\"360\" height=\"194\" src=\"http:\/\/www.pasadenahoy.com\/primero\/wp-content\/uploads\/2022\/01\/pic-8.jpg\" alt=\"\" class=\"wp-image-13495\" srcset=\"http:\/\/www.pasadenahoy.com\/primero\/wp-content\/uploads\/2022\/01\/pic-8.jpg 360w, http:\/\/www.pasadenahoy.com\/primero\/wp-content\/uploads\/2022\/01\/pic-8-300x162.jpg 300w, http:\/\/www.pasadenahoy.com\/primero\/wp-content\/uploads\/2022\/01\/pic-8-241x130.jpg 241w, http:\/\/www.pasadenahoy.com\/primero\/wp-content\/uploads\/2022\/01\/pic-8-334x180.jpg 334w\" sizes=\"100vw\" \/><\/figure><\/div>\n\n\n\n<p>En alg\u00fan momento de esta semana, se espera que la administradora de la ciudad, Cynthia Kurtz, anuncie el nombramiento de un nuevo jefe de polic\u00eda interino mientras la ciudad comienza la b\u00fasqueda de un nuevo polic\u00eda superior permanente.<\/p>\n\n\n\n<p>Por supuesto, ambas historias recibir\u00e1n una cobertura justa.<\/p>\n\n\n\n<p>Esta olla de gumbo es para el jefe de polic\u00eda saliente, John P\u00e9rez.<\/p>\n\n\n\n<p>Est\u00e1 previsto que P\u00e9rez deje el departamento esta semana despu\u00e9s de casi cuarenta a\u00f1os en el \u00fanico departamento en el que ha trabajado.<\/p>\n\n\n\n<p>Durante ese tiempo, P\u00e9rez ha trabajado casi todos los detalles del departamento. Homicidios, SWAT, control de narc\u00f3ticos y pandillas, asuntos internos, incluso relaciones comunitarias, lo ha hecho todo. A medida que avanzaba en su carrera, el padre casado de dos hijos tambi\u00e9n sigui\u00f3 una educaci\u00f3n superior, obteniendo una maestr\u00eda en ciencias del comportamiento y luego un doctorado en administraci\u00f3n p\u00fablica.<\/p>\n\n\n\n<p>Tambi\u00e9n trabaj\u00f3 para reestructurar el departamento.<\/p>\n\n\n\n<p>Tambi\u00e9n puso fin a la rid\u00edcula pol\u00edtica que permit\u00eda al Departamento del Sheriff del condado de Los \u00c1ngeles investigar incidentes cr\u00edticos locales. Ni siquiera me hagas empezar con ese l\u00edo.<\/p>\n\n\n\n<p>Para el registro, fue causado por varios lugare\u00f1os que pensaron que el LASD proporcionar\u00eda m\u00e1s responsabilidad a los residentes locales que el departamento de polic\u00eda local.<\/p>\n\n\n\n<p>Chico, estaban equivocados. En lo que a m\u00ed respecta, el tiempo de P\u00e9rez como jefe se considerar\u00eda exitoso solo por llevar la responsabilidad a casa.<\/p>\n\n\n\n<p>Pero hizo mucho m\u00e1s.<\/p>\n\n\n\n<p>Lo que me ha impresionado m\u00e1s que nada sobre el Jefe P\u00e9rez despu\u00e9s de docenas, si no cientos de entrevistas durante los \u00faltimos 20 a\u00f1os o m\u00e1s, es que es realista.<\/p>\n\n\n\n<p>P\u00e9rez y yo desayunamos despu\u00e9s de que \u00e9l fuera nombrado jefe de polic\u00eda interino despu\u00e9s de que Phillip S\u00e1nchez dej\u00f3 el departamento en 2018. Prometi\u00f3 que el departamento ser\u00eda transparente. Unas noches m\u00e1s tarde lleg\u00f3 a la NAACP y se sent\u00f3 frente a algunos de los pegadores m\u00e1s duros de la comunidad.<\/p>\n\n\n\n<p>Todos los hombres negros, que expresaron sus quejas, expectativas y esperanzas.<\/p>\n\n\n\n<p>El jefe P\u00e9rez no se desvi\u00f3, no se hizo la v\u00edctima ni neg\u00f3 los problemas pasados.<\/p>\n\n\n\n<p>Lo asimil\u00f3 todo y us\u00f3 mucho durante su tiempo como jefe de polic\u00eda.<\/p>\n\n\n\n<p>Cuando estaba publicando historias en el Pasadena Weekly todos los jueves durante la investigaci\u00f3n federal sobre el ex teniente Vasken Gourdikian, que estaba vendiendo armas ilegalmente, fue el jefe P\u00e9rez quien les dijo a los oficiales del departamento que \u00edbamos a averiguar todo tarde o temprano y les pidi\u00f3 que se presentaran si estaban involucrados.<\/p>\n\n\n\n<p>Nunca se quej\u00f3 de los informes, nadie en la ciudad lo hizo, y cuando me encontr\u00e9 con P\u00e9rez en Old Pasadena, elogi\u00f3 el trabajo que est\u00e1bamos haciendo.<\/p>\n\n\n\n<p>Un oficial adicional se present\u00f3, fue autorizado por el departamento, la ATF e igualmente importante, el PW.<\/p>\n\n\n\n<p>Tambi\u00e9n fue P\u00e9rez quien ayud\u00f3 a organizar varios eventos medi\u00e1ticos que permitieron a los medios locales ver im\u00e1genes de incidentes cr\u00edticos en el cuerpo, incluidas las im\u00e1genes de Anthony McClain, mucho antes del l\u00edmite de 45 d\u00edas.<\/p>\n\n\n\n<p>Por supuesto, a nadie le gusta lo que vieron en las im\u00e1genes de McClain, incluso aquellos que dicen haber visto un arma, pero las im\u00e1genes se publicaron y las im\u00e1genes de los incidentes en el parque esa noche tambi\u00e9n se hicieron p\u00fablicas.<\/p>\n\n\n\n<p>No lo d\u00e9 por sentado. Vea los casos de 2021 en Carolina del Norte y Alabama donde los jueces defendieron los derechos del departamento de retener im\u00e1genes, Oakland pas\u00f3 por tres jefes de polic\u00eda en nueve d\u00edas el a\u00f1o pasado por un esc\u00e1ndalo relacionado con el sexo con un adolescente menor de edad y una lucha por la transparencia en esa investigaci\u00f3n.<\/p>\n\n\n\n<p>Un jefe renunci\u00f3 despu\u00e9s de dos d\u00edas, eso es menos que el tiempo que se tom\u00f3 para completar esta columna.<\/p>\n\n\n\n<p>De cualquier manera, las cosas son mucho peores en otros lugares.<\/p>\n\n\n\n<p>No, no he estado de acuerdo con todas las decisiones que tom\u00f3 P\u00e9rez, pero como dije sobre Steve Mermell, sigues avanzando.<\/p>\n\n\n\n<p>Continuando, P\u00e9rez tambi\u00e9n instituy\u00f3 la junta asesora del jefe que conten\u00eda varios cr\u00edticos del departamento. A decir verdad, esa junta probablemente ten\u00eda m\u00e1s dientes que la comisi\u00f3n de supervisi\u00f3n actual.<\/p>\n\n\n\n<p>Bravo por la transparencia.<\/p>\n\n\n\n<p>S\u00ed, algunas personas pidieron que se despidiera a P\u00e9rez por no despedir a los oficiales en el caso Ballew o McClain, que viene con el territorio.<\/p>\n\n\n\n<p>Honestamente, no me sorprender\u00eda si las llamadas para despedir a la siguiente persona en la silla probablemente comiencen justo despu\u00e9s de que \u00e9l jura.<\/p>\n\n\n\n<p>La mayor preocupaci\u00f3n deber\u00eda ser si el pr\u00f3ximo jefe ser\u00e1 transparente y c\u00f3mo esa persona liderar\u00e1 la divisi\u00f3n de aplicaci\u00f3n de la ley de la ciudad.<\/p>\n\n\n\n<p>Pero igualmente preocupante es cu\u00e1nto tiempo estar\u00e1 el pr\u00f3ximo jefe en el trabajo.<\/p>\n\n\n\n<p>Desde que Melekian se fue en 2009 despu\u00e9s de servir como jefe de polic\u00eda durante 15 a\u00f1os, ha habido dos jefes de polic\u00eda adicionales, S\u00e1nchez y P\u00e9rez, y cada uno sirvi\u00f3 considerablemente menos tiempo en el primer puesto que su predecesor.<\/p>\n\n\n\n<p>S\u00e1nchez dur\u00f3 nueve a\u00f1os, P\u00e9rez poco m\u00e1s de tres, y durante el tiempo que S\u00e1nchez y P\u00e9rez dirigieron el departamento, algunos de los oficiales comunitarios de mayor rango y experiencia abandonaron el departamento.<\/p>\n\n\n\n<p>En solo tres a\u00f1os, John hizo mucho.<\/p>\n\n\n\n<p><\/p>\n","protected":false},"excerpt":{"rendered":"<p>En alg\u00fan momento de esta semana, se espera que la administradora de la ciudad, Cynthia Kurtz, anuncie el nombramiento de un nuevo jefe de polic\u00eda interino mientras la ciudad comienza la b\u00fasqueda de un nuevo polic\u00eda superior permanente. Por supuesto, ambas historias recibir\u00e1n una cobertura justa. Esta olla de gumbo es para el jefe de polic\u00eda saliente, John P\u00e9rez. Est\u00e1 previsto que P\u00e9rez deje el departamento esta semana despu\u00e9s de casi cuarenta a\u00f1os en el \u00fanico departamento en el que [&hellip;]<\/p>\n","protected":false},"author":4,"featured_media":0,"comment_status":"open","ping_status":"closed","sticky":false,"template":"","format":"standard","meta":[],"categories":[4],"tags":[],"acf":[],"_links":{"self":[{"href":"http:\/\/www.pasadenahoy.com\/primero\/wp-json\/wp\/v2\/posts\/13494"}],"collection":[{"href":"http:\/\/www.pasadenahoy.com\/primero\/wp-json\/wp\/v2\/posts"}],"about":[{"href":"http:\/\/www.pasadenahoy.com\/primero\/wp-json\/wp\/v2\/types\/post"}],"author":[{"embeddable":true,"href":"http:\/\/www.pasadenahoy.com\/primero\/wp-json\/wp\/v2\/users\/4"}],"replies":[{"embeddable":true,"href":"http:\/\/www.pasadenahoy.com\/primero\/wp-json\/wp\/v2\/comments?post=13494"}],"version-history":[{"count":2,"href":"http:\/\/www.pasadenahoy.com\/primero\/wp-json\/wp\/v2\/posts\/13494\/revisions"}],"predecessor-version":[{"id":13497,"href":"http:\/\/www.pasadenahoy.com\/primero\/wp-json\/wp\/v2\/posts\/13494\/revisions\/13497"}],"wp:attachment":[{"href":"http:\/\/www.pasadenahoy.com\/primero\/wp-json\/wp\/v2\/media?parent=13494"}],"wp:term":[{"taxonomy":"category","embeddable":true,"href":"http:\/\/www.pasadenahoy.com\/primero\/wp-json\/wp\/v2\/categories?post=13494"},{"taxonomy":"post_tag","embeddable":true,"href":"http:\/\/www.pasadenahoy.com\/primero\/wp-json\/wp\/v2\/tags?post=13494"}],"curies":[{"name":"wp","href":"https:\/\/api.w.org\/{rel}","templated":true}]}}