{"id":13498,"date":"2022-01-03T17:09:35","date_gmt":"2022-01-03T17:09:35","guid":{"rendered":"http:\/\/www.pasadenahoy.com\/primero\/?p=13498"},"modified":"2022-01-03T17:09:37","modified_gmt":"2022-01-03T17:09:37","slug":"semana-ocupada-en-los-tribunales-a-medida-que-avanzan-seis-casos-penales-de-alto-perfil","status":"publish","type":"post","link":"http:\/\/www.pasadenahoy.com\/primero\/la-comunidad\/semana-ocupada-en-los-tribunales-a-medida-que-avanzan-seis-casos-penales-de-alto-perfil\/","title":{"rendered":"Semana ocupada en los tribunales, a medida que avanzan seis casos penales de alto perfil"},"content":{"rendered":"\n<figure class=\"wp-block-image alignnone size-large\"><figure class=\"alignnone\"><img loading=\"lazy\" width=\"700\" height=\"378\" src=\"http:\/\/www.pasadenahoy.com\/primero\/wp-content\/uploads\/2022\/01\/pic-9.jpg\" alt=\"\" class=\"wp-image-13499\" srcset=\"http:\/\/www.pasadenahoy.com\/primero\/wp-content\/uploads\/2022\/01\/pic-9.jpg 700w, http:\/\/www.pasadenahoy.com\/primero\/wp-content\/uploads\/2022\/01\/pic-9-300x162.jpg 300w, http:\/\/www.pasadenahoy.com\/primero\/wp-content\/uploads\/2022\/01\/pic-9-241x130.jpg 241w, http:\/\/www.pasadenahoy.com\/primero\/wp-content\/uploads\/2022\/01\/pic-9-333x180.jpg 333w, http:\/\/www.pasadenahoy.com\/primero\/wp-content\/uploads\/2022\/01\/pic-9-360x194.jpg 360w\" sizes=\"100vw\" \/><\/figure><\/figure>\n\n\n\n<p>Esta semana, seis casos judiciales de Pasadena de alto perfil avanzar\u00e1n, cinco en el Palacio de Justicia de Pasadena del Tribunal Superior de Los \u00c1ngeles y uno en el Edificio de Tribunales Penales en el centro de Los \u00c1ngeles.<\/p>\n\n\n\n<p>Adem\u00e1s, un caso est\u00e1 programado para una audiencia de sentencia el lunes.<\/p>\n\n\n\n<p>Un hombre de Huntington Park que admiti\u00f3 haber llevado a cabo 21 robos a mano armada o intento de robo a mano armada en las tiendas Trader Joe&#8217;s del \u00e1rea de Los \u00c1ngeles, y que reclut\u00f3 a su hijo como conductor de escape en dos de los atracos, enfrenta un tramo en una prisi\u00f3n federal cuando sea sentenciado el lunes.<\/p>\n\n\n\n<p>Gregory Johnson, de 43 a\u00f1os, se declar\u00f3 culpable en mayo de cargos federales de interferencia en el comercio por robo y uso de arma de fuego en un delito violento, seg\u00fan la Oficina del Fiscal de los Estados Unidos.<\/p>\n\n\n\n<p>Esa audiencia se llevar\u00e1 a cabo en el Edificio de Tribunales Penales, en 210 W. Temple Street en Los \u00c1ngeles.<\/p>\n\n\n\n<p>Estos son los casos restantes que est\u00e1n programados para estar en los tribunales durante el resto de la semana:<\/p>\n\n\n\n<p>Martes 4 de enero, 8:30 a.m. Fijaci\u00f3n de la fecha de audiencia preliminar para Christopher Paul Hall<\/p>\n\n\n\n<p>Christopher Paul Hall, de 21 a\u00f1os, de Pasadena, enfrenta dos cargos de asesinato y un cargo de intento de asesinato en relaci\u00f3n con la muerte a tiros de dos hombres en un parque de Pasadena el 1 de diciembre de 2020.<\/p>\n\n\n\n<p>Los fiscales dijeron que Hall mat\u00f3 a tiros a los residentes de Pasadena Christino Medell\u00edn \u00c1vila, de 51 a\u00f1os, y Aaron P\u00e9rez Flores, de 40, cerca de Villa Parke. \u00c1vila muri\u00f3 en el lugar. Flores fue trasladado de urgencia al hospital donde muri\u00f3 poco tiempo despu\u00e9s.<\/p>\n\n\n\n<p>La polic\u00eda captur\u00f3 a Hall seis meses despu\u00e9s con la ayuda de un grupo de trabajo de fugitivos de los alguaciles estadounidenses el 20 de mayo de 2021.<\/p>\n\n\n\n<p>La audiencia ser\u00e1 en el Departamento H del Palacio de Justicia de Pasadena.<\/p>\n\n\n\n<p>Martes, 4 de enero, 8:30 a.m. Fijaci\u00f3n de la fecha de audiencia preliminar para Tanaj Johnson y Joseph Mekhi Knowles<\/p>\n\n\n\n<p>Tanaj Johnson, 22, de Pasadena, y Joseph Mekhi Knowles, 21, de Altadena, est\u00e1n acusados \u200b\u200bde intento de asesinato y caos luego de un tiroteo en el D\u00eda de San Valent\u00edn en febrero de 2021 que hiri\u00f3 gravemente a un ni\u00f1o de 10 a\u00f1os que jugaba frente a su casa en Pasadena.<\/p>\n\n\n\n<p>Knowles tambi\u00e9n est\u00e1 acusado de posesi\u00f3n de un arma de fuego por un delincuente.<\/p>\n\n\n\n<p>Los dos se encuentran actualmente bajo custodia.<\/p>\n\n\n\n<p>Esta audiencia ser\u00e1 en el Departamento H del Palacio de Justicia de Pasadena.<\/p>\n\n\n\n<p>Mi\u00e9rcoles 5 de enero, 8:30 a.m. Audiencia previa al juicio para Telly R. Johnson<\/p>\n\n\n\n<p>Telly R. Johnson, de 43 a\u00f1os, de Los \u00c1ngeles, est\u00e1 acusado de asesinato por la muerte a pu\u00f1aladas de un hombre en Pasadena el 1 de marzo de 2019. La v\u00edctima fue identificada como Byron Nettles de Pasadena, de 52 a\u00f1os.<\/p>\n\n\n\n<p>El apu\u00f1alamiento tuvo lugar alrededor de las 9 a.m.en la cuadra 100 de South Euclid Avenue donde viv\u00eda la v\u00edctima. M\u00e1s tarde, Nettles fue encontrado con heridas de arma blanca y llevado a un hospital donde fue declarado muerto. Esa noche, Johnson fue visto en la cuadra 1900 de Cordova Street en Los \u00c1ngeles, donde fue arrestado. La fianza se fij\u00f3 en 2 millones de d\u00f3lares.<\/p>\n\n\n\n<p>La audiencia ser\u00e1 en el Departamento F del Palacio de Justicia de Pasadena.<\/p>\n\n\n\n<p>Mi\u00e9rcoles, 5 de enero, 8:30 a.m. Fijaci\u00f3n de la fecha de la audiencia preliminar para Mary Jean O\u2019Connor<\/p>\n\n\n\n<p>Mary Jean O&#8217;Connor, de 45 a\u00f1os, sin hogar, est\u00e1 acusada de un cargo de asesinato por presuntamente matar a una mujer de Pasadena de 75 a\u00f1os, Jeri Douglas, en el condominio de la v\u00edctima el 17 de diciembre de 2018.<\/p>\n\n\n\n<p>La polic\u00eda dijo que O&#8217;Connor supuestamente obtuvo informaci\u00f3n confidencial sobre la v\u00edctima del Departamento de Servicios para Ni\u00f1os y Familias del Condado de Los \u00c1ngeles (DCFS) y luego la llam\u00f3 para decirle que necesitaba que firmara algunos papeles. Una vez dentro de su casa, O&#8217;Connor supuestamente estrangul\u00f3 a la v\u00edctima hasta la muerte.<\/p>\n\n\n\n<p>O&#8217;Connor fue arrestado en una casa m\u00f3vil en North Hollywood a fines de diciembre de 2018 y acusado de un cargo de asesinato. Ella se declar\u00f3 no culpable. Ella enfrenta de 25 a\u00f1os a cadena perpetua si es declarada culpable.<\/p>\n\n\n\n<p>La audiencia ser\u00e1 en el Departamento F del Palacio de Justicia de Pasadena.<\/p>\n\n\n\n<p>Viernes 7 de enero, 8:30 a.m. Fijaci\u00f3n de la fecha de audiencia preliminar para Kyle Douglas<\/p>\n\n\n\n<p>Kyle Douglas, de 50 a\u00f1os, ex director de dos escuelas en Inglewood y Pasadena, est\u00e1 acusado de malversaci\u00f3n de fondos p\u00fablicos, falsificaci\u00f3n y hurto mayor en relaci\u00f3n con la p\u00e9rdida de $ 67,000 en fondos p\u00fablicos mientras era director de esas escuelas.<\/p>\n\n\n\n<p>Se declar\u00f3 inocente de los cargos penales en marzo pasado.<\/p>\n\n\n\n<p>Douglas no fue puesto bajo custodia. Fue puesto en licencia despu\u00e9s de que el Distrito Escolar Unificado de Pasadena se enter\u00f3 de las acusaciones en su contra, dijo un comunicado del PUSD.<\/p>\n\n\n\n<p>La audiencia se llevar\u00e1 a cabo en el Departamento 50 del Edificio de Tribunales Penales, en 210 W. Temple Street en Los \u00c1ngeles.<\/p>\n\n\n\n<p>Viernes 7 de enero, 8:30 a.m. Procedimientos adicionales para Ronald Anthony Jones<\/p>\n\n\n\n<p>Ronald Anthony Jones, de 50 a\u00f1os, fue inicialmente condenado a muerte el 4 de junio de 1991 por el secuestro, violaci\u00f3n y muerte por disparos del 18 de octubre de 1988 de una mujer que hab\u00eda estado comprando en un centro comercial de Pasadena y regresaba a su autom\u00f3vil.<\/p>\n\n\n\n<p>La v\u00edctima, Lois Haro, fue secuestrada en su propio veh\u00edculo, agredida sexualmente, le quitaron sus joyas y luego le dispararon una vez en la cabeza. Estaba muerta cuando un oficial de patrulla la encontr\u00f3 a la ma\u00f1ana siguiente. Ella ten\u00eda 26 a\u00f1os.<\/p>\n\n\n\n<p>Jones y su socio en el<\/p>\n\n\n\n<p>crimen, George Marvin Trone, Jr., eran adolescentes cuando ocurri\u00f3 el crimen. Trone fue posteriormente condenado a cadena perpetua por el asesinato y la violaci\u00f3n de la v\u00edctima. Posteriormente, un juez federal anul\u00f3 la condena de Jones.<\/p>\n\n\n\n<p>La audiencia ser\u00e1 en el Departamento C del Palacio de Justicia de Pasadena.<\/p>\n\n\n\n<p><\/p>\n","protected":false},"excerpt":{"rendered":"<p>Esta semana, seis casos judiciales de Pasadena de alto perfil avanzar\u00e1n, cinco en el Palacio de Justicia de Pasadena del Tribunal Superior de Los \u00c1ngeles y uno en el Edificio de Tribunales Penales en el centro de Los \u00c1ngeles. Adem\u00e1s, un caso est\u00e1 programado para una audiencia de sentencia el lunes. Un hombre de Huntington Park que admiti\u00f3 haber llevado a cabo 21 robos a mano armada o intento de robo a mano armada en las tiendas Trader Joe&#8217;s del [&hellip;]<\/p>\n","protected":false},"author":4,"featured_media":0,"comment_status":"open","ping_status":"closed","sticky":false,"template":"","format":"standard","meta":[],"categories":[4],"tags":[],"acf":[],"_links":{"self":[{"href":"http:\/\/www.pasadenahoy.com\/primero\/wp-json\/wp\/v2\/posts\/13498"}],"collection":[{"href":"http:\/\/www.pasadenahoy.com\/primero\/wp-json\/wp\/v2\/posts"}],"about":[{"href":"http:\/\/www.pasadenahoy.com\/primero\/wp-json\/wp\/v2\/types\/post"}],"author":[{"embeddable":true,"href":"http:\/\/www.pasadenahoy.com\/primero\/wp-json\/wp\/v2\/users\/4"}],"replies":[{"embeddable":true,"href":"http:\/\/www.pasadenahoy.com\/primero\/wp-json\/wp\/v2\/comments?post=13498"}],"version-history":[{"count":2,"href":"http:\/\/www.pasadenahoy.com\/primero\/wp-json\/wp\/v2\/posts\/13498\/revisions"}],"predecessor-version":[{"id":13501,"href":"http:\/\/www.pasadenahoy.com\/primero\/wp-json\/wp\/v2\/posts\/13498\/revisions\/13501"}],"wp:attachment":[{"href":"http:\/\/www.pasadenahoy.com\/primero\/wp-json\/wp\/v2\/media?parent=13498"}],"wp:term":[{"taxonomy":"category","embeddable":true,"href":"http:\/\/www.pasadenahoy.com\/primero\/wp-json\/wp\/v2\/categories?post=13498"},{"taxonomy":"post_tag","embeddable":true,"href":"http:\/\/www.pasadenahoy.com\/primero\/wp-json\/wp\/v2\/tags?post=13498"}],"curies":[{"name":"wp","href":"https:\/\/api.w.org\/{rel}","templated":true}]}}