{"id":13502,"date":"2022-01-03T17:16:20","date_gmt":"2022-01-03T17:16:20","guid":{"rendered":"http:\/\/www.pasadenahoy.com\/primero\/?p=13502"},"modified":"2022-01-03T17:16:22","modified_gmt":"2022-01-03T17:16:22","slug":"solicitud-del-galardonado-fabricante-de-automoviles-electricos-lucid-motors-para-la-oficina-de-ventas-de-pasadena-ante-el-oficial-de-audiencias","status":"publish","type":"post","link":"http:\/\/www.pasadenahoy.com\/primero\/la-comunidad\/solicitud-del-galardonado-fabricante-de-automoviles-electricos-lucid-motors-para-la-oficina-de-ventas-de-pasadena-ante-el-oficial-de-audiencias\/","title":{"rendered":"Solicitud del galardonado fabricante de autom\u00f3viles el\u00e9ctricos Lucid Motors para la oficina de ventas de Pasadena ante el oficial de audiencias"},"content":{"rendered":"\n<figure class=\"wp-block-image alignnone size-large\"><figure class=\"alignnone\"><img loading=\"lazy\" width=\"615\" height=\"400\" src=\"http:\/\/www.pasadenahoy.com\/primero\/wp-content\/uploads\/2022\/01\/pic-10.png\" alt=\"\" class=\"wp-image-13503\" srcset=\"http:\/\/www.pasadenahoy.com\/primero\/wp-content\/uploads\/2022\/01\/pic-10.png 615w, http:\/\/www.pasadenahoy.com\/primero\/wp-content\/uploads\/2022\/01\/pic-10-300x195.png 300w, http:\/\/www.pasadenahoy.com\/primero\/wp-content\/uploads\/2022\/01\/pic-10-200x130.png 200w, http:\/\/www.pasadenahoy.com\/primero\/wp-content\/uploads\/2022\/01\/pic-10-277x180.png 277w, http:\/\/www.pasadenahoy.com\/primero\/wp-content\/uploads\/2022\/01\/pic-10-360x234.png 360w, http:\/\/www.pasadenahoy.com\/primero\/wp-content\/uploads\/2022\/01\/pic-10-460x300.png 460w, http:\/\/www.pasadenahoy.com\/primero\/wp-content\/uploads\/2022\/01\/pic-10-552x360.png 552w\" sizes=\"100vw\" \/><\/figure><\/figure>\n\n\n\n<p>El Oficial de Audiencias de Pasadena continuar\u00e1 una audiencia p\u00fablica el mi\u00e9rcoles 5 de enero sobre una solicitud de Lucid Motors, los fabricantes del nuevo veh\u00edculo el\u00e9ctrico Lucid Air, para un Permiso de Uso Condicional menor (Minor CUP) para permitir la operaci\u00f3n de ventas de veh\u00edculos y oficina de arrendamiento en 32 W. Colorado Blvd. en Pasadena.<\/p>\n\n\n\n<p>El espacio incorporar\u00e1 un showroom interior que exhibir\u00e1 un m\u00e1ximo de dos veh\u00edculos, seg\u00fan planos presentados al Departamento de Planificaci\u00f3n y Desarrollo Comunitario. Dentro de la sala de exposici\u00f3n, los representantes de la empresa pueden recibir a los clientes y discutir los precios, los pedidos de veh\u00edculos y permitirles probar la experiencia de conducci\u00f3n de Lucid Motors con pruebas de conducci\u00f3n reales o mediante tecnolog\u00eda de realidad virtual, dijo el Departamento de Planificaci\u00f3n.<\/p>\n\n\n\n<p>El informe dijo que la oficina y la sala de exposici\u00f3n propuestas estar\u00e1n ubicadas dentro de un edificio comercial existente de tres pisos en el sitio de 4,386 pies cuadrados que est\u00e1 en el lado sur de W. Colorado Blvd. entre Mills Place al oeste y South Fair Oaks Ave. al este, con Edwin Alley al sur.<\/p>\n\n\n\n<p>Lucid Motors ocupar\u00e1 un espacio para inquilinos de 3866 pies cuadrados existente en el primer piso que sol\u00eda estar ocupado por un restaurante de comida r\u00e1pida, seg\u00fan el informe. La oficina y la sala de exposiciones estar\u00e1n en funcionamiento de 11 a.m. a 8 p.m. De lunes a s\u00e1bado y de 11 a. M. A 7 p. M. el domingo, agreg\u00f3 el informe.<\/p>\n\n\n\n<p>Los clientes que tengan la intenci\u00f3n de hacer una prueba de manejo de los veh\u00edculos pueden usar cualquiera de los seis veh\u00edculos Lucid Air que se reservar\u00e1n para el uso de prueba de manejo y se estacionar\u00e1n en la estructura de estacionamiento de la ciudad en 33 E. Green Street, seg\u00fan el informe.<\/p>\n\n\n\n<p>&#8220;El Departamento de Transporte ha determinado que la estructura de estacionamiento tiene capacidad suficiente para acomodar los veh\u00edculos y recomienda una condici\u00f3n de aprobaci\u00f3n que el propietario de la empresa debe asegurar acuerdos de estacionamiento con la Divisi\u00f3n de Estacionamiento de la Ciudad de Pasadena antes de la emisi\u00f3n de cualquier permiso de construcci\u00f3n&#8221;, el Se lee el informe del Departamento de Planificaci\u00f3n.<\/p>\n\n\n\n<p>El Departamento de Planificaci\u00f3n recomienda la aprobaci\u00f3n de la solicitud de CUP menor, diciendo que la oficina de ventas y la sala de exposici\u00f3n propuestas, clasificadas como Servicios de veh\u00edculos-Venta y arrendamiento, uso limitado, ser\u00edan compatibles con otros usos existentes en las cercan\u00edas.<\/p>\n\n\n\n<p>\u201cEl proyecto cumple con el prop\u00f3sito del C\u00f3digo de Zonificaci\u00f3n, para propiedades dentro del distrito de zonificaci\u00f3n CD-1-AD-1\u201d, dice el informe. \u201cAdem\u00e1s, el proyecto es consistente con las metas y objetivos del Plan General. Seg\u00fan el an\u00e1lisis del personal de la adici\u00f3n solicitada, el uso de la venta de veh\u00edculos seguir\u00eda siendo compatible con los usos de la tierra adyacente y no tendr\u00eda como resultado ning\u00fan impacto adverso en el \u00e1rea circundante &#8220;.<\/p>\n\n\n\n<p>Los miembros del p\u00fablico pueden acceder a la audiencia p\u00fablica a trav\u00e9s de Zoom, en https:\/\/us02web.zoom.us\/j\/83530315266 o llamando al (669) 900-6833 y utilizando el webinar ID 835 3031 5266.<\/p>\n\n\n\n<p>Los comentarios p\u00fablicos pueden enviarse por correo electr\u00f3nico a htam@cityofpasadena.net.<\/p>\n\n\n\n<p>El p\u00fablico tambi\u00e9n puede proporcionar comentarios en vivo sobre Zoom en el momento de la audiencia, que comienza a las 5:30 p.m.<\/p>\n","protected":false},"excerpt":{"rendered":"<p>El Oficial de Audiencias de Pasadena continuar\u00e1 una audiencia p\u00fablica el mi\u00e9rcoles 5 de enero sobre una solicitud de Lucid Motors, los fabricantes del nuevo veh\u00edculo el\u00e9ctrico Lucid Air, para un Permiso de Uso Condicional menor (Minor CUP) para permitir la operaci\u00f3n de ventas de veh\u00edculos y oficina de arrendamiento en 32 W. Colorado Blvd. en Pasadena. El espacio incorporar\u00e1 un showroom interior que exhibir\u00e1 un m\u00e1ximo de dos veh\u00edculos, seg\u00fan planos presentados al Departamento de Planificaci\u00f3n y Desarrollo Comunitario. [&hellip;]<\/p>\n","protected":false},"author":4,"featured_media":0,"comment_status":"open","ping_status":"closed","sticky":false,"template":"","format":"standard","meta":[],"categories":[4],"tags":[],"acf":[],"_links":{"self":[{"href":"http:\/\/www.pasadenahoy.com\/primero\/wp-json\/wp\/v2\/posts\/13502"}],"collection":[{"href":"http:\/\/www.pasadenahoy.com\/primero\/wp-json\/wp\/v2\/posts"}],"about":[{"href":"http:\/\/www.pasadenahoy.com\/primero\/wp-json\/wp\/v2\/types\/post"}],"author":[{"embeddable":true,"href":"http:\/\/www.pasadenahoy.com\/primero\/wp-json\/wp\/v2\/users\/4"}],"replies":[{"embeddable":true,"href":"http:\/\/www.pasadenahoy.com\/primero\/wp-json\/wp\/v2\/comments?post=13502"}],"version-history":[{"count":2,"href":"http:\/\/www.pasadenahoy.com\/primero\/wp-json\/wp\/v2\/posts\/13502\/revisions"}],"predecessor-version":[{"id":13505,"href":"http:\/\/www.pasadenahoy.com\/primero\/wp-json\/wp\/v2\/posts\/13502\/revisions\/13505"}],"wp:attachment":[{"href":"http:\/\/www.pasadenahoy.com\/primero\/wp-json\/wp\/v2\/media?parent=13502"}],"wp:term":[{"taxonomy":"category","embeddable":true,"href":"http:\/\/www.pasadenahoy.com\/primero\/wp-json\/wp\/v2\/categories?post=13502"},{"taxonomy":"post_tag","embeddable":true,"href":"http:\/\/www.pasadenahoy.com\/primero\/wp-json\/wp\/v2\/tags?post=13502"}],"curies":[{"name":"wp","href":"https:\/\/api.w.org\/{rel}","templated":true}]}}