{"id":13511,"date":"2022-01-04T15:06:35","date_gmt":"2022-01-04T15:06:35","guid":{"rendered":"http:\/\/www.pasadenahoy.com\/primero\/?p=13511"},"modified":"2022-01-04T15:06:39","modified_gmt":"2022-01-04T15:06:39","slug":"moody-clawson-se-desempenara-como-jefes-de-policia-interinos","status":"publish","type":"post","link":"http:\/\/www.pasadenahoy.com\/primero\/la-comunidad\/moody-clawson-se-desempenara-como-jefes-de-policia-interinos\/","title":{"rendered":"Moody, Clawson se desempe\u00f1ar\u00e1 como jefes de polic\u00eda interinos"},"content":{"rendered":"\n<figure class=\"wp-block-image alignnone size-large\"><figure class=\"alignnone\"><img loading=\"lazy\" width=\"700\" height=\"378\" src=\"http:\/\/www.pasadenahoy.com\/primero\/wp-content\/uploads\/2022\/01\/pic-1-1.jpg\" alt=\"\" class=\"wp-image-13512\" srcset=\"http:\/\/www.pasadenahoy.com\/primero\/wp-content\/uploads\/2022\/01\/pic-1-1.jpg 700w, http:\/\/www.pasadenahoy.com\/primero\/wp-content\/uploads\/2022\/01\/pic-1-1-300x162.jpg 300w, http:\/\/www.pasadenahoy.com\/primero\/wp-content\/uploads\/2022\/01\/pic-1-1-241x130.jpg 241w, http:\/\/www.pasadenahoy.com\/primero\/wp-content\/uploads\/2022\/01\/pic-1-1-333x180.jpg 333w, http:\/\/www.pasadenahoy.com\/primero\/wp-content\/uploads\/2022\/01\/pic-1-1-360x194.jpg 360w\" sizes=\"100vw\" \/><figcaption><span class=\"caption-text\">La subdirectora Cheryl Moody (a la izquierda) y el comandante Jason Clawson.<\/span><\/figcaption><\/figure><\/figure>\n\n\n\n<p>La subdirectora Cheryl Moody y el comandante Jason Clawson rotar\u00e1n al puesto de jefe de polic\u00eda interino seg\u00fan un comunicado de la administradora de la ciudad Cynthia Kurtz.<\/p>\n\n\n\n<p>Se envi\u00f3 un correo electr\u00f3nico al departamento el lunes por la tarde anunciando la decisi\u00f3n.<\/p>\n\n\n\n<p>&#8220;Quiero felicitar al Jefe John P\u00e9rez por su retiro este mi\u00e9rcoles despu\u00e9s de casi 37 a\u00f1os en el Departamento de Polic\u00eda de Pasadena&#8221;, dijo Kurtz en un comunicado el lunes. \u201cHa sido un l\u00edder, mentor y defensor no solo internamente sino tambi\u00e9n de muchos otros departamentos y jefes. Literalmente creci\u00f3 en esta ciudad e incluso conoci\u00f3 a su esposa mientras trabajaba aqu\u00ed y ahora tienen dos guapos hijos adolescentes &#8220;.<\/p>\n\n\n\n<p>Moody se convertir\u00e1 en jefe interino a partir del 6 de enero y desempe\u00f1ar\u00e1 este cargo hasta el lunes 2 de mayo. Clawson se desempe\u00f1ar\u00e1 como jefe interino hasta que se nombre un nuevo administrador de la ciudad.<\/p>\n\n\n\n<p>El alcalde V\u00edctor Gordo elogi\u00f3 la decisi\u00f3n el lunes.<\/p>\n\n\n\n<p>\u201cMientras buscamos a nuestro Jefe de Polic\u00eda permanente, estoy seguro de que, mientras tanto, estos polic\u00edas veteranos har\u00e1n un excelente trabajo al frente de nuestro Departamento de Polic\u00eda. Tanto el subdirector Moody como el comandante Clawson conocen bien el departamento y nuestra comunidad y, bajo la direcci\u00f3n de la administradora de la ciudad, Cynthia Kurtz, todos estamos en buenas y capaces manos \u201d, dijo Gordo.<\/p>\n\n\n\n<p>Kurtz tambi\u00e9n nombr\u00f3 nombramientos rotativos para el Departamento de Recursos Humanos y el puesto de Asistente del Administrador de la Ciudad.<\/p>\n\n\n\n<p>Moody es la primera mujer en los m\u00e1s de 130 a\u00f1os de historia del departamento de polic\u00eda que se desempe\u00f1a como subdirectora.<\/p>\n\n\n\n<p>Fue contratada como oficial de polic\u00eda en el Departamento de Polic\u00eda de Pasadena en 1992 despu\u00e9s de servir tres a\u00f1os en la Fuerza A\u00e9rea de los Estados Unidos y trabajar cuatro a\u00f1os en el Departamento de Polic\u00eda de Long Beach. Posee casi tres d\u00e9cadas de experiencia policial, liderando muchos equipos de alto desempe\u00f1o a lo largo de los a\u00f1os, incluida la Secci\u00f3n de Ejecuci\u00f3n Especial. Se ha desempe\u00f1ado en el personal del comando ejecutivo del Departamento de Polic\u00eda de Pasadena durante cinco a\u00f1os y ha ocupado cargos en la junta ejecutiva en los cap\u00edtulos locales y nacionales de la Organizaci\u00f3n Nacional de Ejecutivos de Aplicaci\u00f3n de la Ley Negros (NOBLE). Actualmente se desempe\u00f1a como presidenta del Cap\u00edtulo de Mujeres L\u00edderes en la Aplicaci\u00f3n de la Ley (WLLE) del condado de Los \u00c1ngeles.<\/p>\n\n\n\n<p>M\u00e1s recientemente, ha supervisado todas las operaciones diarias del Departamento de Polic\u00eda de Pasadena, as\u00ed como los proyectos especiales del departamento y los esfuerzos de reorganizaci\u00f3n del departamento.<\/p>\n\n\n\n<p>Moody obtuvo su licenciatura en Artes de la Universidad Estatal de California en Long Beach en Manejo de Emergencias y su Maestr\u00eda en Liderazgo Organizacional de la Universidad de Woodbury.<\/p>\n\n\n\n<p>Clawson es un veterano de la Marina de los EE. UU. Y tiene 30 a\u00f1os de experiencia en operaciones de aplicaci\u00f3n de la ley municipal.Ha trabajado en muchos rangos en varias divisiones para incluir Operaciones de Patrulla e Investigaciones. Clawson tambi\u00e9n dirigi\u00f3 una Fuerza de Tarea de Calles Seguras mientras estaba asignada como Supervisora \u200b\u200bde la Fuerza de Tarea con la Oficina Federal de Investigaciones, enfoc\u00e1ndose en el problema de las pandillas transnacionales. Clawson ha coordinado las operaciones del Equipo de Respuesta a Incidentes Cr\u00edticos de Ayuda Mutua jurisdiccional y se ha centrado en las ubicaciones de los problemas a trav\u00e9s de esfuerzos de vigilancia comunitaria en zonas de alta criminalidad.<\/p>\n\n\n\n<p>Tambi\u00e9n se desempe\u00f1\u00f3 como oficial de informaci\u00f3n de prensa del departamento, donde dirigi\u00f3 y coordin\u00f3 las actividades dentro de la Oficina del Jefe de Polic\u00eda; auditor\u00edas e inspecciones; y la revisi\u00f3n continua de pol\u00edticas y procedimientos.<\/p>\n\n\n\n<p>Se desempe\u00f1\u00f3 como Director de Proyecto de una subvenci\u00f3n de $ 2.5 millones de d\u00f3lares de la Oficina de Correcciones Estatales y Comunitarias que se enfoca en los esfuerzos de reintegraci\u00f3n de miembros de la comunidad previamente encarcelados que regresan a la sociedad. Clawson ha participado en el desarrollo de metas, objetivos e indicadores clave de desempe\u00f1o para las funciones divisionales asignadas, as\u00ed como en el desarrollo y la administraci\u00f3n de presupuestos divisionales, para incluir iniciativas de salud mental y para personas sin hogar, adquisici\u00f3n de tecnolog\u00eda e investigaciones.<\/p>\n\n\n\n<p>Esta es una historia de \u00faltima hora Pasadena Now la actualizar\u00e1 a medida que haya m\u00e1s informaci\u00f3n disponible.<\/p>\n","protected":false},"excerpt":{"rendered":"<p>La subdirectora Cheryl Moody y el comandante Jason Clawson rotar\u00e1n al puesto de jefe de polic\u00eda interino seg\u00fan un comunicado de la administradora de la ciudad Cynthia Kurtz. Se envi\u00f3 un correo electr\u00f3nico al departamento el lunes por la tarde anunciando la decisi\u00f3n. &#8220;Quiero felicitar al Jefe John P\u00e9rez por su retiro este mi\u00e9rcoles despu\u00e9s de casi 37 a\u00f1os en el Departamento de Polic\u00eda de Pasadena&#8221;, dijo Kurtz en un comunicado el lunes. \u201cHa sido un l\u00edder, mentor y defensor [&hellip;]<\/p>\n","protected":false},"author":4,"featured_media":13512,"comment_status":"open","ping_status":"closed","sticky":false,"template":"","format":"standard","meta":[],"categories":[4],"tags":[],"acf":[],"_links":{"self":[{"href":"http:\/\/www.pasadenahoy.com\/primero\/wp-json\/wp\/v2\/posts\/13511"}],"collection":[{"href":"http:\/\/www.pasadenahoy.com\/primero\/wp-json\/wp\/v2\/posts"}],"about":[{"href":"http:\/\/www.pasadenahoy.com\/primero\/wp-json\/wp\/v2\/types\/post"}],"author":[{"embeddable":true,"href":"http:\/\/www.pasadenahoy.com\/primero\/wp-json\/wp\/v2\/users\/4"}],"replies":[{"embeddable":true,"href":"http:\/\/www.pasadenahoy.com\/primero\/wp-json\/wp\/v2\/comments?post=13511"}],"version-history":[{"count":2,"href":"http:\/\/www.pasadenahoy.com\/primero\/wp-json\/wp\/v2\/posts\/13511\/revisions"}],"predecessor-version":[{"id":13514,"href":"http:\/\/www.pasadenahoy.com\/primero\/wp-json\/wp\/v2\/posts\/13511\/revisions\/13514"}],"wp:featuredmedia":[{"embeddable":true,"href":"http:\/\/www.pasadenahoy.com\/primero\/wp-json\/wp\/v2\/media\/13512"}],"wp:attachment":[{"href":"http:\/\/www.pasadenahoy.com\/primero\/wp-json\/wp\/v2\/media?parent=13511"}],"wp:term":[{"taxonomy":"category","embeddable":true,"href":"http:\/\/www.pasadenahoy.com\/primero\/wp-json\/wp\/v2\/categories?post=13511"},{"taxonomy":"post_tag","embeddable":true,"href":"http:\/\/www.pasadenahoy.com\/primero\/wp-json\/wp\/v2\/tags?post=13511"}],"curies":[{"name":"wp","href":"https:\/\/api.w.org\/{rel}","templated":true}]}}