{"id":13515,"date":"2022-01-04T15:11:24","date_gmt":"2022-01-04T15:11:24","guid":{"rendered":"http:\/\/www.pasadenahoy.com\/primero\/?p=13515"},"modified":"2022-01-04T15:12:00","modified_gmt":"2022-01-04T15:12:00","slug":"pasadena-reporta-un-record-de-1000-nuevos-casos-de-covid-19-en-3-dias","status":"publish","type":"post","link":"http:\/\/www.pasadenahoy.com\/primero\/la-comunidad\/pasadena-reporta-un-record-de-1000-nuevos-casos-de-covid-19-en-3-dias\/","title":{"rendered":"Pasadena reporta un r\u00e9cord de 1,000 nuevos casos de COVID-19 en 3 d\u00edas"},"content":{"rendered":"\n<figure class=\"wp-block-image alignnone size-large\"><figure class=\"alignnone\"><img loading=\"lazy\" width=\"700\" height=\"378\" src=\"http:\/\/www.pasadenahoy.com\/primero\/wp-content\/uploads\/2022\/01\/pic-2.png\" alt=\"\" class=\"wp-image-13516\" srcset=\"http:\/\/www.pasadenahoy.com\/primero\/wp-content\/uploads\/2022\/01\/pic-2.png 700w, http:\/\/www.pasadenahoy.com\/primero\/wp-content\/uploads\/2022\/01\/pic-2-300x162.png 300w, http:\/\/www.pasadenahoy.com\/primero\/wp-content\/uploads\/2022\/01\/pic-2-241x130.png 241w, http:\/\/www.pasadenahoy.com\/primero\/wp-content\/uploads\/2022\/01\/pic-2-333x180.png 333w, http:\/\/www.pasadenahoy.com\/primero\/wp-content\/uploads\/2022\/01\/pic-2-360x194.png 360w\" sizes=\"100vw\" \/><\/figure><\/figure>\n\n\n\n<p>El Departamento de Salud P\u00fablica de Pasadena inform\u00f3 1.026 nuevos casos confirmados y 73 nuevos casos probables de COVID-19 durante el fin de semana festivo de viernes a domingo de A\u00f1o Nuevo, excediendo cualquier per\u00edodo anterior de 3 d\u00edas en la pandemia.<\/p>\n\n\n\n<p>En el mismo per\u00edodo, un hombre latino de 80 a\u00f1os no vacunado muri\u00f3 por causas relacionadas con el COVID, inform\u00f3 el PPHD.<\/p>\n\n\n\n<p>Las hospitalizaciones aumentaron, pero no al mismo ritmo. El Hospital Huntington inform\u00f3 que 70 pacientes COVID positivos, el 73% de los cuales no estaban vacunados, el lunes. 10 de esos pacientes estaban en la unidad de cuidados intensivos del Hospital.<\/p>\n\n\n\n<p>El aumento de las infecciones por COVID-19 continu\u00f3 aumentando las hospitalizaciones en todo Los \u00c1ngeles durante todo el lunes, y las cifras estatales muestran que el n\u00famero de pacientes con virus positivos en los centros m\u00e9dicos del condado de Los \u00c1ngeles se acerca a los 2,000, el nivel m\u00e1s alto desde el invierno pasado.<\/p>\n\n\n\n<p>Seg\u00fan el estado, hab\u00eda 1.994 pacientes con COVID positivo en los hospitales del condado hasta el lunes, un aumento de m\u00e1s de 200 con respecto al d\u00eda anterior y el n\u00famero m\u00e1s alto desde febrero pasado. De esos pacientes, 278 estaban en cuidados intensivos, frente a los 263 del domingo.<\/p>\n\n\n\n<p>El Departamento de Salud P\u00fablica del condado inform\u00f3 que el n\u00famero de pacientes pedi\u00e1tricos con COVID, aunque todav\u00eda es relativamente peque\u00f1o, aument\u00f3 en casi un 190% del 4 al 25 de diciembre, y los ni\u00f1os menores de 4 a\u00f1os experimentaron el mayor aumento pedi\u00e1trico.<\/p>\n\n\n\n<p>Aunque las cifras actuales no estaban disponibles de inmediato, los funcionarios del condado le dijeron a City News Service la semana pasada que el 2 de diciembre hab\u00eda ocho pacientes pedi\u00e1tricos hospitalizados con COVID en el condado, pero ese n\u00famero aument\u00f3 a 21 el 23 de diciembre.<\/p>\n\n\n\n<p>&#8220;A medida que los estudiantes regresan al aula, todos debemos seguir las medidas de seguridad de salud p\u00fablica vigentes para garantizar que nuestras escuelas puedan abrir de manera segura despu\u00e9s de las vacaciones de invierno&#8221;, dijo la directora de salud p\u00fablica Barbara Ferrer en un comunicado. \u201cDebido a que una mayor transmisi\u00f3n comunitaria crea desaf\u00edos adicionales en nuestras escuelas, todos deben hacer su parte para frenar la propagaci\u00f3n del virus.<\/p>\n\n\n\n<p>\u201cLo m\u00e1s importante, dado que las vacunas y los refuerzos brindan la mayor protecci\u00f3n contra COVID-19, reduciendo la transmisi\u00f3n y las interrupciones en el aprendizaje en las escuelas, las familias deben actuar con urgencia para vacunar a sus ni\u00f1os en edad escolar\u201d, dijo.<\/p>\n\n\n\n<p>El condado emiti\u00f3 pautas revisadas a fines de la semana pasada para las escuelas, requiriendo que los maestros y el personal usen m\u00e1scaras de grado quir\u00fargico mejoradas, mientras que tambi\u00e9n requiere que los estudiantes usen m\u00e1scaras al aire libre cuando el distanciamiento f\u00edsico no es posible. Docenas de distritos escolares reanudaron las clases en persona el lunes, mientras que el Distrito Escolar Unificado de Los \u00c1ngeles regresar\u00e1 la pr\u00f3xima semana.<\/p>\n\n\n\n<p>El condado tambi\u00e9n ayudar\u00e1 a distribuir kits de prueba en el hogar que el estado pondr\u00e1 a disposici\u00f3n de todos los estudiantes de California.<\/p>\n\n\n\n<p>Con la variante Omicron altamente transmisible de COVID-19 que alimenta la propagaci\u00f3n del virus, el n\u00famero de casos del condado se ha disparado durante la \u00faltima semana. El condado report\u00f3 casi 45,000 nuevos casos durante el fin de semana, luego de un r\u00e9cord diario de 27,091 nuevas infecciones el viernes.<\/p>\n\n\n\n<p>El lunes, cuando los n\u00fameros de casos y muertes son tradicionalmente bajos debido a retrasos en los informes del fin de semana, el condado anunci\u00f3 ocho muertes m\u00e1s relacionadas con COVID y 16,269 casos nuevos.<\/p>\n\n\n\n<p>Los n\u00fameros aumentaron el n\u00famero de muertos por COVID del condado a 24,647 y el n\u00famero acumulado de casos de pandemia a 1,757,522.<\/p>\n\n\n\n<p>La tasa diaria promedio de siete d\u00edas de personas que dieron positivo por el virus fue del 22.5% a partir del lunes. Esa tasa estaba por debajo del 1% en noviembre.<\/p>\n\n\n\n<p>Con el aumento de las hospitalizaciones, los funcionarios de salud del condado instaron a los residentes a evitar visitar las salas de emergencia de los hospitales a menos que necesiten atenci\u00f3n de emergencia con urgencia.<\/p>\n\n\n\n<p>\u201cLos residentes no deben visitar el departamento de emergencias \u00fanicamente para hacerse una prueba de COVID o para quejas menores que puedan resolverse a trav\u00e9s de su m\u00e9dico de atenci\u00f3n primaria\u201d, seg\u00fan el condado.<\/p>\n\n\n\n<p>Los funcionarios de salud continuaron instando a los residentes a reducir las actividades de mayor riesgo, incluidas las actividades en interiores donde las personas est\u00e1n desenmascaradas durante largos per\u00edodos de tiempo, as\u00ed como los eventos al aire libre llenos de gente.<\/p>\n\n\n\n<p>La evidencia sugiere que solo aquellos que recientemente completaron su serie de vacunaci\u00f3n o recibieron un refuerzo tienen una protecci\u00f3n significativa contra la infecci\u00f3n con la variante altamente contagiosa de Omicron, seg\u00fan los funcionarios de Salud P\u00fablica.<\/p>\n\n\n\n<p>\u201cLos pr\u00f3ximos d\u00edas ser\u00e1n extraordinariamente desafiantes para todos nosotros, ya que nos enfrentamos a un n\u00famero de casos extraordinariamente alto que refleja la transmisi\u00f3n generalizada del virus. Para asegurarnos de que las personas puedan trabajar y asistir a la escuela, todos debemos actuar de manera responsable \u201d, dijo Ferrer a fines de la semana pasada.<\/p>\n\n\n\n<p>Tambi\u00e9n se\u00f1al\u00f3 que, en general, las tasas de mortalidad por COVID se han mantenido relativamente planas en el condado, a pesar del aumento dram\u00e1tico de las infecciones, pero dijo que eso podr\u00eda cambiar.<\/p>\n\n\n\n<p>&#8220;Afortunadamente, las muertes siguen siendo bajas y no han cambiado, pero esto se debe a que solo falta una semana desde que comenzaron a aumentar nuestras hospitalizaciones&#8221;, dijo.<\/p>\n\n\n\n<p>Los funcionarios han dicho <\/p>\n\n\n\n<p>Aproximadamente el 90% de las muertes por COVID durante la pandemia ocurrieron en personas que ten\u00edan problemas de salud subyacentes. Las afecciones m\u00e1s comunes son la hipertensi\u00f3n, la diabetes y las enfermedades card\u00edacas.<\/p>\n\n\n\n<p>El Grupo de Noticias del Sur de California inform\u00f3 el lunes que los casos de COVID han comenzado a afectar las actividades atl\u00e9ticas de la escuela secundaria, con equipos de baloncesto de escuelas como Chaminade, Long Beach Poly, Bishop Montgomery y Rolling Hills Prop que se retiraron de los juegos debido a problemas de virus. Sierra Canyon y Notre Dame anunciaron que limitar\u00e1n el acceso a los juegos de baloncesto, inform\u00f3 el grupo de peri\u00f3dicos.<\/p>\n\n\n\n<p><\/p>\n","protected":false},"excerpt":{"rendered":"<p>El Departamento de Salud P\u00fablica de Pasadena inform\u00f3 1.026 nuevos casos confirmados y 73 nuevos casos probables de COVID-19 durante el fin de semana festivo de viernes a domingo de A\u00f1o Nuevo, excediendo cualquier per\u00edodo anterior de 3 d\u00edas en la pandemia. En el mismo per\u00edodo, un hombre latino de 80 a\u00f1os no vacunado muri\u00f3 por causas relacionadas con el COVID, inform\u00f3 el PPHD. Las hospitalizaciones aumentaron, pero no al mismo ritmo. El Hospital Huntington inform\u00f3 que 70 pacientes COVID [&hellip;]<\/p>\n","protected":false},"author":4,"featured_media":13516,"comment_status":"open","ping_status":"closed","sticky":false,"template":"","format":"standard","meta":[],"categories":[4],"tags":[],"acf":[],"_links":{"self":[{"href":"http:\/\/www.pasadenahoy.com\/primero\/wp-json\/wp\/v2\/posts\/13515"}],"collection":[{"href":"http:\/\/www.pasadenahoy.com\/primero\/wp-json\/wp\/v2\/posts"}],"about":[{"href":"http:\/\/www.pasadenahoy.com\/primero\/wp-json\/wp\/v2\/types\/post"}],"author":[{"embeddable":true,"href":"http:\/\/www.pasadenahoy.com\/primero\/wp-json\/wp\/v2\/users\/4"}],"replies":[{"embeddable":true,"href":"http:\/\/www.pasadenahoy.com\/primero\/wp-json\/wp\/v2\/comments?post=13515"}],"version-history":[{"count":2,"href":"http:\/\/www.pasadenahoy.com\/primero\/wp-json\/wp\/v2\/posts\/13515\/revisions"}],"predecessor-version":[{"id":13518,"href":"http:\/\/www.pasadenahoy.com\/primero\/wp-json\/wp\/v2\/posts\/13515\/revisions\/13518"}],"wp:featuredmedia":[{"embeddable":true,"href":"http:\/\/www.pasadenahoy.com\/primero\/wp-json\/wp\/v2\/media\/13516"}],"wp:attachment":[{"href":"http:\/\/www.pasadenahoy.com\/primero\/wp-json\/wp\/v2\/media?parent=13515"}],"wp:term":[{"taxonomy":"category","embeddable":true,"href":"http:\/\/www.pasadenahoy.com\/primero\/wp-json\/wp\/v2\/categories?post=13515"},{"taxonomy":"post_tag","embeddable":true,"href":"http:\/\/www.pasadenahoy.com\/primero\/wp-json\/wp\/v2\/tags?post=13515"}],"curies":[{"name":"wp","href":"https:\/\/api.w.org\/{rel}","templated":true}]}}