{"id":13523,"date":"2022-01-04T15:27:49","date_gmt":"2022-01-04T15:27:49","guid":{"rendered":"http:\/\/www.pasadenahoy.com\/primero\/?p=13523"},"modified":"2022-01-04T15:27:51","modified_gmt":"2022-01-04T15:27:51","slug":"el-asambleista-chris-holden-nombrado-presidente-del-comite-de-asignaciones-de-la-asamblea","status":"publish","type":"post","link":"http:\/\/www.pasadenahoy.com\/primero\/el-gobierno-local\/el-asambleista-chris-holden-nombrado-presidente-del-comite-de-asignaciones-de-la-asamblea\/","title":{"rendered":"El asamble\u00edsta Chris Holden nombrado presidente del Comit\u00e9 de Asignaciones de la Asamblea"},"content":{"rendered":"\n<figure class=\"wp-block-image alignnone size-large\"><figure class=\"alignnone\"><img loading=\"lazy\" width=\"700\" height=\"378\" src=\"http:\/\/www.pasadenahoy.com\/primero\/wp-content\/uploads\/2022\/01\/pic-4-1.jpg\" alt=\"\" class=\"wp-image-13524\" srcset=\"http:\/\/www.pasadenahoy.com\/primero\/wp-content\/uploads\/2022\/01\/pic-4-1.jpg 700w, http:\/\/www.pasadenahoy.com\/primero\/wp-content\/uploads\/2022\/01\/pic-4-1-300x162.jpg 300w, http:\/\/www.pasadenahoy.com\/primero\/wp-content\/uploads\/2022\/01\/pic-4-1-241x130.jpg 241w, http:\/\/www.pasadenahoy.com\/primero\/wp-content\/uploads\/2022\/01\/pic-4-1-333x180.jpg 333w, http:\/\/www.pasadenahoy.com\/primero\/wp-content\/uploads\/2022\/01\/pic-4-1-360x194.jpg 360w\" sizes=\"100vw\" \/><figcaption><span class=\"caption-text\">El asamble\u00edsta Chris Holden. [V\u00eda Facebook]<\/span><\/figcaption><\/figure><\/figure>\n\n\n\n<p>El presidente de la Asamblea del Estado de California, Anthony Rendon, nombr\u00f3 al asamble\u00edsta Chis Holden (D-Pasadena) como presidente del Comit\u00e9 de Apropiaciones de la Asamblea del Estado de California.<br>\u201cAgradezco al presidente Rendon por nombrarme presidente del Comit\u00e9 de Apropiaciones\u201d, dijo Holden. &#8220;Agradezco su confianza en mi capacidad para presidir este importante comit\u00e9&#8221;.<\/p>\n\n\n\n<p>La jurisdicci\u00f3n principal del Comit\u00e9 de Asignaciones de la Asamblea incluye todos los proyectos de ley fiscales, incluidos los bonos y el financiamiento p\u00fablico alternativo.<\/p>\n\n\n\n<p>\u201cDespu\u00e9s de servir casi 24 a\u00f1os en el Concejo Municipal de Pasadena y nueve a\u00f1os en la Asamblea del Estado de California, he aprendido el importante equilibrio de mantener la responsabilidad fiscal y promover una pol\u00edtica p\u00fablica eficaz. Espero trabajar con mis colegas mientras nos esforzamos por otra sesi\u00f3n legislativa impactante \u201d, dijo Holden.<\/p>\n\n\n\n<p>Holden presidi\u00f3 formalmente el Comit\u00e9 de Servicios P\u00fablicos y Energ\u00eda de la Asamblea durante cinco a\u00f1os, donde sus jurisdicciones principales inclu\u00edan servicios p\u00fablicos, la Comisi\u00f3n de Servicios P\u00fablicos de California, empresas de energ\u00eda, telecomunicaciones y comercio internacional, entre otros. Continuar\u00e1 como miembro de este comit\u00e9, as\u00ed como del Comit\u00e9 de la Asamblea sobre el Poder Judicial, el Comit\u00e9 de la Asamblea sobre Comunicaciones y Transporte y el Comit\u00e9 de la Asamblea sobre Ciencias Ambientales y Materiales T\u00f3xicos.<\/p>\n","protected":false},"excerpt":{"rendered":"<p>El presidente de la Asamblea del Estado de California, Anthony Rendon, nombr\u00f3 al asamble\u00edsta Chis Holden (D-Pasadena) como presidente del Comit\u00e9 de Apropiaciones de la Asamblea del Estado de California.\u201cAgradezco al presidente Rendon por nombrarme presidente del Comit\u00e9 de Apropiaciones\u201d, dijo Holden. &#8220;Agradezco su confianza en mi capacidad para presidir este importante comit\u00e9&#8221;. La jurisdicci\u00f3n principal del Comit\u00e9 de Asignaciones de la Asamblea incluye todos los proyectos de ley fiscales, incluidos los bonos y el financiamiento p\u00fablico alternativo. \u201cDespu\u00e9s de [&hellip;]<\/p>\n","protected":false},"author":4,"featured_media":0,"comment_status":"open","ping_status":"closed","sticky":false,"template":"","format":"standard","meta":[],"categories":[6],"tags":[],"acf":[],"_links":{"self":[{"href":"http:\/\/www.pasadenahoy.com\/primero\/wp-json\/wp\/v2\/posts\/13523"}],"collection":[{"href":"http:\/\/www.pasadenahoy.com\/primero\/wp-json\/wp\/v2\/posts"}],"about":[{"href":"http:\/\/www.pasadenahoy.com\/primero\/wp-json\/wp\/v2\/types\/post"}],"author":[{"embeddable":true,"href":"http:\/\/www.pasadenahoy.com\/primero\/wp-json\/wp\/v2\/users\/4"}],"replies":[{"embeddable":true,"href":"http:\/\/www.pasadenahoy.com\/primero\/wp-json\/wp\/v2\/comments?post=13523"}],"version-history":[{"count":2,"href":"http:\/\/www.pasadenahoy.com\/primero\/wp-json\/wp\/v2\/posts\/13523\/revisions"}],"predecessor-version":[{"id":13526,"href":"http:\/\/www.pasadenahoy.com\/primero\/wp-json\/wp\/v2\/posts\/13523\/revisions\/13526"}],"wp:attachment":[{"href":"http:\/\/www.pasadenahoy.com\/primero\/wp-json\/wp\/v2\/media?parent=13523"}],"wp:term":[{"taxonomy":"category","embeddable":true,"href":"http:\/\/www.pasadenahoy.com\/primero\/wp-json\/wp\/v2\/categories?post=13523"},{"taxonomy":"post_tag","embeddable":true,"href":"http:\/\/www.pasadenahoy.com\/primero\/wp-json\/wp\/v2\/tags?post=13523"}],"curies":[{"name":"wp","href":"https:\/\/api.w.org\/{rel}","templated":true}]}}