{"id":13527,"date":"2022-01-04T15:31:28","date_gmt":"2022-01-04T15:31:28","guid":{"rendered":"http:\/\/www.pasadenahoy.com\/primero\/?p=13527"},"modified":"2022-01-04T15:31:30","modified_gmt":"2022-01-04T15:31:30","slug":"el-distrito-de-bibliotecas-de-altadena-anuncia-cierre-temporal-vuelven-los-servicios-en-la-acera-el-6-de-enero","status":"publish","type":"post","link":"http:\/\/www.pasadenahoy.com\/primero\/la-comunidad\/el-distrito-de-bibliotecas-de-altadena-anuncia-cierre-temporal-vuelven-los-servicios-en-la-acera-el-6-de-enero\/","title":{"rendered":"El distrito de bibliotecas de Altadena anuncia cierre temporal; Vuelven los servicios en la acera el 6 de enero"},"content":{"rendered":"\n<figure class=\"wp-block-image alignnone size-large\"><figure class=\"alignnone\"><img loading=\"lazy\" width=\"700\" height=\"379\" src=\"http:\/\/www.pasadenahoy.com\/primero\/wp-content\/uploads\/2022\/01\/pic-5.jpg\" alt=\"\" class=\"wp-image-13528\" srcset=\"http:\/\/www.pasadenahoy.com\/primero\/wp-content\/uploads\/2022\/01\/pic-5.jpg 700w, http:\/\/www.pasadenahoy.com\/primero\/wp-content\/uploads\/2022\/01\/pic-5-300x162.jpg 300w, http:\/\/www.pasadenahoy.com\/primero\/wp-content\/uploads\/2022\/01\/pic-5-240x130.jpg 240w, http:\/\/www.pasadenahoy.com\/primero\/wp-content\/uploads\/2022\/01\/pic-5-332x180.jpg 332w, http:\/\/www.pasadenahoy.com\/primero\/wp-content\/uploads\/2022\/01\/pic-5-360x195.jpg 360w\" sizes=\"100vw\" \/><\/figure><\/figure>\n\n\n\n<p>La Biblioteca P\u00fablica de Altadena cerr\u00f3 sus instalaciones y suspendi\u00f3 todas las actividades en persona hasta el 15 de enero, seg\u00fan un anuncio en el sitio web de la biblioteca.<\/p>\n\n\n\n<p>\u201cPor precauci\u00f3n y para ayudar a prevenir la propagaci\u00f3n comunitaria de la variante Omicron COVID-19 de r\u00e1pido movimiento, el Distrito de Bibliotecas de Altadena anuncia el cierre temporal de las instalaciones y la suspensi\u00f3n de los programas \/ actividades en persona del 3 de enero al 15 de enero , 2022 \u201d, se lee en el comunicado.<\/p>\n\n\n\n<p>Los servicios en la acera se reanudar\u00e1n el 6 de enero y el personal de la biblioteca regresar\u00e1 a los edificios y seguir\u00e1 los protocolos de seguridad mejorados.<\/p>\n\n\n\n<p>La programaci\u00f3n virtual continuar\u00e1 seg\u00fan lo programado.<\/p>\n\n\n\n<p>El condado de Los \u00c1ngeles inform\u00f3 casi 45,000 nuevos casos de COVID-19 este fin de semana.<\/p>\n\n\n\n<p>Los funcionarios del condado informaron 23,553 nuevos casos para el s\u00e1bado y otras 21,200 pruebas positivas el domingo, luego de que se reportara un r\u00e9cord de un d\u00eda de 27,091 nuevas infecciones el viernes.<\/p>\n\n\n\n<p>Pasadena no ha informado nuevos casos desde el jueves pasado, pero se espera que reanude los informes el lunes.<\/p>\n\n\n\n<p>Las hospitalizaciones por COVID en el condado tambi\u00e9n continuaron aumentando, aumentando en m\u00e1s de 150 por segundo d\u00eda consecutivo el domingo.<\/p>\n\n\n\n<p>El n\u00famero de pacientes con COVID en los hospitales del condado aument\u00f3 a 1.792, frente a los 1.628 del s\u00e1bado, seg\u00fan las \u00faltimas cifras estatales. De esos pacientes, 263 estaban en cuidados intensivos, frente a los 246 del d\u00eda anterior.<\/p>\n\n\n\n<p>El Hospital Huntington inform\u00f3 el lunes que su recuento de pacientes relacionados con COVID-19 lleg\u00f3 a 70 con 10 pacientes en la UCI. El 73% de todos los pacientes COVID-19 positivos no est\u00e1n vacunados.<\/p>\n\n\n\n<p>Los funcionarios de salud continuaron instando a los residentes a reducir las actividades de mayor riesgo, incluidas las actividades en interiores donde las personas est\u00e1n desenmascaradas durante largos per\u00edodos de tiempo, as\u00ed como los eventos al aire libre llenos de gente.<\/p>\n\n\n\n<p>Para obtener detalles sobre c\u00f3mo solicitar materiales para la recolecci\u00f3n en la acera, haga clic aqu\u00ed. Tambi\u00e9n puede comunicarse con el personal de la biblioteca por tel\u00e9fono al (626) 798-0833 o por chat en vivo a trav\u00e9s de nuestro sitio web de 10 a.m. a 6 p.m., de lunes a s\u00e1bado. Estar\u00e1n encantados de atenderte.<\/p>\n","protected":false},"excerpt":{"rendered":"<p>La Biblioteca P\u00fablica de Altadena cerr\u00f3 sus instalaciones y suspendi\u00f3 todas las actividades en persona hasta el 15 de enero, seg\u00fan un anuncio en el sitio web de la biblioteca. \u201cPor precauci\u00f3n y para ayudar a prevenir la propagaci\u00f3n comunitaria de la variante Omicron COVID-19 de r\u00e1pido movimiento, el Distrito de Bibliotecas de Altadena anuncia el cierre temporal de las instalaciones y la suspensi\u00f3n de los programas \/ actividades en persona del 3 de enero al 15 de enero , [&hellip;]<\/p>\n","protected":false},"author":4,"featured_media":0,"comment_status":"open","ping_status":"closed","sticky":false,"template":"","format":"standard","meta":[],"categories":[4],"tags":[],"acf":[],"_links":{"self":[{"href":"http:\/\/www.pasadenahoy.com\/primero\/wp-json\/wp\/v2\/posts\/13527"}],"collection":[{"href":"http:\/\/www.pasadenahoy.com\/primero\/wp-json\/wp\/v2\/posts"}],"about":[{"href":"http:\/\/www.pasadenahoy.com\/primero\/wp-json\/wp\/v2\/types\/post"}],"author":[{"embeddable":true,"href":"http:\/\/www.pasadenahoy.com\/primero\/wp-json\/wp\/v2\/users\/4"}],"replies":[{"embeddable":true,"href":"http:\/\/www.pasadenahoy.com\/primero\/wp-json\/wp\/v2\/comments?post=13527"}],"version-history":[{"count":2,"href":"http:\/\/www.pasadenahoy.com\/primero\/wp-json\/wp\/v2\/posts\/13527\/revisions"}],"predecessor-version":[{"id":13530,"href":"http:\/\/www.pasadenahoy.com\/primero\/wp-json\/wp\/v2\/posts\/13527\/revisions\/13530"}],"wp:attachment":[{"href":"http:\/\/www.pasadenahoy.com\/primero\/wp-json\/wp\/v2\/media?parent=13527"}],"wp:term":[{"taxonomy":"category","embeddable":true,"href":"http:\/\/www.pasadenahoy.com\/primero\/wp-json\/wp\/v2\/categories?post=13527"},{"taxonomy":"post_tag","embeddable":true,"href":"http:\/\/www.pasadenahoy.com\/primero\/wp-json\/wp\/v2\/tags?post=13527"}],"curies":[{"name":"wp","href":"https:\/\/api.w.org\/{rel}","templated":true}]}}