{"id":13531,"date":"2022-01-04T15:35:25","date_gmt":"2022-01-04T15:35:25","guid":{"rendered":"http:\/\/www.pasadenahoy.com\/primero\/?p=13531"},"modified":"2022-01-04T15:35:27","modified_gmt":"2022-01-04T15:35:27","slug":"el-plan-para-el-estacionamiento-en-tandem-para-el-nuevo-centro-medico-se-presenta-ante-el-funcionario-de-la-ciudad-el-miercoles","status":"publish","type":"post","link":"http:\/\/www.pasadenahoy.com\/primero\/la-comunidad\/el-plan-para-el-estacionamiento-en-tandem-para-el-nuevo-centro-medico-se-presenta-ante-el-funcionario-de-la-ciudad-el-miercoles\/","title":{"rendered":"El plan para el estacionamiento en t\u00e1ndem para el nuevo centro m\u00e9dico se presenta ante el funcionario de la ciudad el mi\u00e9rcoles"},"content":{"rendered":"\n<figure class=\"wp-block-image alignnone size-large\"><figure class=\"alignnone\"><img loading=\"lazy\" width=\"700\" height=\"378\" src=\"http:\/\/www.pasadenahoy.com\/primero\/wp-content\/uploads\/2022\/01\/pic-6-1.png\" alt=\"\" class=\"wp-image-13532\" srcset=\"http:\/\/www.pasadenahoy.com\/primero\/wp-content\/uploads\/2022\/01\/pic-6-1.png 700w, http:\/\/www.pasadenahoy.com\/primero\/wp-content\/uploads\/2022\/01\/pic-6-1-300x162.png 300w, http:\/\/www.pasadenahoy.com\/primero\/wp-content\/uploads\/2022\/01\/pic-6-1-241x130.png 241w, http:\/\/www.pasadenahoy.com\/primero\/wp-content\/uploads\/2022\/01\/pic-6-1-333x180.png 333w, http:\/\/www.pasadenahoy.com\/primero\/wp-content\/uploads\/2022\/01\/pic-6-1-360x194.png 360w\" sizes=\"100vw\" \/><\/figure><\/figure>\n\n\n\n<p>El desarrollador de un nuevo edificio de oficinas m\u00e9dicas de dos pisos de 7,750 pies cuadrados en 240 N. Altadena Drive en Pasadena est\u00e1 buscando un Permiso de Uso Condicional Menor para permitir el estacionamiento en t\u00e1ndem entre un total de 31 espacios de estacionamiento comercial provistos para el edificio propuesto.<\/p>\n\n\n\n<p>De esos espacios, 12 se configurar\u00e1n como estacionamiento en t\u00e1ndem, una configuraci\u00f3n en la que dos espacios se alinean uno detr\u00e1s del otro. Solo los empleados del edificio de consultorios m\u00e9dicos planeado podr\u00e1n usar los espacios de estacionamiento en t\u00e1ndem, seg\u00fan un informe del Departamento de Planificaci\u00f3n y Desarrollo Comunitario.<\/p>\n\n\n\n<p>La solicitud de Minor CUP se escuchar\u00e1 el mi\u00e9rcoles 5 de enero en una audiencia p\u00fablica como parte de la agenda del Oficial de Audiencias de Pasadena. Los miembros de la comunidad pueden asistir y hacer comentarios durante la videoconferencia.<\/p>\n\n\n\n<p>De acuerdo con el C\u00f3digo de Zonificaci\u00f3n de Pasadena, se requiere un CUP menor cuando hasta el 75 por ciento del total de espacios de estacionamiento fuera de la v\u00eda p\u00fablica provistos para un uso no residencial incorporan estacionamiento en t\u00e1ndem. El C\u00f3digo tambi\u00e9n requiere que un asistente de estacionamiento de tiempo completo est\u00e9 de servicio en todo momento mientras el estacionamiento est\u00e9 disponible para su uso.<\/p>\n\n\n\n<p>Los 12 espacios asignados para la configuraci\u00f3n de estacionamiento en t\u00e1ndem representan el 39 por ciento del total de 31 espacios no residenciales provistos. Los espacios configurados como t\u00e1ndem se encuentran principalmente en el lado sur del edificio de oficinas m\u00e9dicas propuesto.<\/p>\n\n\n\n<p>Con algunas condiciones de aprobaci\u00f3n recomendadas, el Departamento dijo que el estacionamiento en t\u00e1ndem no ser\u00eda un detrimento para quienes trabajan en la propiedad o trabajan y residen en las propiedades circundantes, y recomienda la aprobaci\u00f3n de la aplicaci\u00f3n Minor CUP.<\/p>\n\n\n\n<p>El sitio donde se construir\u00e1 el edificio del consultorio m\u00e9dico es un lote de esquina de forma rectangular de 15,281 pies cuadrados en la esquina sureste de la intersecci\u00f3n de North Altadena Drive y North Sierra Madre Blvd.<\/p>\n\n\n\n<p>El sitio se desarroll\u00f3 anteriormente con dos estructuras comerciales y ahora es un lote plano sin pavimentar vacante. Los veh\u00edculos pueden ingresar al estacionamiento a trav\u00e9s de unidades de acceso en cada frente de calle, dijo el Departamento de Planificaci\u00f3n.<\/p>\n\n\n\n<p>Los planes presentados por el desarrollador muestran que el edificio del consultorio m\u00e9dico se llamar\u00e1 Altadena Medical.<\/p>\n\n\n\n<p>La audiencia p\u00fablica del mi\u00e9rcoles por parte del Oficial de Audiencias comienza a las 5:30 p.m. Los miembros del p\u00fablico pueden acceder a la audiencia a trav\u00e9s de Zoom, en https:\/\/us02web.zoom.us\/j\/83530315266 o llamando al (669) 900-6833 y utilizando el webinar ID 835 3031 5266.<\/p>\n\n\n\n<p>Los comentarios p\u00fablicos pueden enviarse por correo electr\u00f3nico a htam@cityofpasadena.net.<\/p>\n\n\n\n<p>El p\u00fablico tambi\u00e9n puede proporcionar comentarios en vivo sobre Zoom en el momento de la audiencia.<\/p>\n","protected":false},"excerpt":{"rendered":"<p>El desarrollador de un nuevo edificio de oficinas m\u00e9dicas de dos pisos de 7,750 pies cuadrados en 240 N. Altadena Drive en Pasadena est\u00e1 buscando un Permiso de Uso Condicional Menor para permitir el estacionamiento en t\u00e1ndem entre un total de 31 espacios de estacionamiento comercial provistos para el edificio propuesto. De esos espacios, 12 se configurar\u00e1n como estacionamiento en t\u00e1ndem, una configuraci\u00f3n en la que dos espacios se alinean uno detr\u00e1s del otro. Solo los empleados del edificio de [&hellip;]<\/p>\n","protected":false},"author":4,"featured_media":0,"comment_status":"open","ping_status":"closed","sticky":false,"template":"","format":"standard","meta":[],"categories":[4],"tags":[],"acf":[],"_links":{"self":[{"href":"http:\/\/www.pasadenahoy.com\/primero\/wp-json\/wp\/v2\/posts\/13531"}],"collection":[{"href":"http:\/\/www.pasadenahoy.com\/primero\/wp-json\/wp\/v2\/posts"}],"about":[{"href":"http:\/\/www.pasadenahoy.com\/primero\/wp-json\/wp\/v2\/types\/post"}],"author":[{"embeddable":true,"href":"http:\/\/www.pasadenahoy.com\/primero\/wp-json\/wp\/v2\/users\/4"}],"replies":[{"embeddable":true,"href":"http:\/\/www.pasadenahoy.com\/primero\/wp-json\/wp\/v2\/comments?post=13531"}],"version-history":[{"count":2,"href":"http:\/\/www.pasadenahoy.com\/primero\/wp-json\/wp\/v2\/posts\/13531\/revisions"}],"predecessor-version":[{"id":13534,"href":"http:\/\/www.pasadenahoy.com\/primero\/wp-json\/wp\/v2\/posts\/13531\/revisions\/13534"}],"wp:attachment":[{"href":"http:\/\/www.pasadenahoy.com\/primero\/wp-json\/wp\/v2\/media?parent=13531"}],"wp:term":[{"taxonomy":"category","embeddable":true,"href":"http:\/\/www.pasadenahoy.com\/primero\/wp-json\/wp\/v2\/categories?post=13531"},{"taxonomy":"post_tag","embeddable":true,"href":"http:\/\/www.pasadenahoy.com\/primero\/wp-json\/wp\/v2\/tags?post=13531"}],"curies":[{"name":"wp","href":"https:\/\/api.w.org\/{rel}","templated":true}]}}