{"id":13538,"date":"2022-01-05T14:56:13","date_gmt":"2022-01-05T14:56:13","guid":{"rendered":"http:\/\/www.pasadenahoy.com\/primero\/?p=13538"},"modified":"2022-01-05T14:56:15","modified_gmt":"2022-01-05T14:56:15","slug":"el-supervisor-del-condado-del-distrito-5-barger-da-positivo-para-covid-19","status":"publish","type":"post","link":"http:\/\/www.pasadenahoy.com\/primero\/el-gobierno-local\/el-supervisor-del-condado-del-distrito-5-barger-da-positivo-para-covid-19\/","title":{"rendered":"El supervisor del condado del Distrito 5, Barger, da positivo para COVID-19"},"content":{"rendered":"\n<figure class=\"wp-block-image alignnone size-large\"><figure class=\"alignnone\"><img loading=\"lazy\" width=\"700\" height=\"378\" src=\"http:\/\/www.pasadenahoy.com\/primero\/wp-content\/uploads\/2022\/01\/pic-1-2.jpg\" alt=\"\" class=\"wp-image-13539\" srcset=\"http:\/\/www.pasadenahoy.com\/primero\/wp-content\/uploads\/2022\/01\/pic-1-2.jpg 700w, http:\/\/www.pasadenahoy.com\/primero\/wp-content\/uploads\/2022\/01\/pic-1-2-300x162.jpg 300w, http:\/\/www.pasadenahoy.com\/primero\/wp-content\/uploads\/2022\/01\/pic-1-2-241x130.jpg 241w, http:\/\/www.pasadenahoy.com\/primero\/wp-content\/uploads\/2022\/01\/pic-1-2-333x180.jpg 333w, http:\/\/www.pasadenahoy.com\/primero\/wp-content\/uploads\/2022\/01\/pic-1-2-360x194.jpg 360w\" sizes=\"100vw\" \/><figcaption><span class=\"caption-text\">Kathryn Barger<\/span><\/figcaption><\/figure><\/figure>\n\n\n\n<p>La supervisora \u200b\u200bKathryn Barger, quien representa a Pasadena en la Junta de Supervisores del Condado de Los \u00c1ngeles, tuite\u00f3 que dio positivo por COVID-19 el martes.<\/p>\n\n\n\n<p>&#8220;Se siente como un resfriado, pero la experiencia de cada persona es diferente&#8221;, tuite\u00f3 Barger. \u201cEs hora de predicar con el ejemplo: estoy aisl\u00e1ndome, descansando y manteniendo a mis seres queridos a distancia. #StayHome #Vacunnate #FlattenTheCurve \u201d<\/p>\n\n\n\n<p>Barger le dijo a FOX 11 que comenz\u00f3 a experimentar algunos de los s\u00edntomas del virus durante la v\u00edspera de A\u00f1o Nuevo. Dijo que, como muchos residentes del condado de Los \u00c1ngeles, tuvo problemas para encontrar pruebas en el \u00e1rea, pero dijo que por &#8220;pura suerte&#8221; pudo hacerse la prueba el domingo, lo que condujo al diagn\u00f3stico de COVID-19.<\/p>\n\n\n\n<p>La variante Omicron sigue aumentando en el condado de Los \u00c1ngeles. Hasta el martes, m\u00e1s de 2.000 personas infectadas con el virus han sido ingresadas en hospitales.<\/p>\n\n\n\n<p>El n\u00famero de hospitalizaciones es el m\u00e1s alto desde febrero pasado en medio de otro aumento de COVID invernal. Debido al aumento del n\u00famero de pacientes, el Departamento de Salud P\u00fablica del condado inst\u00f3 el lunes a los residentes a evitar visitar las salas de emergencia de los hospitales a menos que necesiten atenci\u00f3n de emergencia con urgencia.<\/p>\n","protected":false},"excerpt":{"rendered":"<p>La supervisora \u200b\u200bKathryn Barger, quien representa a Pasadena en la Junta de Supervisores del Condado de Los \u00c1ngeles, tuite\u00f3 que dio positivo por COVID-19 el martes. &#8220;Se siente como un resfriado, pero la experiencia de cada persona es diferente&#8221;, tuite\u00f3 Barger. \u201cEs hora de predicar con el ejemplo: estoy aisl\u00e1ndome, descansando y manteniendo a mis seres queridos a distancia. #StayHome #Vacunnate #FlattenTheCurve \u201d Barger le dijo a FOX 11 que comenz\u00f3 a experimentar algunos de los s\u00edntomas del virus durante [&hellip;]<\/p>\n","protected":false},"author":4,"featured_media":13539,"comment_status":"open","ping_status":"closed","sticky":false,"template":"","format":"standard","meta":[],"categories":[6],"tags":[],"acf":[],"_links":{"self":[{"href":"http:\/\/www.pasadenahoy.com\/primero\/wp-json\/wp\/v2\/posts\/13538"}],"collection":[{"href":"http:\/\/www.pasadenahoy.com\/primero\/wp-json\/wp\/v2\/posts"}],"about":[{"href":"http:\/\/www.pasadenahoy.com\/primero\/wp-json\/wp\/v2\/types\/post"}],"author":[{"embeddable":true,"href":"http:\/\/www.pasadenahoy.com\/primero\/wp-json\/wp\/v2\/users\/4"}],"replies":[{"embeddable":true,"href":"http:\/\/www.pasadenahoy.com\/primero\/wp-json\/wp\/v2\/comments?post=13538"}],"version-history":[{"count":2,"href":"http:\/\/www.pasadenahoy.com\/primero\/wp-json\/wp\/v2\/posts\/13538\/revisions"}],"predecessor-version":[{"id":13541,"href":"http:\/\/www.pasadenahoy.com\/primero\/wp-json\/wp\/v2\/posts\/13538\/revisions\/13541"}],"wp:featuredmedia":[{"embeddable":true,"href":"http:\/\/www.pasadenahoy.com\/primero\/wp-json\/wp\/v2\/media\/13539"}],"wp:attachment":[{"href":"http:\/\/www.pasadenahoy.com\/primero\/wp-json\/wp\/v2\/media?parent=13538"}],"wp:term":[{"taxonomy":"category","embeddable":true,"href":"http:\/\/www.pasadenahoy.com\/primero\/wp-json\/wp\/v2\/categories?post=13538"},{"taxonomy":"post_tag","embeddable":true,"href":"http:\/\/www.pasadenahoy.com\/primero\/wp-json\/wp\/v2\/tags?post=13538"}],"curies":[{"name":"wp","href":"https:\/\/api.w.org\/{rel}","templated":true}]}}