{"id":13542,"date":"2022-01-05T15:01:05","date_gmt":"2022-01-05T15:01:05","guid":{"rendered":"http:\/\/www.pasadenahoy.com\/primero\/?p=13542"},"modified":"2022-01-05T15:01:07","modified_gmt":"2022-01-05T15:01:07","slug":"los-estudiantes-del-pusd-regresan-a-la-escuela-a-medida-que-aumenta-el-virus-mientras-que-el-pcc-vuelve-a-estar-en-linea","status":"publish","type":"post","link":"http:\/\/www.pasadenahoy.com\/primero\/la-comunidad\/los-estudiantes-del-pusd-regresan-a-la-escuela-a-medida-que-aumenta-el-virus-mientras-que-el-pcc-vuelve-a-estar-en-linea\/","title":{"rendered":"Los estudiantes del PUSD regresan a la escuela a medida que aumenta el virus, mientras que el PCC vuelve a estar en l\u00ednea"},"content":{"rendered":"\n<figure class=\"wp-block-image alignnone size-large\"><figure class=\"alignnone\"><img loading=\"lazy\" width=\"700\" height=\"378\" src=\"http:\/\/www.pasadenahoy.com\/primero\/wp-content\/uploads\/2022\/01\/pic-2-1.jpg\" alt=\"\" class=\"wp-image-13543\" srcset=\"http:\/\/www.pasadenahoy.com\/primero\/wp-content\/uploads\/2022\/01\/pic-2-1.jpg 700w, http:\/\/www.pasadenahoy.com\/primero\/wp-content\/uploads\/2022\/01\/pic-2-1-300x162.jpg 300w, http:\/\/www.pasadenahoy.com\/primero\/wp-content\/uploads\/2022\/01\/pic-2-1-241x130.jpg 241w, http:\/\/www.pasadenahoy.com\/primero\/wp-content\/uploads\/2022\/01\/pic-2-1-333x180.jpg 333w, http:\/\/www.pasadenahoy.com\/primero\/wp-content\/uploads\/2022\/01\/pic-2-1-360x194.jpg 360w\" sizes=\"100vw\" \/><figcaption><span class=\"caption-text\">A los estudiantes de la escuela secundaria Muir se les revisa la temperatura antes de ingresar al campus (cortes\u00eda de la p\u00e1gina de Facebook de Muir)<\/span><\/figcaption><\/figure><\/figure>\n\n\n\n<p>Los estudiantes regresaron a la escuela en los campus de todo el Distrito Escolar Unificado de Pasadena el martes.<\/p>\n\n\n\n<p>\u201cAl regresar a la escuela en persona esta semana, quiero reconocer las preocupaciones expresadas sobre regresar al campus de manera segura. Yo tambi\u00e9n estoy profundamente preocupado por el aumento de casos de COVID-19 debido a la variaci\u00f3n de Omicron \u201d, dijo el superintendente Brian McDonald en el sitio web del distrito escolar.<\/p>\n\n\n\n<p>El regreso se produce cuando la variante Omicron del virus contin\u00faa aumentando en todo el pa\u00eds. El gobernador Gavin Newsom prometi\u00f3 anteriormente que 6 millones de estudiantes en edad escolar recibir\u00edan ex\u00e1menes para llevar a casa, pero hasta ahora esos ex\u00e1menes han tardado en llegar a algunos distritos escolares, incluido Pasadena.<\/p>\n\n\n\n<p>&#8220;Desde el comienzo de la pandemia, la principal prioridad de nuestro distrito ha sido la seguridad y el bienestar de nuestros estudiantes y empleados&#8221;. Dijo McDonald.<\/p>\n\n\n\n<p>El lunes, cientos de estudiantes de Pasadena fueron evaluados en la sede del distrito escolar.<\/p>\n\n\n\n<p>El distrito est\u00e1 programado para reanudar sus pruebas programadas regularmente en las escuelas esta semana. Seg\u00fan los informes, la Oficina de Educaci\u00f3n del Condado de Los \u00c1ngeles tambi\u00e9n ha puesto a disposici\u00f3n un kit de prueba para llevar a casa para los estudiantes de K-12, que el PUSD dijo que pondr\u00e1 a disposici\u00f3n m\u00e1s adelante esta semana.<\/p>\n\n\n\n<p>Las pruebas y las vacunas fueron la segunda ronda disponible durante la semana pasada, ya que el distrito tambi\u00e9n llev\u00f3 a cabo tres d\u00edas de pruebas el 20, 28 y 30 de diciembre, evaluando a 827 estudiantes y miembros del personal en el Rose Bowl.<\/p>\n\n\n\n<p>Una vez m\u00e1s, el virus ha obligado a algunas instituciones de aprendizaje a volver temporalmente al aprendizaje en l\u00ednea, incluido el Pasadena City College.<\/p>\n\n\n\n<p>\u201cA medida que la variante omicron de COVID-19 contin\u00faa su aumento sin precedentes, y siguiendo una fuerte recomendaci\u00f3n hecha por la Oficina del Canciller de California Community College, Pasadena City College ha tomado la dif\u00edcil decisi\u00f3n de mover las dos primeras semanas del semestre de primavera de 2022 completamente en l\u00ednea. &#8221; la universidad public\u00f3. \u201cDurante este tiempo, la mayor\u00eda de las clases y los servicios universitarios se llevar\u00e1n a cabo de forma remota. Esta es una respuesta temporal a este aumento de casos y la universidad tiene la intenci\u00f3n de reanudar las operaciones y la instrucci\u00f3n presencial el lunes 24 de enero &#8220;.<\/p>\n","protected":false},"excerpt":{"rendered":"<p>Los estudiantes regresaron a la escuela en los campus de todo el Distrito Escolar Unificado de Pasadena el martes. \u201cAl regresar a la escuela en persona esta semana, quiero reconocer las preocupaciones expresadas sobre regresar al campus de manera segura. Yo tambi\u00e9n estoy profundamente preocupado por el aumento de casos de COVID-19 debido a la variaci\u00f3n de Omicron \u201d, dijo el superintendente Brian McDonald en el sitio web del distrito escolar. El regreso se produce cuando la variante Omicron del [&hellip;]<\/p>\n","protected":false},"author":4,"featured_media":13543,"comment_status":"open","ping_status":"closed","sticky":false,"template":"","format":"standard","meta":[],"categories":[4],"tags":[],"acf":[],"_links":{"self":[{"href":"http:\/\/www.pasadenahoy.com\/primero\/wp-json\/wp\/v2\/posts\/13542"}],"collection":[{"href":"http:\/\/www.pasadenahoy.com\/primero\/wp-json\/wp\/v2\/posts"}],"about":[{"href":"http:\/\/www.pasadenahoy.com\/primero\/wp-json\/wp\/v2\/types\/post"}],"author":[{"embeddable":true,"href":"http:\/\/www.pasadenahoy.com\/primero\/wp-json\/wp\/v2\/users\/4"}],"replies":[{"embeddable":true,"href":"http:\/\/www.pasadenahoy.com\/primero\/wp-json\/wp\/v2\/comments?post=13542"}],"version-history":[{"count":2,"href":"http:\/\/www.pasadenahoy.com\/primero\/wp-json\/wp\/v2\/posts\/13542\/revisions"}],"predecessor-version":[{"id":13545,"href":"http:\/\/www.pasadenahoy.com\/primero\/wp-json\/wp\/v2\/posts\/13542\/revisions\/13545"}],"wp:featuredmedia":[{"embeddable":true,"href":"http:\/\/www.pasadenahoy.com\/primero\/wp-json\/wp\/v2\/media\/13543"}],"wp:attachment":[{"href":"http:\/\/www.pasadenahoy.com\/primero\/wp-json\/wp\/v2\/media?parent=13542"}],"wp:term":[{"taxonomy":"category","embeddable":true,"href":"http:\/\/www.pasadenahoy.com\/primero\/wp-json\/wp\/v2\/categories?post=13542"},{"taxonomy":"post_tag","embeddable":true,"href":"http:\/\/www.pasadenahoy.com\/primero\/wp-json\/wp\/v2\/tags?post=13542"}],"curies":[{"name":"wp","href":"https:\/\/api.w.org\/{rel}","templated":true}]}}