{"id":13546,"date":"2022-01-05T15:04:58","date_gmt":"2022-01-05T15:04:58","guid":{"rendered":"http:\/\/www.pasadenahoy.com\/primero\/?p=13546"},"modified":"2022-01-05T15:05:58","modified_gmt":"2022-01-05T15:05:58","slug":"los-pacientes-con-covid-positivo-en-el-huntington-hospital-se-duplicaron-en-las-ultimas-dos-semanas","status":"publish","type":"post","link":"http:\/\/www.pasadenahoy.com\/primero\/la-comunidad\/los-pacientes-con-covid-positivo-en-el-huntington-hospital-se-duplicaron-en-las-ultimas-dos-semanas\/","title":{"rendered":"Los pacientes con COVID positivo en el Huntington Hospital se duplicaron en las \u00faltimas dos semanas"},"content":{"rendered":"\n<figure class=\"wp-block-image alignnone size-large\"><figure class=\"alignnone\"><img loading=\"lazy\" width=\"700\" height=\"378\" src=\"http:\/\/www.pasadenahoy.com\/primero\/wp-content\/uploads\/2022\/01\/pic3.png\" alt=\"\" class=\"wp-image-13547\" srcset=\"http:\/\/www.pasadenahoy.com\/primero\/wp-content\/uploads\/2022\/01\/pic3.png 700w, http:\/\/www.pasadenahoy.com\/primero\/wp-content\/uploads\/2022\/01\/pic3-300x162.png 300w, http:\/\/www.pasadenahoy.com\/primero\/wp-content\/uploads\/2022\/01\/pic3-241x130.png 241w, http:\/\/www.pasadenahoy.com\/primero\/wp-content\/uploads\/2022\/01\/pic3-333x180.png 333w, http:\/\/www.pasadenahoy.com\/primero\/wp-content\/uploads\/2022\/01\/pic3-360x194.png 360w\" sizes=\"100vw\" \/><\/figure><\/figure>\n\n\n\n<p>El n\u00famero de pacientes que luchan contra el COVID-19 en el Huntington Hospital se ha m\u00e1s que duplicado desde el 22 de diciembre.<\/p>\n\n\n\n<p>Seg\u00fan el hospital, hasta el martes por la ma\u00f1ana, 75 pacientes COVID-19 positivos estaban siendo tratados, ocho de ellos en la unidad de cuidados intensivos. Todos los pacientes de la UCI no estaban vacunados.<\/p>\n\n\n\n<p>Ese n\u00famero es m\u00e1s del doble de los 31 pacientes con COVID-19 que inform\u00f3 el hospital el 22 de diciembre.<\/p>\n\n\n\n<p>Mientras tanto, el martes, el Departamento de Salud P\u00fablica de Pasadena inform\u00f3 sobre la segunda muerte de la semana relacionada con el COVID-19 en la ciudad, una mujer blanca de unos 70 a\u00f1os. Estaba completamente vacunada pero inmunodeprimida. Ella viv\u00eda en una instalaci\u00f3n de vida independiente.<\/p>\n\n\n\n<p>La ciudad tambi\u00e9n report\u00f3 275 nuevos casos confirmados y 41 probables de COVID-19 entre los residentes locales, inmediatamente despu\u00e9s de 1.026 nuevos casos confirmados y 73 nuevos casos probables de COVID-19 durante el fin de semana festivo de A\u00f1o Nuevo del viernes al domingo, superando los 3 anteriores. -per\u00edodo de un d\u00eda en la pandemia.<\/p>\n\n\n\n<p>El aumento en las cifras de Pasadena se produce a medida que sigue aumentando el n\u00famero de pacientes COVID-19 positivos en el condado de Los \u00c1ngeles.<\/p>\n\n\n\n<p>Las hospitalizaciones en todo el condado de Los \u00c1ngeles aumentaron muy por encima de la marca de 2.000 el martes en medio de un aumento en las infecciones que ha visto dispararse el n\u00famero de casos diarios durante las \u00faltimas dos semanas.<\/p>\n\n\n\n<p>Seg\u00fan cifras estatales, hasta el martes hab\u00eda 2.240 pacientes con COVID positivo en los hospitales del condado, un aumento desde los 1.994 del lunes. De esos pacientes, 303 estaban siendo tratados en cuidados intensivos, un aumento respecto a los 278 del d\u00eda anterior.<\/p>\n\n\n\n<p>El n\u00famero de hospitalizaciones es el m\u00e1s alto desde febrero pasado en medio de otro aumento de COVID invernal. Debido al aumento del n\u00famero de pacientes, el Departamento de Salud P\u00fablica del condado inst\u00f3 el lunes a los residentes a evitar visitar las salas de emergencia de los hospitales a menos que necesiten atenci\u00f3n de emergencia con urgencia.<\/p>\n\n\n\n<p>&#8220;Los residentes no deben visitar el departamento de emergencias \u00fanicamente para hacerse una prueba de COVID o para quejas menores que puedan resolverse a trav\u00e9s de su m\u00e9dico de atenci\u00f3n primaria&#8221;, seg\u00fan el condado.<\/p>\n\n\n\n<p>Los funcionarios de salud han notado a lo largo de la pandemia que muchos de los pacientes con COVID positivos en los hospitales fueron admitidos por razones distintas al virus, y solo se enteraron de que estaban infectados cuando se les hizo la prueba al llegar.<\/p>\n\n\n\n<p>La Dra. Christina Ghaly, directora de servicios de salud del condado, le dijo a Los Angeles Times que alrededor de dos tercios de los pacientes con COVID positivo en los cuatro hospitales operados por el condado fueron admitidos por algo diferente al COVID.<\/p>\n\n\n\n<p>Sin embargo, el creciente n\u00famero de pacientes ha generado preocupaciones sobre la estabilidad del sistema hospitalario, y las autoridades dicen que los problemas de personal limitar\u00e1n la capacidad de los hospitales para expandir r\u00e1pidamente la capacidad de los pacientes como lo hicieron el invierno pasado, cuando el n\u00famero de pacientes con COVID positivo super\u00f3 los 8.000.<\/p>\n\n\n\n<p>El Departamento de Salud P\u00fablica del condado inform\u00f3 el lunes que el n\u00famero de pacientes pedi\u00e1tricos con COVID en los hospitales, aunque todav\u00eda es relativamente peque\u00f1o, aument\u00f3 en casi un 190% del 4 al 25 de diciembre, y los ni\u00f1os menores de 4 a\u00f1os experimentaron el mayor aumento pedi\u00e1trico.<\/p>\n\n\n\n<p>Aunque las cifras actuales no estaban disponibles de inmediato, los funcionarios del condado le dijeron a City News Service la semana pasada que el 2 de diciembre hab\u00eda ocho pacientes pedi\u00e1tricos hospitalizados con COVID en el condado, pero ese n\u00famero aument\u00f3 a 21 el 23 de diciembre.<\/p>\n\n\n\n<p>&#8220;A medida que los estudiantes regresan al aula, todos debemos seguir las medidas de seguridad de salud p\u00fablica vigentes para garantizar que nuestras escuelas puedan abrir de manera segura despu\u00e9s de las vacaciones de invierno&#8221;, dijo la directora de salud p\u00fablica Barbara Ferrer en un comunicado el lunes. \u201cDebido a que una mayor transmisi\u00f3n comunitaria crea desaf\u00edos adicionales en nuestras escuelas, todos deben hacer su parte para frenar la propagaci\u00f3n del virus.<\/p>\n\n\n\n<p>\u201cLo m\u00e1s importante, dado que las vacunas y los refuerzos brindan la mayor protecci\u00f3n contra COVID-19, reduciendo la transmisi\u00f3n y las interrupciones en el aprendizaje en las escuelas, las familias deben actuar con urgencia para vacunar a sus ni\u00f1os en edad escolar\u201d, dijo.<\/p>\n\n\n\n<p>El condado emiti\u00f3 pautas revisadas a fines de la semana pasada para las escuelas, requiriendo que los maestros y el personal usen m\u00e1scaras de grado quir\u00fargico mejoradas, mientras que tambi\u00e9n requiere que los estudiantes usen m\u00e1scaras al aire libre cuando el distanciamiento f\u00edsico no es posible. Docenas de distritos escolares reanudaron las clases en persona el lunes, mientras que el Distrito Escolar Unificado de Los \u00c1ngeles regresar\u00e1 la pr\u00f3xima semana.<\/p>\n\n\n\n<p>El LAUSD requiere que todos los estudiantes y el personal sean evaluados antes de que se reanuden las clases en persona el 11 de enero.<\/p>\n\n\n\n<p>El condado indic\u00f3 que ayudar\u00e1 a distribuir kits de prueba en el hogar a los estudiantes que el estado pone a disposici\u00f3n. El gobernador Gavin Newsom dijo anteriormente que se distribuir\u00edan 6 millones de kits para el hogar a todos los estudiantes del estado, pero la entrega de esos kits ha sido m\u00e1s lenta de lo planeado originalmente, y algunos distritos a\u00fan no reciben ninguno de ellos.<\/p>\n\n\n\n<p>Hasta el lunes, el Distrito Escolar Unificado de Pasadena no hab\u00eda recibido su asignaci\u00f3n de ex\u00e1menes.<\/p>\n\n\n\n<p>Con la variante Omicron altamente transmisible de COVID-19 que alimenta la propagaci\u00f3n del virus, el condado <\/p>\n\n\n\n<p>El n\u00famero de casos se ha disparado durante la \u00faltima semana. El condado report\u00f3 casi 45,000 nuevos casos durante el fin de semana, luego de un r\u00e9cord diario de 27,091 nuevas infecciones el viernes.<\/p>\n\n\n\n<p>El lunes, cuando los n\u00fameros de casos y muertes son tradicionalmente bajos debido a retrasos en los informes del fin de semana, el condado anunci\u00f3 ocho muertes m\u00e1s relacionadas con COVID y 16,269 casos nuevos.<\/p>\n\n\n\n<p>Los n\u00fameros aumentaron el n\u00famero de muertos por COVID del condado a 24,647 y el n\u00famero acumulado de casos de pandemia a 1,757,522.<\/p>\n\n\n\n<p><\/p>\n","protected":false},"excerpt":{"rendered":"<p>El n\u00famero de pacientes que luchan contra el COVID-19 en el Huntington Hospital se ha m\u00e1s que duplicado desde el 22 de diciembre. Seg\u00fan el hospital, hasta el martes por la ma\u00f1ana, 75 pacientes COVID-19 positivos estaban siendo tratados, ocho de ellos en la unidad de cuidados intensivos. Todos los pacientes de la UCI no estaban vacunados. Ese n\u00famero es m\u00e1s del doble de los 31 pacientes con COVID-19 que inform\u00f3 el hospital el 22 de diciembre. Mientras tanto, el [&hellip;]<\/p>\n","protected":false},"author":4,"featured_media":13547,"comment_status":"open","ping_status":"closed","sticky":false,"template":"","format":"standard","meta":[],"categories":[4],"tags":[],"acf":[],"_links":{"self":[{"href":"http:\/\/www.pasadenahoy.com\/primero\/wp-json\/wp\/v2\/posts\/13546"}],"collection":[{"href":"http:\/\/www.pasadenahoy.com\/primero\/wp-json\/wp\/v2\/posts"}],"about":[{"href":"http:\/\/www.pasadenahoy.com\/primero\/wp-json\/wp\/v2\/types\/post"}],"author":[{"embeddable":true,"href":"http:\/\/www.pasadenahoy.com\/primero\/wp-json\/wp\/v2\/users\/4"}],"replies":[{"embeddable":true,"href":"http:\/\/www.pasadenahoy.com\/primero\/wp-json\/wp\/v2\/comments?post=13546"}],"version-history":[{"count":2,"href":"http:\/\/www.pasadenahoy.com\/primero\/wp-json\/wp\/v2\/posts\/13546\/revisions"}],"predecessor-version":[{"id":13549,"href":"http:\/\/www.pasadenahoy.com\/primero\/wp-json\/wp\/v2\/posts\/13546\/revisions\/13549"}],"wp:featuredmedia":[{"embeddable":true,"href":"http:\/\/www.pasadenahoy.com\/primero\/wp-json\/wp\/v2\/media\/13547"}],"wp:attachment":[{"href":"http:\/\/www.pasadenahoy.com\/primero\/wp-json\/wp\/v2\/media?parent=13546"}],"wp:term":[{"taxonomy":"category","embeddable":true,"href":"http:\/\/www.pasadenahoy.com\/primero\/wp-json\/wp\/v2\/categories?post=13546"},{"taxonomy":"post_tag","embeddable":true,"href":"http:\/\/www.pasadenahoy.com\/primero\/wp-json\/wp\/v2\/tags?post=13546"}],"curies":[{"name":"wp","href":"https:\/\/api.w.org\/{rel}","templated":true}]}}