{"id":13567,"date":"2022-01-06T15:17:12","date_gmt":"2022-01-06T15:17:12","guid":{"rendered":"http:\/\/www.pasadenahoy.com\/primero\/?p=13567"},"modified":"2022-01-06T15:17:15","modified_gmt":"2022-01-06T15:17:15","slug":"el-jefe-de-policia-que-se-jubila-perez-honrado-con-una-emotiva-despedida","status":"publish","type":"post","link":"http:\/\/www.pasadenahoy.com\/primero\/la-comunidad\/el-jefe-de-policia-que-se-jubila-perez-honrado-con-una-emotiva-despedida\/","title":{"rendered":"El jefe de polic\u00eda que se jubila, P\u00e9rez, honrado con una emotiva despedida"},"content":{"rendered":"\n<figure class=\"wp-block-embed-vimeo wp-block-embed is-type-video is-provider-vimeo wp-embed-aspect-16-9 wp-has-aspect-ratio\"><div class=\"wp-block-embed__wrapper\">\n<iframe loading=\"lazy\" title=\"Retiring Police Chief Perez Honored with Sendoff\" src=\"https:\/\/player.vimeo.com\/video\/662948945?h=2bac33a053&amp;dnt=1&amp;app_id=122963\" width=\"740\" height=\"416\" frameborder=\"0\" allow=\"autoplay; fullscreen; picture-in-picture\" allowfullscreen><\/iframe>\n<\/div><\/figure>\n\n\n\n<p>El exjefe de polic\u00eda de Pasadena, John P\u00e9rez, fue honrado por sus casi 40 a\u00f1os de servicio en Pasadena el mi\u00e9rcoles, cuando dej\u00f3 la sede del Departamento de Polic\u00eda de Pasadena por \u00faltima vez antes de retirarse.<\/p>\n\n\n\n<p>El evento sorpresa de despedida vio filas de oficiales, detectives, personal civil y miembros del liderazgo de la ciudad, incluido el recientemente retirado administrador de la ciudad Steve Mermell, aplaudiendo al jefe cuando ingres\u00f3 al muelle de carga del edificio para su \u00faltimo viaje.<\/p>\n\n\n\n<p>Los camiones de bomberos de Pasadena tambi\u00e9n estaban estacionados fuera de la sede mientras el jefe de bomberos Chad Augustin y varios bomberos estaban presentes para ofrecer sus agradecimientos y felicitaciones.<\/p>\n\n\n\n<p>Vestido de manera informal con una gorra de b\u00e9isbol, sudadera y pantalones grises, y acompa\u00f1ado por su esposa Norma, felizmente llorosa, y sus dos hijos, P\u00e9rez se sinti\u00f3 claramente conmovido por la muestra de apoyo de los casi 100 seguidores reunidos, mientras posaba para fotos con su familia.<\/p>\n\n\n\n<p>\u201cGracias\u201d, les dijo a los oficiales. \u201cTodos se cuidan unos a otros. Te ver\u00e9 por la ciudad &#8220;.<\/p>\n\n\n\n<p>P\u00e9rez tambi\u00e9n recibi\u00f3 su \u00faltima llamada de radio de su esposa, una ex despachadora de la Polic\u00eda de Pasadena.<\/p>\n\n\n\n<p>Despu\u00e9s de identificarse como \u201cDespacho 1\u201d, dijo: \u201cJefe John Perez, gracias por sus 36 a\u00f1os y medio de dedicaci\u00f3n y servicio a los ciudadanos de Pasadena y al Departamento de Polic\u00eda de Pasadena. Le deseamos una jubilaci\u00f3n feliz, saludable y satisfactoria. Te extra\u00f1aremos &#8220;.<\/p>\n\n\n\n<p>&#8220;Muchas gracias&#8221;, respondi\u00f3 emocionado, &#8220;que todos se cuiden&#8221;.<\/p>\n\n\n\n<p>P\u00e9rez naci\u00f3 en Los \u00c1ngeles y se uni\u00f3 al Departamento de Polic\u00eda de Pasadena en 1985. Comenz\u00f3 como cadete de polic\u00eda y trabaj\u00f3 en varias asignaciones en toda la organizaci\u00f3n, incluida la Patrulla, Relaciones Comunitarias, Asuntos Internos, Secci\u00f3n de Ejecuci\u00f3n Especial y SWAT, antes de convertirse en jefe en 2018. .<\/p>\n\n\n\n<p>Despu\u00e9s de la despedida, el Jefe P\u00e9rez, con su esposa al volante, rode\u00f3 el Ayuntamiento, acompa\u00f1ado por un cuarteto de oficiales de motocicletas de Pasadena con luces intermitentes, antes de dirigirse a su retiro.<\/p>\n\n\n\n<p>La jefa interina Cheryl Moody dirigir\u00e1 el departamento hasta mayo y luego pasar\u00e1 el testigo al Cmdr. Jason Clawson, quien se desempe\u00f1ar\u00e1 como jefe interino hasta que se seleccione y se contrate un nuevo jefe de polic\u00eda permanente.<\/p>\n","protected":false},"excerpt":{"rendered":"<p>El exjefe de polic\u00eda de Pasadena, John P\u00e9rez, fue honrado por sus casi 40 a\u00f1os de servicio en Pasadena el mi\u00e9rcoles, cuando dej\u00f3 la sede del Departamento de Polic\u00eda de Pasadena por \u00faltima vez antes de retirarse. El evento sorpresa de despedida vio filas de oficiales, detectives, personal civil y miembros del liderazgo de la ciudad, incluido el recientemente retirado administrador de la ciudad Steve Mermell, aplaudiendo al jefe cuando ingres\u00f3 al muelle de carga del edificio para su \u00faltimo [&hellip;]<\/p>\n","protected":false},"author":4,"featured_media":13568,"comment_status":"open","ping_status":"closed","sticky":false,"template":"","format":"standard","meta":[],"categories":[4],"tags":[],"acf":[],"_links":{"self":[{"href":"http:\/\/www.pasadenahoy.com\/primero\/wp-json\/wp\/v2\/posts\/13567"}],"collection":[{"href":"http:\/\/www.pasadenahoy.com\/primero\/wp-json\/wp\/v2\/posts"}],"about":[{"href":"http:\/\/www.pasadenahoy.com\/primero\/wp-json\/wp\/v2\/types\/post"}],"author":[{"embeddable":true,"href":"http:\/\/www.pasadenahoy.com\/primero\/wp-json\/wp\/v2\/users\/4"}],"replies":[{"embeddable":true,"href":"http:\/\/www.pasadenahoy.com\/primero\/wp-json\/wp\/v2\/comments?post=13567"}],"version-history":[{"count":2,"href":"http:\/\/www.pasadenahoy.com\/primero\/wp-json\/wp\/v2\/posts\/13567\/revisions"}],"predecessor-version":[{"id":13570,"href":"http:\/\/www.pasadenahoy.com\/primero\/wp-json\/wp\/v2\/posts\/13567\/revisions\/13570"}],"wp:featuredmedia":[{"embeddable":true,"href":"http:\/\/www.pasadenahoy.com\/primero\/wp-json\/wp\/v2\/media\/13568"}],"wp:attachment":[{"href":"http:\/\/www.pasadenahoy.com\/primero\/wp-json\/wp\/v2\/media?parent=13567"}],"wp:term":[{"taxonomy":"category","embeddable":true,"href":"http:\/\/www.pasadenahoy.com\/primero\/wp-json\/wp\/v2\/categories?post=13567"},{"taxonomy":"post_tag","embeddable":true,"href":"http:\/\/www.pasadenahoy.com\/primero\/wp-json\/wp\/v2\/tags?post=13567"}],"curies":[{"name":"wp","href":"https:\/\/api.w.org\/{rel}","templated":true}]}}