{"id":13579,"date":"2022-01-06T15:34:55","date_gmt":"2022-01-06T15:34:55","guid":{"rendered":"http:\/\/www.pasadenahoy.com\/primero\/?p=13579"},"modified":"2022-01-06T15:34:57","modified_gmt":"2022-01-06T15:34:57","slug":"la-ciudad-aprueba-el-estacionamiento-en-tandem-para-el-nuevo-edificio-de-oficinas-medicas-de-north-altadena-drive","status":"publish","type":"post","link":"http:\/\/www.pasadenahoy.com\/primero\/el-gobierno-local\/la-ciudad-aprueba-el-estacionamiento-en-tandem-para-el-nuevo-edificio-de-oficinas-medicas-de-north-altadena-drive\/","title":{"rendered":"La ciudad aprueba el estacionamiento en t\u00e1ndem para el nuevo edificio de oficinas m\u00e9dicas de North Altadena Drive"},"content":{"rendered":"\n<figure class=\"wp-block-image alignnone size-large\"><figure class=\"alignnone\"><img loading=\"lazy\" width=\"700\" height=\"378\" src=\"http:\/\/www.pasadenahoy.com\/primero\/wp-content\/uploads\/2022\/01\/pic-4.png\" alt=\"\" class=\"wp-image-13580\" srcset=\"http:\/\/www.pasadenahoy.com\/primero\/wp-content\/uploads\/2022\/01\/pic-4.png 700w, http:\/\/www.pasadenahoy.com\/primero\/wp-content\/uploads\/2022\/01\/pic-4-300x162.png 300w, http:\/\/www.pasadenahoy.com\/primero\/wp-content\/uploads\/2022\/01\/pic-4-241x130.png 241w, http:\/\/www.pasadenahoy.com\/primero\/wp-content\/uploads\/2022\/01\/pic-4-333x180.png 333w, http:\/\/www.pasadenahoy.com\/primero\/wp-content\/uploads\/2022\/01\/pic-4-360x194.png 360w\" sizes=\"100vw\" \/><\/figure><\/figure>\n\n\n\n<p>Un funcionario de audiencias de la ciudad aprob\u00f3 el mi\u00e9rcoles un permiso de uso condicional menor (CUP) que permitir\u00eda la construcci\u00f3n de un estacionamiento en t\u00e1ndem junto con un nuevo edificio de oficinas m\u00e9dicas de dos pisos de 7,750 pies cuadrados en la esquina sureste de la intersecci\u00f3n de North Altadena Drive y Bulevar Sierra Madre Norte.<\/p>\n\n\n\n<p>El sitio del proyecto es un lote de esquina de forma rectangular de 15,281 pies cuadrados, ubicado en 250 North Altadena Drive.<\/p>\n\n\n\n<p>En su informe, el personal del Departamento de Planificaci\u00f3n y Desarrollo Comunitario dijo que el sitio en cuesti\u00f3n est\u00e1 designado como Comercial Bajo en el Elemento de Uso de la Tierra del Plan General.<\/p>\n\n\n\n<p>Esta designaci\u00f3n se caracteriza por una gama limitada de usos minoristas y de servicios. El sitio est\u00e1 dise\u00f1ado para fomentar el uso peatonal, satisfacer las necesidades de los vecindarios adyacentes y mantener la compatibilidad con los usos residenciales en el \u00e1rea inmediata.<\/p>\n\n\n\n<p>El personal dijo que el edificio de oficinas m\u00e9dicas propuesto es consistente con la designaci\u00f3n de uso de la tierra porque brindar\u00e1 servicios a los residentes y empleados del \u00e1rea.<\/p>\n\n\n\n<p>Mientras tanto, la propuesta de estacionamiento en t\u00e1ndem es consistente con la Pol\u00edtica 19.3 del Elemento de Uso de la Tierra del Plan General, que fomenta el uso de herramientas de gesti\u00f3n de estacionamiento, como los estacionamientos en t\u00e1ndem, para reducir la cantidad de terreno dedicado a los estacionamientos frecuentemente desocupados.<\/p>\n\n\n\n<p>El oficial de audiencias Paul Novak aprob\u00f3 el CUP menor, autorizando 12 espacios de estacionamiento del total de 31 espacios de estacionamiento no residenciales previstos para el edificio m\u00e9dico propuesto, que se proporcionar\u00e1n en configuraci\u00f3n t\u00e1ndem. La aprobaci\u00f3n est\u00e1 sujeta a las condiciones recomendadas por el personal.<\/p>\n\n\n\n<p>De acuerdo con las condiciones adoptadas para la aprobaci\u00f3n enumeradas en el informe del personal, todos los espacios en t\u00e1ndem estar\u00e1n restringidos al uso de los empleados solo para reducir cualquier preocupaci\u00f3n con respecto a la circulaci\u00f3n. Al limitar los espacios en t\u00e1ndem al uso exclusivo de los empleados, no se anticipan una alta rotaci\u00f3n de estacionamientos ni la congesti\u00f3n de veh\u00edculos, seg\u00fan el informe del personal.<\/p>\n\n\n\n<p>Un asistente de oficina debe estar de guardia y disponible en todo momento en que el estacionamiento est\u00e9 disponible para su uso. Todos los espacios de estacionamiento y los anchos de los pasillos tambi\u00e9n deber\u00e1n cumplir con el C\u00f3digo de Zonificaci\u00f3n de la Ciudad, de acuerdo con la lista de condiciones adoptada.<\/p>\n\n\n\n<p>Con las condiciones recomendadas, el personal dijo que &#8220;el estacionamiento en t\u00e1ndem no perjudicar\u00eda a quienes trabajan en la propiedad ni a quienes residen en propiedades cercanas&#8221;.<\/p>\n","protected":false},"excerpt":{"rendered":"<p>Un funcionario de audiencias de la ciudad aprob\u00f3 el mi\u00e9rcoles un permiso de uso condicional menor (CUP) que permitir\u00eda la construcci\u00f3n de un estacionamiento en t\u00e1ndem junto con un nuevo edificio de oficinas m\u00e9dicas de dos pisos de 7,750 pies cuadrados en la esquina sureste de la intersecci\u00f3n de North Altadena Drive y Bulevar Sierra Madre Norte. El sitio del proyecto es un lote de esquina de forma rectangular de 15,281 pies cuadrados, ubicado en 250 North Altadena Drive. En [&hellip;]<\/p>\n","protected":false},"author":4,"featured_media":0,"comment_status":"open","ping_status":"closed","sticky":false,"template":"","format":"standard","meta":[],"categories":[6],"tags":[],"acf":[],"_links":{"self":[{"href":"http:\/\/www.pasadenahoy.com\/primero\/wp-json\/wp\/v2\/posts\/13579"}],"collection":[{"href":"http:\/\/www.pasadenahoy.com\/primero\/wp-json\/wp\/v2\/posts"}],"about":[{"href":"http:\/\/www.pasadenahoy.com\/primero\/wp-json\/wp\/v2\/types\/post"}],"author":[{"embeddable":true,"href":"http:\/\/www.pasadenahoy.com\/primero\/wp-json\/wp\/v2\/users\/4"}],"replies":[{"embeddable":true,"href":"http:\/\/www.pasadenahoy.com\/primero\/wp-json\/wp\/v2\/comments?post=13579"}],"version-history":[{"count":2,"href":"http:\/\/www.pasadenahoy.com\/primero\/wp-json\/wp\/v2\/posts\/13579\/revisions"}],"predecessor-version":[{"id":13582,"href":"http:\/\/www.pasadenahoy.com\/primero\/wp-json\/wp\/v2\/posts\/13579\/revisions\/13582"}],"wp:attachment":[{"href":"http:\/\/www.pasadenahoy.com\/primero\/wp-json\/wp\/v2\/media?parent=13579"}],"wp:term":[{"taxonomy":"category","embeddable":true,"href":"http:\/\/www.pasadenahoy.com\/primero\/wp-json\/wp\/v2\/categories?post=13579"},{"taxonomy":"post_tag","embeddable":true,"href":"http:\/\/www.pasadenahoy.com\/primero\/wp-json\/wp\/v2\/tags?post=13579"}],"curies":[{"name":"wp","href":"https:\/\/api.w.org\/{rel}","templated":true}]}}