{"id":13583,"date":"2022-01-06T15:38:53","date_gmt":"2022-01-06T15:38:53","guid":{"rendered":"http:\/\/www.pasadenahoy.com\/primero\/?p=13583"},"modified":"2022-01-06T15:38:55","modified_gmt":"2022-01-06T15:38:55","slug":"el-funcionario-de-audiencias-de-la-ciudad-aprueba-el-permiso-de-uso-condicional-para-la-guarderia-para-adultos-de-east-walnut-street","status":"publish","type":"post","link":"http:\/\/www.pasadenahoy.com\/primero\/el-gobierno-local\/el-funcionario-de-audiencias-de-la-ciudad-aprueba-el-permiso-de-uso-condicional-para-la-guarderia-para-adultos-de-east-walnut-street\/","title":{"rendered":"El funcionario de audiencias de la ciudad aprueba el permiso de uso condicional para la guarder\u00eda para adultos de East Walnut Street"},"content":{"rendered":"\n<figure class=\"wp-block-image alignnone size-large\"><figure class=\"alignnone\"><img loading=\"lazy\" width=\"700\" height=\"378\" src=\"http:\/\/www.pasadenahoy.com\/primero\/wp-content\/uploads\/2022\/01\/pic-5.png\" alt=\"\" class=\"wp-image-13584\" srcset=\"http:\/\/www.pasadenahoy.com\/primero\/wp-content\/uploads\/2022\/01\/pic-5.png 700w, http:\/\/www.pasadenahoy.com\/primero\/wp-content\/uploads\/2022\/01\/pic-5-300x162.png 300w, http:\/\/www.pasadenahoy.com\/primero\/wp-content\/uploads\/2022\/01\/pic-5-241x130.png 241w, http:\/\/www.pasadenahoy.com\/primero\/wp-content\/uploads\/2022\/01\/pic-5-333x180.png 333w, http:\/\/www.pasadenahoy.com\/primero\/wp-content\/uploads\/2022\/01\/pic-5-360x194.png 360w\" sizes=\"100vw\" \/><\/figure><\/figure>\n\n\n\n<p>Un funcionario de audiencias de la ciudad aprob\u00f3 un permiso de uso condicional (CUP) que permitir\u00eda que un espacio de inquilino dentro de un edificio comercial en East Walnut Street se use como una guarder\u00eda para adultos.<\/p>\n\n\n\n<p>Se requiere un CUP para establecer una guarder\u00eda en 2180 East Walnut Street, que se encuentra en un distrito de zonificaci\u00f3n comercial general.<\/p>\n\n\n\n<p>Seg\u00fan el informe del personal, el espacio para inquilinos de 5,318 pies cuadrados, ubicado dentro de un edificio comercial de aproximadamente 11,495 pies cuadrados propuesto para ser utilizado para la instalaci\u00f3n, fue designado previamente para uso de ventas minoristas.<\/p>\n\n\n\n<p>El centro de cuidado diurno propuesto proporcionar\u00eda programas comunitarios diurnos para los ancianos. Operar\u00e1 entre las 8:00 a.m. y las 2:30 p.m., de lunes a viernes. No se proporcionar\u00eda atenci\u00f3n residencial ni atenci\u00f3n durante la noche.<\/p>\n\n\n\n<p>La instalaci\u00f3n tendr\u00e1 capacidad para un m\u00e1ximo de 150 personas mayores a la vez durante los per\u00edodos pico.<\/p>\n\n\n\n<p>Seg\u00fan el informe del personal, todas las actividades y servicios asociados con la operaci\u00f3n estar\u00edan contenidos dentro del interior del edificio existente. Los programas y actividades incluir\u00edan juegos, artes y manualidades, ejercicio y comidas.<\/p>\n\n\n\n<p>El sitio del proyecto tiene 40 espacios de estacionamiento y un nuevo espacio de carga, seg\u00fan el personal.<\/p>\n\n\n\n<p>Durante la audiencia, Jennifer Driver del Departamento de Planificaci\u00f3n y Desarrollo Comunitario dijo que el personal de la ciudad ha recibido comentarios p\u00fablicos de las guarder\u00edas para adultos cercanas que expresan su preocupaci\u00f3n por la supuesta sobreconcentraci\u00f3n de las guarder\u00edas para adultos en el \u00e1rea.<\/p>\n\n\n\n<p>En respuesta a la preocupaci\u00f3n, Manny D\u00edaz, representante del solicitante AA Brothers LLC, dijo que las instalaciones de cuidado diurno para adultos se est\u00e1n volviendo cada vez m\u00e1s necesarias en la ciudad a medida que envejece la generaci\u00f3n del baby boom.<\/p>\n\n\n\n<p>Tambi\u00e9n agreg\u00f3 que el programa del solicitante ha sido dise\u00f1ado para servir a la poblaci\u00f3n de habla hispana en Pasadena y \u00e1reas circundantes.<\/p>\n\n\n\n<p>\u201cNo tenemos planes de competir con otros centros de la zona. Realmente queremos servir a una poblaci\u00f3n espec\u00edfica &#8220;.<\/p>\n\n\n\n<p>El oficial de audiencias de la ciudad, Paul Novak, aprob\u00f3 la solicitud de CUP bas\u00e1ndose en los hallazgos del personal de que la instalaci\u00f3n no ser\u00eda perjudicial para la salud, la seguridad o el bienestar general de las personas que residen o trabajan en el vecindario.<\/p>\n\n\n\n<p>De acuerdo con las condiciones adoptadas para la aprobaci\u00f3n que se enumeran en el informe del personal, el centro tendr\u00e1 capacidad para un m\u00e1ximo de 150 participantes in situ a la vez.<\/p>\n\n\n\n<p>Todas las actividades asociadas con el centro de cuidado diurno deber\u00e1n estar contenidas en el interior y, para aliviar los posibles impactos de ruido, todas las puertas exteriores deber\u00e1n permanecer cerradas mientras la instalaci\u00f3n est\u00e9 en funcionamiento.<\/p>\n\n\n\n<p>El centro tambi\u00e9n debe estar autorizado por el Departamento de Salud P\u00fablica del Estado de California, Departamento de Envejecimiento, seg\u00fan el informe del personal.<\/p>\n","protected":false},"excerpt":{"rendered":"<p>Un funcionario de audiencias de la ciudad aprob\u00f3 un permiso de uso condicional (CUP) que permitir\u00eda que un espacio de inquilino dentro de un edificio comercial en East Walnut Street se use como una guarder\u00eda para adultos. Se requiere un CUP para establecer una guarder\u00eda en 2180 East Walnut Street, que se encuentra en un distrito de zonificaci\u00f3n comercial general. Seg\u00fan el informe del personal, el espacio para inquilinos de 5,318 pies cuadrados, ubicado dentro de un edificio comercial de [&hellip;]<\/p>\n","protected":false},"author":4,"featured_media":0,"comment_status":"open","ping_status":"closed","sticky":false,"template":"","format":"standard","meta":[],"categories":[6],"tags":[],"acf":[],"_links":{"self":[{"href":"http:\/\/www.pasadenahoy.com\/primero\/wp-json\/wp\/v2\/posts\/13583"}],"collection":[{"href":"http:\/\/www.pasadenahoy.com\/primero\/wp-json\/wp\/v2\/posts"}],"about":[{"href":"http:\/\/www.pasadenahoy.com\/primero\/wp-json\/wp\/v2\/types\/post"}],"author":[{"embeddable":true,"href":"http:\/\/www.pasadenahoy.com\/primero\/wp-json\/wp\/v2\/users\/4"}],"replies":[{"embeddable":true,"href":"http:\/\/www.pasadenahoy.com\/primero\/wp-json\/wp\/v2\/comments?post=13583"}],"version-history":[{"count":2,"href":"http:\/\/www.pasadenahoy.com\/primero\/wp-json\/wp\/v2\/posts\/13583\/revisions"}],"predecessor-version":[{"id":13586,"href":"http:\/\/www.pasadenahoy.com\/primero\/wp-json\/wp\/v2\/posts\/13583\/revisions\/13586"}],"wp:attachment":[{"href":"http:\/\/www.pasadenahoy.com\/primero\/wp-json\/wp\/v2\/media?parent=13583"}],"wp:term":[{"taxonomy":"category","embeddable":true,"href":"http:\/\/www.pasadenahoy.com\/primero\/wp-json\/wp\/v2\/categories?post=13583"},{"taxonomy":"post_tag","embeddable":true,"href":"http:\/\/www.pasadenahoy.com\/primero\/wp-json\/wp\/v2\/tags?post=13583"}],"curies":[{"name":"wp","href":"https:\/\/api.w.org\/{rel}","templated":true}]}}