{"id":13598,"date":"2022-01-07T15:15:08","date_gmt":"2022-01-07T15:15:08","guid":{"rendered":"http:\/\/www.pasadenahoy.com\/primero\/?p=13598"},"modified":"2022-01-07T15:15:10","modified_gmt":"2022-01-07T15:15:10","slug":"sospechoso-en-el-caso-de-doble-asesinato-de-pasadena-regresa-a-la-corte-el-viernes","status":"publish","type":"post","link":"http:\/\/www.pasadenahoy.com\/primero\/la-comunidad\/sospechoso-en-el-caso-de-doble-asesinato-de-pasadena-regresa-a-la-corte-el-viernes\/","title":{"rendered":"Sospechoso en el caso de doble asesinato de Pasadena regresa a la corte el viernes"},"content":{"rendered":"\n<figure class=\"wp-block-image alignnone size-large\"><figure class=\"alignnone\"><img loading=\"lazy\" width=\"700\" height=\"378\" src=\"http:\/\/www.pasadenahoy.com\/primero\/wp-content\/uploads\/2022\/01\/pic-2-3.jpg\" alt=\"\" class=\"wp-image-13599\" srcset=\"http:\/\/www.pasadenahoy.com\/primero\/wp-content\/uploads\/2022\/01\/pic-2-3.jpg 700w, http:\/\/www.pasadenahoy.com\/primero\/wp-content\/uploads\/2022\/01\/pic-2-3-300x162.jpg 300w, http:\/\/www.pasadenahoy.com\/primero\/wp-content\/uploads\/2022\/01\/pic-2-3-241x130.jpg 241w, http:\/\/www.pasadenahoy.com\/primero\/wp-content\/uploads\/2022\/01\/pic-2-3-333x180.jpg 333w, http:\/\/www.pasadenahoy.com\/primero\/wp-content\/uploads\/2022\/01\/pic-2-3-360x194.jpg 360w\" sizes=\"100vw\" \/><\/figure><\/figure>\n\n\n\n<p>La fecha de la audiencia preliminar est\u00e1 programada para el viernes para un hombre acusado de matar a tiros a dos personas en Villa Parke y herir gravemente a otra hace un a\u00f1o.<\/p>\n\n\n\n<p>Christopher Paul Hall est\u00e1 acusado de la muerte a tiros de Christino Medell\u00edn \u00c1vila, de 51 a\u00f1os, y de Aaron P\u00e9rez Flores, de 40, el 1 de diciembre de 2020.<\/p>\n\n\n\n<p>\u00c1vila muri\u00f3 en el lugar. Flores fue trasladado de urgencia al hospital donde muri\u00f3 poco tiempo despu\u00e9s.<\/p>\n\n\n\n<p>Hall se declar\u00f3 inocente de los cargos en septiembre.<\/p>\n\n\n\n<p>Las tres v\u00edctimas estaban sentadas en un banco del parque cuando comenz\u00f3 el tiroteo, seg\u00fan la polic\u00eda.<\/p>\n\n\n\n<p>Hall enfrenta dos cargos de asesinato y un cargo de intento de asesinato en relaci\u00f3n con el tiroteo, que ocurri\u00f3 en la parte noreste del parque.<\/p>\n\n\n\n<p>Los tiradores huyeron de la escena en un sed\u00e1n de color oscuro, dijo la polic\u00eda en ese momento y fueron arrestados casi seis meses despu\u00e9s con la ayuda de un grupo de trabajo de fugitivos de los alguaciles estadounidenses el 20 de mayo.<\/p>\n\n\n\n<p>El hermano gemelo de Hall, Christian, fue arrestado m\u00e1s tarde en relaci\u00f3n con la muerte a tiros de un hombre y su perro en Monrovia. Ese caso tambi\u00e9n tiene una conexi\u00f3n con Pasadena.<\/p>\n\n\n\n<p>Un coacusado en ese tiroteo fatal, el residente de Pasadena, Tanaj Johnson, de 22 a\u00f1os, fue arrestado en relaci\u00f3n con el tiroteo del D\u00eda de San Valent\u00edn de 2020 que hiri\u00f3 gravemente a un ni\u00f1o de 10 a\u00f1os que jugaba en su patio delantero cerca del parque. La polic\u00eda dijo que el ni\u00f1o no era el objetivo del tiroteo.<\/p>\n","protected":false},"excerpt":{"rendered":"<p>La fecha de la audiencia preliminar est\u00e1 programada para el viernes para un hombre acusado de matar a tiros a dos personas en Villa Parke y herir gravemente a otra hace un a\u00f1o. Christopher Paul Hall est\u00e1 acusado de la muerte a tiros de Christino Medell\u00edn \u00c1vila, de 51 a\u00f1os, y de Aaron P\u00e9rez Flores, de 40, el 1 de diciembre de 2020. \u00c1vila muri\u00f3 en el lugar. Flores fue trasladado de urgencia al hospital donde muri\u00f3 poco tiempo despu\u00e9s. [&hellip;]<\/p>\n","protected":false},"author":4,"featured_media":13599,"comment_status":"open","ping_status":"closed","sticky":false,"template":"","format":"standard","meta":[],"categories":[4],"tags":[],"acf":[],"_links":{"self":[{"href":"http:\/\/www.pasadenahoy.com\/primero\/wp-json\/wp\/v2\/posts\/13598"}],"collection":[{"href":"http:\/\/www.pasadenahoy.com\/primero\/wp-json\/wp\/v2\/posts"}],"about":[{"href":"http:\/\/www.pasadenahoy.com\/primero\/wp-json\/wp\/v2\/types\/post"}],"author":[{"embeddable":true,"href":"http:\/\/www.pasadenahoy.com\/primero\/wp-json\/wp\/v2\/users\/4"}],"replies":[{"embeddable":true,"href":"http:\/\/www.pasadenahoy.com\/primero\/wp-json\/wp\/v2\/comments?post=13598"}],"version-history":[{"count":2,"href":"http:\/\/www.pasadenahoy.com\/primero\/wp-json\/wp\/v2\/posts\/13598\/revisions"}],"predecessor-version":[{"id":13601,"href":"http:\/\/www.pasadenahoy.com\/primero\/wp-json\/wp\/v2\/posts\/13598\/revisions\/13601"}],"wp:featuredmedia":[{"embeddable":true,"href":"http:\/\/www.pasadenahoy.com\/primero\/wp-json\/wp\/v2\/media\/13599"}],"wp:attachment":[{"href":"http:\/\/www.pasadenahoy.com\/primero\/wp-json\/wp\/v2\/media?parent=13598"}],"wp:term":[{"taxonomy":"category","embeddable":true,"href":"http:\/\/www.pasadenahoy.com\/primero\/wp-json\/wp\/v2\/categories?post=13598"},{"taxonomy":"post_tag","embeddable":true,"href":"http:\/\/www.pasadenahoy.com\/primero\/wp-json\/wp\/v2\/tags?post=13598"}],"curies":[{"name":"wp","href":"https:\/\/api.w.org\/{rel}","templated":true}]}}