{"id":13610,"date":"2022-01-07T15:30:09","date_gmt":"2022-01-07T15:30:09","guid":{"rendered":"http:\/\/www.pasadenahoy.com\/primero\/?p=13610"},"modified":"2022-01-07T15:30:21","modified_gmt":"2022-01-07T15:30:21","slug":"la-ciudad-emite-protocolos-de-salud-recientemente-revisados-%e2%80%8b%e2%80%8bpara-reabrir-las-escuelas-de-pasadena","status":"publish","type":"post","link":"http:\/\/www.pasadenahoy.com\/primero\/la-comunidad\/la-ciudad-emite-protocolos-de-salud-recientemente-revisados-%e2%80%8b%e2%80%8bpara-reabrir-las-escuelas-de-pasadena\/","title":{"rendered":"La ciudad emite protocolos de salud recientemente revisados \u200b\u200bpara reabrir las escuelas de Pasadena"},"content":{"rendered":"\n<figure class=\"wp-block-image alignnone size-large\"><figure class=\"alignnone\"><img loading=\"lazy\" width=\"700\" height=\"378\" src=\"http:\/\/www.pasadenahoy.com\/primero\/wp-content\/uploads\/2022\/01\/pic-5-2.jpg\" alt=\"\" class=\"wp-image-13612\" srcset=\"http:\/\/www.pasadenahoy.com\/primero\/wp-content\/uploads\/2022\/01\/pic-5-2.jpg 700w, http:\/\/www.pasadenahoy.com\/primero\/wp-content\/uploads\/2022\/01\/pic-5-2-300x162.jpg 300w, http:\/\/www.pasadenahoy.com\/primero\/wp-content\/uploads\/2022\/01\/pic-5-2-241x130.jpg 241w, http:\/\/www.pasadenahoy.com\/primero\/wp-content\/uploads\/2022\/01\/pic-5-2-333x180.jpg 333w, http:\/\/www.pasadenahoy.com\/primero\/wp-content\/uploads\/2022\/01\/pic-5-2-360x194.jpg 360w\" sizes=\"100vw\" \/><\/figure><\/figure>\n\n\n\n<p>Pasadena dio a conocer el mi\u00e9rcoles protocolos de salud para la reapertura de escuelas p\u00fablicas y privadas despu\u00e9s de las vacaciones. El documento de 18 p\u00e1ginas contiene docenas de procedimientos nuevos y revisados \u200b\u200bque las escuelas deben seguir, impulsados \u200b\u200bpor el aumento de Omicron.<\/p>\n\n\n\n<p>Los protocolos iban acompa\u00f1ados de un documento separado de \u201cGu\u00eda del plan de gesti\u00f3n de la exposici\u00f3n al COVID-19\u201d de 11 p\u00e1ginas.<\/p>\n\n\n\n<p>En resumen, los documentos, presentados con enlaces a los formularios e instrucciones requeridos, definiciones y referencias, pueden describirse como intrincados y complejos.<\/p>\n\n\n\n<p>Las revisiones detallan c\u00f3mo las escuelas deben implementar nuevos requisitos estatales y locales m\u00e1s estrictos sobre c\u00f3mo reducir la aparici\u00f3n de infecciones por COVID durante el aprendizaje en persona y c\u00f3mo manejar las infecciones y exposiciones a COVID-19.<\/p>\n\n\n\n<p>Los pasajes clave est\u00e1n resaltados en amarillo y brindan la gu\u00eda m\u00e1s reciente.<\/p>\n\n\n\n<p>Los estudiantes que hayan tenido contacto cercano con personas con COVID y que no est\u00e9n completamente vacunados o que est\u00e9n completamente vacunados y sean elegibles para el refuerzo, pero que a\u00fan no hayan recibido su refuerzo, deben ponerse en cuarentena.<\/p>\n\n\n\n<p>La cuarentena requerida puede terminar y pueden regresar a la escuela el d\u00eda 6 despu\u00e9s del contacto si tienen un resultado negativo en la prueba viral de una muestra recolectada el d\u00eda 5 (o m\u00e1s tarde) a partir de la fecha de la \u00faltima exposici\u00f3n al COVID.<\/p>\n\n\n\n<p>Si el estudiante no toma una prueba de COVID, puede reanudar las actividades escolares el d\u00eda 11 despu\u00e9s de su \u00faltimo contacto conocido con el caso infeccioso, siempre que sea asintom\u00e1tico, seg\u00fan los documentos.<\/p>\n\n\n\n<p>Independientemente de cu\u00e1ndo finalice la cuarentena, los estudiantes que hayan tenido contacto cercano con una persona con COVID positivo deben continuar controlando su salud y actualizando sus m\u00e1scaras durante 10 d\u00edas a partir de la fecha de la \u00faltima exposici\u00f3n.<\/p>\n\n\n\n<p>Los ni\u00f1os deben usar una m\u00e1scara que no sea de tela de m\u00faltiples capas de material no tejido con un alambre nasal, de acuerdo con la nueva gu\u00eda.<\/p>\n\n\n\n<p>Los estudiantes que han tenido contacto cercano con una persona que es COVID-positivo no est\u00e1n obligados a ponerse en cuarentena bajo ciertas condiciones. Deben estar completamente vacunados y reforzados si son elegibles para el refuerzo y, para continuar asistiendo a la escuela, deben realizarse la prueba como m\u00ednimo el d\u00eda 5 despu\u00e9s de la fecha de la \u00faltima exposici\u00f3n. Sin embargo, se recomienda encarecidamente realizar la prueba dos veces por semana con la primera muestra de prueba recolectada inmediatamente despu\u00e9s de ser notificado de la exposici\u00f3n y la segunda muestra de prueba recolectada el d\u00eda 5 despu\u00e9s de la fecha de la \u00faltima exposici\u00f3n.<\/p>\n\n\n\n<p>Las escuelas fueron autorizadas en el documento del Plan de Manejo de Exposici\u00f3n recientemente revisado para implementar reglas m\u00e1s estrictas que las requeridas por los departamentos de salud estatales y municipales.<\/p>\n\n\n\n<p>Los nuevos protocolos se pueden ver en l\u00ednea aqu\u00ed.<\/p>\n","protected":false},"excerpt":{"rendered":"<p>Pasadena dio a conocer el mi\u00e9rcoles protocolos de salud para la reapertura de escuelas p\u00fablicas y privadas despu\u00e9s de las vacaciones. El documento de 18 p\u00e1ginas contiene docenas de procedimientos nuevos y revisados \u200b\u200bque las escuelas deben seguir, impulsados \u200b\u200bpor el aumento de Omicron. Los protocolos iban acompa\u00f1ados de un documento separado de \u201cGu\u00eda del plan de gesti\u00f3n de la exposici\u00f3n al COVID-19\u201d de 11 p\u00e1ginas. En resumen, los documentos, presentados con enlaces a los formularios e instrucciones requeridos, definiciones [&hellip;]<\/p>\n","protected":false},"author":4,"featured_media":0,"comment_status":"open","ping_status":"closed","sticky":false,"template":"","format":"standard","meta":[],"categories":[4],"tags":[],"acf":[],"_links":{"self":[{"href":"http:\/\/www.pasadenahoy.com\/primero\/wp-json\/wp\/v2\/posts\/13610"}],"collection":[{"href":"http:\/\/www.pasadenahoy.com\/primero\/wp-json\/wp\/v2\/posts"}],"about":[{"href":"http:\/\/www.pasadenahoy.com\/primero\/wp-json\/wp\/v2\/types\/post"}],"author":[{"embeddable":true,"href":"http:\/\/www.pasadenahoy.com\/primero\/wp-json\/wp\/v2\/users\/4"}],"replies":[{"embeddable":true,"href":"http:\/\/www.pasadenahoy.com\/primero\/wp-json\/wp\/v2\/comments?post=13610"}],"version-history":[{"count":2,"href":"http:\/\/www.pasadenahoy.com\/primero\/wp-json\/wp\/v2\/posts\/13610\/revisions"}],"predecessor-version":[{"id":13614,"href":"http:\/\/www.pasadenahoy.com\/primero\/wp-json\/wp\/v2\/posts\/13610\/revisions\/13614"}],"wp:attachment":[{"href":"http:\/\/www.pasadenahoy.com\/primero\/wp-json\/wp\/v2\/media?parent=13610"}],"wp:term":[{"taxonomy":"category","embeddable":true,"href":"http:\/\/www.pasadenahoy.com\/primero\/wp-json\/wp\/v2\/categories?post=13610"},{"taxonomy":"post_tag","embeddable":true,"href":"http:\/\/www.pasadenahoy.com\/primero\/wp-json\/wp\/v2\/tags?post=13610"}],"curies":[{"name":"wp","href":"https:\/\/api.w.org\/{rel}","templated":true}]}}