{"id":13615,"date":"2022-01-07T15:33:41","date_gmt":"2022-01-07T15:33:41","guid":{"rendered":"http:\/\/www.pasadenahoy.com\/primero\/?p=13615"},"modified":"2022-01-07T15:33:43","modified_gmt":"2022-01-07T15:33:43","slug":"star-of-palawoo-que-hizo-brillar-la-luz-de-la-esperanza-durante-las-vacaciones-se-oscurecera-este-fin-de-semana","status":"publish","type":"post","link":"http:\/\/www.pasadenahoy.com\/primero\/la-comunidad\/star-of-palawoo-que-hizo-brillar-la-luz-de-la-esperanza-durante-las-vacaciones-se-oscurecera-este-fin-de-semana\/","title":{"rendered":"&#8216;Star of Palawoo&#8217;, que hizo brillar la luz de la esperanza durante las vacaciones, se oscurecer\u00e1 este fin de semana"},"content":{"rendered":"\n<figure class=\"wp-block-image alignnone size-large\"><figure class=\"alignnone\"><img loading=\"lazy\" width=\"700\" height=\"378\" src=\"http:\/\/www.pasadenahoy.com\/primero\/wp-content\/uploads\/2022\/01\/pic-6-1.jpg\" alt=\"\" class=\"wp-image-13616\" srcset=\"http:\/\/www.pasadenahoy.com\/primero\/wp-content\/uploads\/2022\/01\/pic-6-1.jpg 700w, http:\/\/www.pasadenahoy.com\/primero\/wp-content\/uploads\/2022\/01\/pic-6-1-300x162.jpg 300w, http:\/\/www.pasadenahoy.com\/primero\/wp-content\/uploads\/2022\/01\/pic-6-1-241x130.jpg 241w, http:\/\/www.pasadenahoy.com\/primero\/wp-content\/uploads\/2022\/01\/pic-6-1-333x180.jpg 333w, http:\/\/www.pasadenahoy.com\/primero\/wp-content\/uploads\/2022\/01\/pic-6-1-360x194.jpg 360w\" sizes=\"100vw\" \/><figcaption><span class=\"caption-text\">&#8220;La estrella de Palawoo&#8221;. (Foto v\u00eda Facebook)<\/span><\/figcaption><\/figure><\/figure>\n\n\n\n<p>La ic\u00f3nica &#8220;Estrella de Palawoo&#8221;, una estrella de 35 pies iluminada en la ladera de una monta\u00f1a sobre Altadena que ha estado encendida durante la temporada navide\u00f1a como s\u00edmbolo de esperanza, se apagar\u00e1 el 9 de enero.<\/p>\n\n\n\n<p>La estrella ha estado ardiendo todas las noches desde diciembre y se apagar\u00e1 en concierto con el \u00faltimo d\u00eda de iluminaci\u00f3n de Christmas Tree Lane, seg\u00fan dijo Billy Westphal, quien se encuentra entre los voluntarios que han mantenido la estrella en condiciones de trabajo.<\/p>\n\n\n\n<p>La estrella fue construida originalmente en la d\u00e9cada de 1920 por F.B Nightingale, quien entonces era gerente del Departamento de Iluminaci\u00f3n de General Electric Supply Corporation de Los \u00c1ngeles. Nightingale nombr\u00f3 a la estrella por su propiedad, llamada Palawoo, la palabra nativa americana para &#8220;nido de p\u00e1jaro&#8221;, en las colinas. La estrella original estaba hecha de madera y hasta 50 bombillas el\u00e9ctricas de 40 vatios, y debut\u00f3 en la temporada navide\u00f1a de 1928.<\/p>\n\n\n\n<p>Se puede ver desde varios puntos de vista en Altadena y Pasadena, y a lo largo de la autopista 210 Foothill Freeway.<\/p>\n\n\n\n<p>Westphal dijo que la estrella, a la que \u00e9l llama la &#8220;Estrella de la Esperanza&#8221;, tambi\u00e9n se iluminar\u00e1 durante ciertos d\u00edas festivos de 2022. El a\u00f1o pasado, los organizadores encendieron la estrella durante el D\u00eda de los Veteranos y el D\u00eda de Acci\u00f3n de Gracias, adem\u00e1s de otros d\u00edas festivos.<\/p>\n\n\n\n<p>La estrella fue construida originalmente a fines de la d\u00e9cada de 1920 por Nightingale, quien es considerado el padre de la iluminaci\u00f3n del jard\u00edn, era entonces gerente del Departamento de Iluminaci\u00f3n de General Electric Supply Corporation de Los \u00c1ngeles.<\/p>\n\n\n\n<p>La estrella original fue destruida por los vientos y una segunda en un incendio en 1935.<\/p>\n\n\n\n<p>Cuando el Dr. Phil Elkins adquiri\u00f3 la propiedad Nightingale en 1989, la estrella ya no estaba en pie. Encontr\u00f3 la estrella tirada en el suelo en una colina, detr\u00e1s de su casa y la volvi\u00f3 a erigir. En 1994, lo encendi\u00f3 para Navidad.<\/p>\n\n\n\n<p>En 2019, Elkins, Westphal y otros voluntarios construyeron un nuevo marco para la estrella, junto con los exploradores de Altadena Scout Troop 1. La vieja estrella fue cortada en pedazos, que el equipo us\u00f3 como anclajes de apoyo para la nueva.<\/p>\n\n\n\n<p>El grupo instal\u00f3 nuevas bombillas LED de 40 vatios para replicar las luces utilizadas en la estrella original. La estrella tambi\u00e9n estaba anclada en la parte delantera y trasera para minimizar el estr\u00e9s durante los vientos fuertes.<\/p>\n\n\n\n<p>La &#8220;Estrella de Palawoo&#8221; se encendi\u00f3 durante las vacaciones de Navidad de 2019, y se volvi\u00f3 a encender cuando la pandemia golpe\u00f3 en marzo de 2020 como s\u00edmbolo de esperanza.<\/p>\n","protected":false},"excerpt":{"rendered":"<p>La ic\u00f3nica &#8220;Estrella de Palawoo&#8221;, una estrella de 35 pies iluminada en la ladera de una monta\u00f1a sobre Altadena que ha estado encendida durante la temporada navide\u00f1a como s\u00edmbolo de esperanza, se apagar\u00e1 el 9 de enero. La estrella ha estado ardiendo todas las noches desde diciembre y se apagar\u00e1 en concierto con el \u00faltimo d\u00eda de iluminaci\u00f3n de Christmas Tree Lane, seg\u00fan dijo Billy Westphal, quien se encuentra entre los voluntarios que han mantenido la estrella en condiciones de [&hellip;]<\/p>\n","protected":false},"author":4,"featured_media":0,"comment_status":"open","ping_status":"closed","sticky":false,"template":"","format":"standard","meta":[],"categories":[4],"tags":[],"acf":[],"_links":{"self":[{"href":"http:\/\/www.pasadenahoy.com\/primero\/wp-json\/wp\/v2\/posts\/13615"}],"collection":[{"href":"http:\/\/www.pasadenahoy.com\/primero\/wp-json\/wp\/v2\/posts"}],"about":[{"href":"http:\/\/www.pasadenahoy.com\/primero\/wp-json\/wp\/v2\/types\/post"}],"author":[{"embeddable":true,"href":"http:\/\/www.pasadenahoy.com\/primero\/wp-json\/wp\/v2\/users\/4"}],"replies":[{"embeddable":true,"href":"http:\/\/www.pasadenahoy.com\/primero\/wp-json\/wp\/v2\/comments?post=13615"}],"version-history":[{"count":2,"href":"http:\/\/www.pasadenahoy.com\/primero\/wp-json\/wp\/v2\/posts\/13615\/revisions"}],"predecessor-version":[{"id":13618,"href":"http:\/\/www.pasadenahoy.com\/primero\/wp-json\/wp\/v2\/posts\/13615\/revisions\/13618"}],"wp:attachment":[{"href":"http:\/\/www.pasadenahoy.com\/primero\/wp-json\/wp\/v2\/media?parent=13615"}],"wp:term":[{"taxonomy":"category","embeddable":true,"href":"http:\/\/www.pasadenahoy.com\/primero\/wp-json\/wp\/v2\/categories?post=13615"},{"taxonomy":"post_tag","embeddable":true,"href":"http:\/\/www.pasadenahoy.com\/primero\/wp-json\/wp\/v2\/tags?post=13615"}],"curies":[{"name":"wp","href":"https:\/\/api.w.org\/{rel}","templated":true}]}}