{"id":13645,"date":"2022-01-10T15:33:04","date_gmt":"2022-01-10T15:33:04","guid":{"rendered":"http:\/\/www.pasadenahoy.com\/primero\/?p=13645"},"modified":"2022-01-10T15:33:06","modified_gmt":"2022-01-10T15:33:06","slug":"bullpen-del-lunes-por-la-manana-de-nuevo-en-accion","status":"publish","type":"post","link":"http:\/\/www.pasadenahoy.com\/primero\/la-comunidad\/bullpen-del-lunes-por-la-manana-de-nuevo-en-accion\/","title":{"rendered":"Bullpen del lunes por la ma\u00f1ana: de nuevo en acci\u00f3n"},"content":{"rendered":"\n<figure class=\"wp-block-image alignnone size-large\"><figure class=\"alignnone\"><img loading=\"lazy\" width=\"700\" height=\"378\" src=\"http:\/\/www.pasadenahoy.com\/primero\/wp-content\/uploads\/2022\/01\/pic-6-2.jpg\" alt=\"\" class=\"wp-image-13646\" srcset=\"http:\/\/www.pasadenahoy.com\/primero\/wp-content\/uploads\/2022\/01\/pic-6-2.jpg 700w, http:\/\/www.pasadenahoy.com\/primero\/wp-content\/uploads\/2022\/01\/pic-6-2-300x162.jpg 300w, http:\/\/www.pasadenahoy.com\/primero\/wp-content\/uploads\/2022\/01\/pic-6-2-241x130.jpg 241w, http:\/\/www.pasadenahoy.com\/primero\/wp-content\/uploads\/2022\/01\/pic-6-2-333x180.jpg 333w, http:\/\/www.pasadenahoy.com\/primero\/wp-content\/uploads\/2022\/01\/pic-6-2-360x194.jpg 360w\" sizes=\"100vw\" \/><\/figure><\/figure>\n\n\n\n<p>El gobierno de la ciudad se pone en marcha despu\u00e9s de tres semanas de descanso debido a las vacaciones de Navidad y el desfile.<\/p>\n\n\n\n<p>El calendario de consentimiento est\u00e1 lleno. Los dos elementos que me llamaron la atenci\u00f3n de inmediato fueron los veh\u00edculos ecol\u00f3gicos y, por supuesto, los cupones para personas sin hogar.<\/p>\n\n\n\n<p>Es bueno ver que las actualizaciones de COVID-19 regresan al Ayuntamiento. Con las hospitalizaciones y los casos aumentando en todo el condado, claramente no hemos terminado con la pandemia, o tal vez deber\u00eda decir que la pandemia no ha terminado con nosotros.<\/p>\n\n\n\n<p>Hasta el s\u00e1bado, hab\u00eda 15 pacientes con coronavirus positivos en la UCI de Huntington y 88 en el hospital en general. El n\u00famero de admisiones ha estado aumentando constantemente durante la \u00faltima semana m\u00e1s o menos.<\/p>\n\n\n\n<p>Uno de los otros art\u00edculos que m\u00e1s me interesan esta semana es el tal\u00f3n 710.<\/p>\n\n\n\n<p>Hace m\u00e1s de 50 a\u00f1os, Caltrans se apoder\u00f3 de cientos de casas en el suroeste de Pasadena, la ciudad de South Pasadena y el vecindario de El Sereno en Los \u00c1ngeles a trav\u00e9s del dominio eminente en lo que finalmente se convirti\u00f3 en un esfuerzo fallido para conectar las autopistas Long Beach 710 y Foothill 210.<\/p>\n\n\n\n<p>En pocas palabras, las autopistas e incluso algunos estadios, como el de Chavez Ravine, donde juegan los Dodgers, desplazaron a una gran cantidad de negros y morenos.<\/p>\n\n\n\n<p>All\u00e1 por el 2004 escrib\u00ed \u201cHistoria de dos ciudades\u201d en el viejo PW sobre el desplazamiento que provoc\u00f3 la autopista 210. Ese titular todav\u00eda se difunde cada vez que alguien escribe sobre el racismo a nivel local.<\/p>\n\n\n\n<p>Es una l\u00e1stima que esas casas y vecindarios hayan sido destruidos, empujando a m\u00e1s personas fuera del llamado sue\u00f1o, hacia el cual la propiedad de la vivienda es una ruta.<\/p>\n\n\n\n<p>Santa M\u00f3nica mencion\u00f3 recientemente las reparaciones para los desplazados por las pol\u00edticas urbanas en esa ciudad.<\/p>\n\n\n\n<p>No espero que ese tema surja durante la discusi\u00f3n del lunes.<\/p>\n\n\n\n<p>A\u00fan as\u00ed, Pasadena est\u00e1 en una posici\u00f3n interesante. No muchas ciudades recuperan la tierra.<\/p>\n\n\n\n<p>Por supuesto, la gente de viviendas asequibles lo querr\u00e1. En alg\u00fan momento veremos en qu\u00e9 se convierte.<\/p>\n\n\n\n<p>La parte triste es que la gente perdi\u00f3 sus hogares, negocios y sue\u00f1os y dudo que alguna de esas familias gane un centavo con algo que se construya all\u00ed.<\/p>\n\n\n\n<p>La ciudad y algunos desarrolladores se besar\u00e1n. Tal vez esas familias deber\u00edan poseer un porcentaje de lo que sea que se construya en el tal\u00f3n.<\/p>\n\n\n\n<p>Weed vuelve a la Comisi\u00f3n de Planificaci\u00f3n.<\/p>\n\n\n\n<p>S\u00ed, otro dispensario quiere vender en el Distrito 3.<\/p>\n\n\n\n<p>No soy un tipo de hierba, pero mi pregunta es \u00bfd\u00f3nde est\u00e1 el plan de equidad social? No, no es un objeto brillante para distraer al Concejo Municipal y lograr que cambien las enmiendas y la voluntad de la gente.<\/p>\n\n\n\n<p>Estoy hablando de algo con dientes.<\/p>\n\n\n\n<p>La hierba es otro caso de personas negras y marrones que se llevan la peor parte de algo que se considera socialmente inaceptable y luego son eliminados despu\u00e9s de que el estado lo legaliza para recaudar impuestos.<\/p>\n\n\n\n<p>Los programas de equidad social crean licencias comerciales y oportunidades de propiedad para las mismas personas arrestadas y enviadas a la c\u00e1rcel por delitos relacionados con la marihuana durante d\u00e9cadas.<\/p>\n\n\n\n<p>Por supuesto, respeto a la fiscal\/fiscal de la ciudad Michele Beal Bagneris y al ex fiscal de distrito del condado de Los \u00c1ngeles, Jackie Lacey, y por sus esfuerzos que llevaron a la desestimaci\u00f3n de 66,000 casos de marihuana en Los \u00c1ngeles y 250 casos de Pasadena.<\/p>\n\n\n\n<p>Bagneris dijo en 2020 que la desestimaci\u00f3n de las antiguas condenas relacionadas con el cannabis brinda alivio a las personas y comunidades que han sufrido de manera desproporcionada las consecuencias de la Guerra contra las Drogas.<\/p>\n\n\n\n<p>El mes pasado, el fiscal general del estado, Rob Bonta, pidi\u00f3 a los fiscales de todo el estado que aceleren su proceso atrasado de condenas pasadas por marihuana para permitir que las personas elegibles reduzcan o eliminen sus sentencias y sellen los registros anteriores seg\u00fan los informes publicados.<\/p>\n\n\n\n<p>No es ir\u00f3nico que los lugares legales se den cuenta de que no pueden mantenerse al d\u00eda con aquellos que no pueden pagar los costosos permisos o que no ser\u00e1n elegidos por ninguna ciudad para abrir una tienda.<\/p>\n\n\n\n<p>Establecer un programa de equidad social.<\/p>\n\n\n\n<p>Monday Morning Bullpen se imprime todos los lunes cuando el Concejo Municipal est\u00e1 programado para reunirse.<\/p>\n","protected":false},"excerpt":{"rendered":"<p>El gobierno de la ciudad se pone en marcha despu\u00e9s de tres semanas de descanso debido a las vacaciones de Navidad y el desfile. El calendario de consentimiento est\u00e1 lleno. Los dos elementos que me llamaron la atenci\u00f3n de inmediato fueron los veh\u00edculos ecol\u00f3gicos y, por supuesto, los cupones para personas sin hogar. Es bueno ver que las actualizaciones de COVID-19 regresan al Ayuntamiento. Con las hospitalizaciones y los casos aumentando en todo el condado, claramente no hemos terminado con [&hellip;]<\/p>\n","protected":false},"author":4,"featured_media":0,"comment_status":"open","ping_status":"closed","sticky":false,"template":"","format":"standard","meta":[],"categories":[4],"tags":[],"acf":[],"_links":{"self":[{"href":"http:\/\/www.pasadenahoy.com\/primero\/wp-json\/wp\/v2\/posts\/13645"}],"collection":[{"href":"http:\/\/www.pasadenahoy.com\/primero\/wp-json\/wp\/v2\/posts"}],"about":[{"href":"http:\/\/www.pasadenahoy.com\/primero\/wp-json\/wp\/v2\/types\/post"}],"author":[{"embeddable":true,"href":"http:\/\/www.pasadenahoy.com\/primero\/wp-json\/wp\/v2\/users\/4"}],"replies":[{"embeddable":true,"href":"http:\/\/www.pasadenahoy.com\/primero\/wp-json\/wp\/v2\/comments?post=13645"}],"version-history":[{"count":2,"href":"http:\/\/www.pasadenahoy.com\/primero\/wp-json\/wp\/v2\/posts\/13645\/revisions"}],"predecessor-version":[{"id":13648,"href":"http:\/\/www.pasadenahoy.com\/primero\/wp-json\/wp\/v2\/posts\/13645\/revisions\/13648"}],"wp:attachment":[{"href":"http:\/\/www.pasadenahoy.com\/primero\/wp-json\/wp\/v2\/media?parent=13645"}],"wp:term":[{"taxonomy":"category","embeddable":true,"href":"http:\/\/www.pasadenahoy.com\/primero\/wp-json\/wp\/v2\/categories?post=13645"},{"taxonomy":"post_tag","embeddable":true,"href":"http:\/\/www.pasadenahoy.com\/primero\/wp-json\/wp\/v2\/tags?post=13645"}],"curies":[{"name":"wp","href":"https:\/\/api.w.org\/{rel}","templated":true}]}}