{"id":13649,"date":"2022-01-10T15:38:26","date_gmt":"2022-01-10T15:38:26","guid":{"rendered":"http:\/\/www.pasadenahoy.com\/primero\/?p=13649"},"modified":"2022-01-10T15:38:28","modified_gmt":"2022-01-10T15:38:28","slug":"el-condado-de-los-angeles-vuelve-a-romper-el-record-de-un-solo-dia-de-casos-de-covid-con-45584","status":"publish","type":"post","link":"http:\/\/www.pasadenahoy.com\/primero\/la-comunidad\/el-condado-de-los-angeles-vuelve-a-romper-el-record-de-un-solo-dia-de-casos-de-covid-con-45584\/","title":{"rendered":"El condado de Los \u00c1ngeles vuelve a romper el r\u00e9cord de un solo d\u00eda de casos de COVID con 45,584"},"content":{"rendered":"\n<p>El condado de Los \u00c1ngeles estableci\u00f3 otro r\u00e9cord diario con 45,584 pruebas positivas de COVID-19 el domingo, continuando con un aumento invernal en la transmisi\u00f3n impulsada por la variante Omicron del coronavirus.<\/p>\n\n\n\n<p>El viernes, los funcionarios de salud informaron un r\u00e9cord de 43,712 nuevas infecciones, y el s\u00e1bado dijeron que el condado hab\u00eda visto m\u00e1s de 200,000 casos confirmados de COVID-19 en los \u00faltimos 7 d\u00edas, el n\u00famero m\u00e1s alto en una semana desde el comienzo de la pandemia.<\/p>\n\n\n\n<p>Departamento de Salud P\u00fablica de Pasadena. no ha informado nuevos casos de COVD-19 desde el jueves. Se espera una actualizaci\u00f3n el lunes por la noche.<\/p>\n\n\n\n<p>Las cifras r\u00e9cord del condado parecen impulsadas en parte por el aumento de las pruebas. La tasa diaria promedio m\u00f3vil del condado de personas que dieron positivo por el virus fue del 20,6%, frente al 20,4% del s\u00e1bado, pero inferior al 22,7% del lunes pasado.<\/p>\n\n\n\n<p>En general, se han realizado pruebas a 10 317 000 personas, y el 18 % de las personas dieron positivo hasta la fecha, seg\u00fan el Departamento de Salud P\u00fablica del Condado de Los \u00c1ngeles.<\/p>\n\n\n\n<p>El departamento tambi\u00e9n inform\u00f3 el domingo 13 muertes adicionales asociadas con el virus, lo que eleva los totales acumulados del condado a 1,967,443 casos y 27,785 muertes desde que comenz\u00f3 la pandemia.<\/p>\n\n\n\n<p>Las muertes pueden reflejar un recuento insuficiente en los informes de fin de semana.<\/p>\n\n\n\n<p>Las autoridades est\u00e1n instando a los residentes a que reconsideren asistir a actividades de alto riesgo, incluidas actividades en interiores en las que las personas se desenmascaran durante largos per\u00edodos de tiempo y eventos al aire libre llenos de gente.<\/p>\n\n\n\n<p>\u201cA medida que contin\u00faa el aumento, les pedimos a los residentes y las empresas que contin\u00faen siguiendo las medidas de seguridad de salud p\u00fablica que sabemos que reducen la propagaci\u00f3n y mantienen a las personas seguras\u201d, dijo Ferrer el s\u00e1bado. \u201cEsto incluye usar una m\u00e1scara de grado m\u00e9dico que sea m\u00e1s protectora contra la variante Omicron y no pasar tiempo con otras personas que no tienen m\u00e1scara. Estas m\u00e1scaras mejoradas pueden ser una m\u00e1scara quir\u00fargica o una m\u00e1scara de respirador N95 o KN95\u201d.<\/p>\n\n\n\n<p>Mientras tanto, la cantidad de pacientes con COVID positivo en los hospitales del condado de Los \u00c1ngeles aument\u00f3 a 3364, seg\u00fan las \u00faltimas cifras estatales. El n\u00famero de esos pacientes en cuidados intensivos fue de 435, frente a los 411 del s\u00e1bado, 391 el viernes y 352 el jueves.<\/p>\n\n\n\n<p>Muchos de los pacientes con COVID-positivo ingresaron al hospital por otra raz\u00f3n y solo descubrieron que ten\u00edan el coronavirus despu\u00e9s de una prueba obligatoria, seg\u00fan funcionarios locales. Y aunque todav\u00eda est\u00e1 muy por debajo de las cifras m\u00e1ximas de hospitalizaci\u00f3n observadas el invierno pasado, cuando m\u00e1s de 8000 pacientes con COVID-positivo llenaron los hospitales, el n\u00famero creciente sigue generando preocupaci\u00f3n. Los centros de atenci\u00f3n m\u00e9dica se encuentran cada vez m\u00e1s cortos de personal, en parte debido a las infecciones por COVID entre los trabajadores de la salud.<\/p>\n\n\n\n<p>Seg\u00fan el departamento de salud del condado, se informaron 973 infecciones entre los trabajadores de la salud durante la semana pasada, un aumento del 47% con respecto al per\u00edodo anterior. Ese aumento se produce a pesar de la tasa relativamente alta de vacunas entre los trabajadores de la salud, lo que demuestra el poder de la variante Omicron del virus para infectar incluso a los residentes vacunados, aunque es menos probable que se enfermen gravemente.<\/p>\n\n\n\n<p>El estado requiere que todos los trabajadores de la salud en el estado reciban una dosis de refuerzo de la vacuna antes del 1 de febrero. Aquellos que no reciban el refuerzo deben hacerse la prueba dos veces por semana.<\/p>\n\n\n\n<p>\u201cMantener seguros a los trabajadores de la salud es fundamental para mantener la funcionalidad en todas nuestras instalaciones de atenci\u00f3n m\u00e9dica cuando los aumentos repentinos conducen a la escasez de personal y al aumento de las tasas de hospitalizaciones\u201d, dijo el viernes la directora de salud p\u00fablica, Barbara Ferrer. \u201cEn m\u00faltiples entornos de atenci\u00f3n m\u00e9dica, nuestro personal de atenci\u00f3n m\u00e9dica lo ha dado todo y ha sido completamente vacunado a altos niveles durante muchos meses.<\/p>\n\n\n\n<p>\u201cCada residente tambi\u00e9n puede hacer su parte para proteger a nuestro personal de atenci\u00f3n m\u00e9dica y hospitales. Vac\u00fanese o recup\u00e9rese lo antes posible si es elegible. Las personas vacunadas tienen entre 10 y 30 veces menos probabilidades de necesitar atenci\u00f3n hospitalaria que las no vacunadas. Le pedimos que no vaya a la sala de emergencias a menos que necesite atenci\u00f3n por un problema m\u00e9dico grave y no llame al 911 a menos que tenga una emergencia que ponga en peligro su vida\u201d.<\/p>\n\n\n\n<p>El gobernador Gavin Newsom dio a conocer el s\u00e1bado un paquete de respuesta de emergencia COVID-19 propuesto de $ 2.7 mil millones como parte de su pr\u00f3xima propuesta de presupuesto, que incluye una solicitud de asignaci\u00f3n de emergencia de $ 1.4 mil millones para reforzar la capacidad de prueba, acelerar la vacunaci\u00f3n y los esfuerzos de refuerzo, apoyar a los trabajadores de primera l\u00ednea, fortalecer la salud sistema de atenci\u00f3n y \u201ccombatir la desinformaci\u00f3n\u201d.<\/p>\n\n\n\n<p>El viernes, Newsom anunci\u00f3 la activaci\u00f3n de la Guardia Nacional de California para ayudar a proporcionar instalaciones y capacidad de prueba adicionales en medio del aumento nacional de casos impulsados \u200b\u200bpor la variante Omicron.<\/p>\n\n\n\n<p>El anuncio se produce cuando Omicron contin\u00faa propag\u00e1ndose r\u00e1pidamente por todo el mundo y representa al menos el 80 % de los casos de COVID-19 en California.<\/p>\n\n\n\n<p>El lunes, se abrir\u00e1 un nuevo centro de pruebas de COVID-19 de autoservicio en City of Industry, en Industry Hills Expo Center en 16200 Temple Ave. El sitio contar\u00e1 con m\u00faltiples carriles con una capacidad de hasta 1,0<\/p>\n","protected":false},"excerpt":{"rendered":"<p>El condado de Los \u00c1ngeles estableci\u00f3 otro r\u00e9cord diario con 45,584 pruebas positivas de COVID-19 el domingo, continuando con un aumento invernal en la transmisi\u00f3n impulsada por la variante Omicron del coronavirus. El viernes, los funcionarios de salud informaron un r\u00e9cord de 43,712 nuevas infecciones, y el s\u00e1bado dijeron que el condado hab\u00eda visto m\u00e1s de 200,000 casos confirmados de COVID-19 en los \u00faltimos 7 d\u00edas, el n\u00famero m\u00e1s alto en una semana desde el comienzo de la pandemia. Departamento [&hellip;]<\/p>\n","protected":false},"author":4,"featured_media":0,"comment_status":"open","ping_status":"closed","sticky":false,"template":"","format":"standard","meta":[],"categories":[4],"tags":[],"acf":[],"_links":{"self":[{"href":"http:\/\/www.pasadenahoy.com\/primero\/wp-json\/wp\/v2\/posts\/13649"}],"collection":[{"href":"http:\/\/www.pasadenahoy.com\/primero\/wp-json\/wp\/v2\/posts"}],"about":[{"href":"http:\/\/www.pasadenahoy.com\/primero\/wp-json\/wp\/v2\/types\/post"}],"author":[{"embeddable":true,"href":"http:\/\/www.pasadenahoy.com\/primero\/wp-json\/wp\/v2\/users\/4"}],"replies":[{"embeddable":true,"href":"http:\/\/www.pasadenahoy.com\/primero\/wp-json\/wp\/v2\/comments?post=13649"}],"version-history":[{"count":2,"href":"http:\/\/www.pasadenahoy.com\/primero\/wp-json\/wp\/v2\/posts\/13649\/revisions"}],"predecessor-version":[{"id":13652,"href":"http:\/\/www.pasadenahoy.com\/primero\/wp-json\/wp\/v2\/posts\/13649\/revisions\/13652"}],"wp:attachment":[{"href":"http:\/\/www.pasadenahoy.com\/primero\/wp-json\/wp\/v2\/media?parent=13649"}],"wp:term":[{"taxonomy":"category","embeddable":true,"href":"http:\/\/www.pasadenahoy.com\/primero\/wp-json\/wp\/v2\/categories?post=13649"},{"taxonomy":"post_tag","embeddable":true,"href":"http:\/\/www.pasadenahoy.com\/primero\/wp-json\/wp\/v2\/tags?post=13649"}],"curies":[{"name":"wp","href":"https:\/\/api.w.org\/{rel}","templated":true}]}}