{"id":13653,"date":"2022-01-10T15:50:03","date_gmt":"2022-01-10T15:50:03","guid":{"rendered":"http:\/\/www.pasadenahoy.com\/primero\/?p=13653"},"modified":"2022-01-10T15:50:04","modified_gmt":"2022-01-10T15:50:04","slug":"es-probable-que-el-ayuntamiento-renueve-nuevamente-la-resolucion-que-permite-reuniones-remotas-durante-los-proximos-30-dias","status":"publish","type":"post","link":"http:\/\/www.pasadenahoy.com\/primero\/el-gobierno-local\/es-probable-que-el-ayuntamiento-renueve-nuevamente-la-resolucion-que-permite-reuniones-remotas-durante-los-proximos-30-dias\/","title":{"rendered":"Es probable que el Ayuntamiento renueve nuevamente la resoluci\u00f3n que permite reuniones remotas durante los pr\u00f3ximos 30 d\u00edas"},"content":{"rendered":"\n<figure class=\"wp-block-image alignnone size-large\"><figure class=\"alignnone\"><img loading=\"lazy\" width=\"700\" height=\"378\" src=\"http:\/\/www.pasadenahoy.com\/primero\/wp-content\/uploads\/2022\/01\/pic-8-1.jpg\" alt=\"\" class=\"wp-image-13654\" srcset=\"http:\/\/www.pasadenahoy.com\/primero\/wp-content\/uploads\/2022\/01\/pic-8-1.jpg 700w, http:\/\/www.pasadenahoy.com\/primero\/wp-content\/uploads\/2022\/01\/pic-8-1-300x162.jpg 300w, http:\/\/www.pasadenahoy.com\/primero\/wp-content\/uploads\/2022\/01\/pic-8-1-241x130.jpg 241w, http:\/\/www.pasadenahoy.com\/primero\/wp-content\/uploads\/2022\/01\/pic-8-1-333x180.jpg 333w, http:\/\/www.pasadenahoy.com\/primero\/wp-content\/uploads\/2022\/01\/pic-8-1-360x194.jpg 360w\" sizes=\"100vw\" \/><\/figure><\/figure>\n\n\n\n<p>Se espera que el Concejo Municipal apruebe una resoluci\u00f3n que permitir\u00e1 que sus subcomit\u00e9s y comisiones de la ciudad contin\u00faen reuni\u00e9ndose virtualmente durante al menos 30 d\u00edas.<\/p>\n\n\n\n<p>El consejo debe aprobar una resoluci\u00f3n cada 30 d\u00edas para continuar reuni\u00e9ndose en l\u00ednea seg\u00fan los t\u00e9rminos del Proyecto de Ley 361 de la Asamblea.<\/p>\n\n\n\n<p>El Concejo Municipal adopt\u00f3 una resoluci\u00f3n sustancialmente similar que autoriza reuniones de teleconferencias remotas el mes pasado, pero el Concejo Municipal no se re\u00fane el d\u00eda 30 exacto despu\u00e9s del vencimiento de la resoluci\u00f3n anterior.<\/p>\n\n\n\n<p>Seg\u00fan la ley estatal, se deben permitir comentarios p\u00fablicos en tiempo real por tel\u00e9fono o Internet. Si el sistema falla al permitir comentarios p\u00fablicos, la reuni\u00f3n debe darse por terminada, de acuerdo con la ley.<\/p>\n\n\n\n<p>La ciudad ya se est\u00e1 adhiriendo a esas condiciones.<\/p>\n\n\n\n<p>M\u00e1s all\u00e1 de ese per\u00edodo inicial de 30 d\u00edas, debe confirmar las circunstancias del estado de emergencia y realizar las determinaciones requeridas al menos 30 d\u00edas despu\u00e9s de la adopci\u00f3n de la resoluci\u00f3n y cada 30 d\u00edas a partir de entonces.<\/p>\n\n\n\n<p>Una orden ejecutiva firmada por el gobernador Gavin Newsom que permite reuniones virtuales y suspende partes de la Ley Brown, que rige las reuniones abiertas de los cuerpos legislativos, finaliz\u00f3 el 30 de septiembre.<\/p>\n","protected":false},"excerpt":{"rendered":"<p>Se espera que el Concejo Municipal apruebe una resoluci\u00f3n que permitir\u00e1 que sus subcomit\u00e9s y comisiones de la ciudad contin\u00faen reuni\u00e9ndose virtualmente durante al menos 30 d\u00edas. El consejo debe aprobar una resoluci\u00f3n cada 30 d\u00edas para continuar reuni\u00e9ndose en l\u00ednea seg\u00fan los t\u00e9rminos del Proyecto de Ley 361 de la Asamblea. El Concejo Municipal adopt\u00f3 una resoluci\u00f3n sustancialmente similar que autoriza reuniones de teleconferencias remotas el mes pasado, pero el Concejo Municipal no se re\u00fane el d\u00eda 30 exacto [&hellip;]<\/p>\n","protected":false},"author":4,"featured_media":0,"comment_status":"open","ping_status":"closed","sticky":false,"template":"","format":"standard","meta":[],"categories":[6],"tags":[],"acf":[],"_links":{"self":[{"href":"http:\/\/www.pasadenahoy.com\/primero\/wp-json\/wp\/v2\/posts\/13653"}],"collection":[{"href":"http:\/\/www.pasadenahoy.com\/primero\/wp-json\/wp\/v2\/posts"}],"about":[{"href":"http:\/\/www.pasadenahoy.com\/primero\/wp-json\/wp\/v2\/types\/post"}],"author":[{"embeddable":true,"href":"http:\/\/www.pasadenahoy.com\/primero\/wp-json\/wp\/v2\/users\/4"}],"replies":[{"embeddable":true,"href":"http:\/\/www.pasadenahoy.com\/primero\/wp-json\/wp\/v2\/comments?post=13653"}],"version-history":[{"count":2,"href":"http:\/\/www.pasadenahoy.com\/primero\/wp-json\/wp\/v2\/posts\/13653\/revisions"}],"predecessor-version":[{"id":13656,"href":"http:\/\/www.pasadenahoy.com\/primero\/wp-json\/wp\/v2\/posts\/13653\/revisions\/13656"}],"wp:attachment":[{"href":"http:\/\/www.pasadenahoy.com\/primero\/wp-json\/wp\/v2\/media?parent=13653"}],"wp:term":[{"taxonomy":"category","embeddable":true,"href":"http:\/\/www.pasadenahoy.com\/primero\/wp-json\/wp\/v2\/categories?post=13653"},{"taxonomy":"post_tag","embeddable":true,"href":"http:\/\/www.pasadenahoy.com\/primero\/wp-json\/wp\/v2\/tags?post=13653"}],"curies":[{"name":"wp","href":"https:\/\/api.w.org\/{rel}","templated":true}]}}