{"id":13691,"date":"2022-01-11T15:23:56","date_gmt":"2022-01-11T15:23:56","guid":{"rendered":"http:\/\/www.pasadenahoy.com\/primero\/?p=13691"},"modified":"2022-01-11T15:23:58","modified_gmt":"2022-01-11T15:23:58","slug":"audiencia-publica-programada-sobre-el-aumento-propuesto-de-la-tarifa-del-agua-que-entrara-en-vigencia-en-abril","status":"publish","type":"post","link":"http:\/\/www.pasadenahoy.com\/primero\/la-comunidad\/audiencia-publica-programada-sobre-el-aumento-propuesto-de-la-tarifa-del-agua-que-entrara-en-vigencia-en-abril\/","title":{"rendered":"Audiencia p\u00fablica programada sobre el aumento propuesto de la tarifa del agua que entrar\u00e1 en vigencia en abril"},"content":{"rendered":"\n<figure class=\"wp-block-image alignnone size-large\"><figure class=\"alignnone\"><img loading=\"lazy\" width=\"700\" height=\"378\" src=\"http:\/\/www.pasadenahoy.com\/primero\/wp-content\/uploads\/2022\/01\/pic-6-3.png\" alt=\"\" class=\"wp-image-13692\" srcset=\"http:\/\/www.pasadenahoy.com\/primero\/wp-content\/uploads\/2022\/01\/pic-6-3.png 700w, http:\/\/www.pasadenahoy.com\/primero\/wp-content\/uploads\/2022\/01\/pic-6-3-300x162.png 300w, http:\/\/www.pasadenahoy.com\/primero\/wp-content\/uploads\/2022\/01\/pic-6-3-241x130.png 241w, http:\/\/www.pasadenahoy.com\/primero\/wp-content\/uploads\/2022\/01\/pic-6-3-333x180.png 333w, http:\/\/www.pasadenahoy.com\/primero\/wp-content\/uploads\/2022\/01\/pic-6-3-360x194.png 360w\" sizes=\"100vw\" \/><\/figure><\/figure>\n\n\n\n<p>El Concejo Municipal aprob\u00f3 por unanimidad la solicitud de Pasadena Water and Power de realizar una audiencia p\u00fablica sobre un aumento propuesto del 7.1 por ciento en la tarifa del agua que entrar\u00e1 en vigencia en abril.<\/p>\n\n\n\n<p>La audiencia, que tendr\u00e1 lugar el 14 de marzo, se centrar\u00e1 en la propuesta de PWP de aumentar los cargos de distribuci\u00f3n de productos b\u00e1sicos en las facturas de agua, seg\u00fan un documento del personal de la ciudad.<\/p>\n\n\n\n<p>PWP dijo que se necesitan ajustes en las tarifas ya que los ingresos de las tarifas existentes eran insuficientes para cumplir con los requisitos de ingresos proyectados para el sistema de agua en los pr\u00f3ximos a\u00f1os.<\/p>\n\n\n\n<p>El an\u00e1lisis del departamento indic\u00f3 que el d\u00e9ficit de ingresos se debi\u00f3 a aumentos en el costo del agua comprada del Distrito Metropolitano de Agua, costos m\u00e1s altos de operaci\u00f3n y mantenimiento y ventas reducidas debido a los esfuerzos de conservaci\u00f3n de la ciudad.<\/p>\n\n\n\n<p>El aumento en el cargo por productos b\u00e1sicos proporcionar\u00e1 ingresos anuales adicionales de aproximadamente $ 1.5 a $ 2 millones, mientras que el aumento en el cargo por distribuci\u00f3n y cliente (D&amp;C) proporcionar\u00e1 ingresos anuales adicionales de $ 1 mill\u00f3n, seg\u00fan el informe del personal.<\/p>\n\n\n\n<p>El PWP planea aumentar estos cargos a\u00fan m\u00e1s para 2023. Seg\u00fan la propuesta, el departamento implementar\u00e1 un aumento del 7,2 por ciento en los cargos mencionados para enero de 2023.<\/p>\n\n\n\n<p>Se considera que el cargo por productos b\u00e1sicos ajustado para 2023 proporcionar\u00e1 ingresos anuales adicionales de aproximadamente $1,8 millones, mientras que el cargo por D&amp;C aumentado proporcionar\u00e1 ingresos anuales adicionales de $1 mill\u00f3n.<\/p>\n\n\n\n<p>Seg\u00fan el informe del personal, los cargos adicionales no solo compensar\u00e1n la reducci\u00f3n de los ingresos, sino que tambi\u00e9n financiar\u00e1n las inversiones necesarias en infraestructura para producir, tratar y distribuir agua de alta calidad para los clientes de la ciudad en los pr\u00f3ximos a\u00f1os.<\/p>\n","protected":false},"excerpt":{"rendered":"<p>El Concejo Municipal aprob\u00f3 por unanimidad la solicitud de Pasadena Water and Power de realizar una audiencia p\u00fablica sobre un aumento propuesto del 7.1 por ciento en la tarifa del agua que entrar\u00e1 en vigencia en abril. La audiencia, que tendr\u00e1 lugar el 14 de marzo, se centrar\u00e1 en la propuesta de PWP de aumentar los cargos de distribuci\u00f3n de productos b\u00e1sicos en las facturas de agua, seg\u00fan un documento del personal de la ciudad. PWP dijo que se necesitan [&hellip;]<\/p>\n","protected":false},"author":4,"featured_media":0,"comment_status":"open","ping_status":"closed","sticky":false,"template":"","format":"standard","meta":[],"categories":[4],"tags":[],"acf":[],"_links":{"self":[{"href":"http:\/\/www.pasadenahoy.com\/primero\/wp-json\/wp\/v2\/posts\/13691"}],"collection":[{"href":"http:\/\/www.pasadenahoy.com\/primero\/wp-json\/wp\/v2\/posts"}],"about":[{"href":"http:\/\/www.pasadenahoy.com\/primero\/wp-json\/wp\/v2\/types\/post"}],"author":[{"embeddable":true,"href":"http:\/\/www.pasadenahoy.com\/primero\/wp-json\/wp\/v2\/users\/4"}],"replies":[{"embeddable":true,"href":"http:\/\/www.pasadenahoy.com\/primero\/wp-json\/wp\/v2\/comments?post=13691"}],"version-history":[{"count":2,"href":"http:\/\/www.pasadenahoy.com\/primero\/wp-json\/wp\/v2\/posts\/13691\/revisions"}],"predecessor-version":[{"id":13694,"href":"http:\/\/www.pasadenahoy.com\/primero\/wp-json\/wp\/v2\/posts\/13691\/revisions\/13694"}],"wp:attachment":[{"href":"http:\/\/www.pasadenahoy.com\/primero\/wp-json\/wp\/v2\/media?parent=13691"}],"wp:term":[{"taxonomy":"category","embeddable":true,"href":"http:\/\/www.pasadenahoy.com\/primero\/wp-json\/wp\/v2\/categories?post=13691"},{"taxonomy":"post_tag","embeddable":true,"href":"http:\/\/www.pasadenahoy.com\/primero\/wp-json\/wp\/v2\/tags?post=13691"}],"curies":[{"name":"wp","href":"https:\/\/api.w.org\/{rel}","templated":true}]}}