{"id":13704,"date":"2022-01-12T15:22:39","date_gmt":"2022-01-12T15:22:39","guid":{"rendered":"http:\/\/www.pasadenahoy.com\/primero\/?p=13704"},"modified":"2022-01-12T15:22:40","modified_gmt":"2022-01-12T15:22:40","slug":"huntington-hospital-supera-los-100-pacientes-con-coronavirus-la-ciudad-emite-una-nueva-orden-de-enmascaramiento","status":"publish","type":"post","link":"http:\/\/www.pasadenahoy.com\/primero\/la-comunidad\/huntington-hospital-supera-los-100-pacientes-con-coronavirus-la-ciudad-emite-una-nueva-orden-de-enmascaramiento\/","title":{"rendered":"Huntington Hospital supera los 100 pacientes con coronavirus, la ciudad emite una nueva orden de enmascaramiento"},"content":{"rendered":"\n<figure class=\"wp-block-image alignnone size-large\"><figure class=\"alignnone\"><img loading=\"lazy\" width=\"700\" height=\"378\" src=\"http:\/\/www.pasadenahoy.com\/primero\/wp-content\/uploads\/2022\/01\/pic-1-4.jpg\" alt=\"\" class=\"wp-image-13705\" srcset=\"http:\/\/www.pasadenahoy.com\/primero\/wp-content\/uploads\/2022\/01\/pic-1-4.jpg 700w, http:\/\/www.pasadenahoy.com\/primero\/wp-content\/uploads\/2022\/01\/pic-1-4-300x162.jpg 300w, http:\/\/www.pasadenahoy.com\/primero\/wp-content\/uploads\/2022\/01\/pic-1-4-241x130.jpg 241w, http:\/\/www.pasadenahoy.com\/primero\/wp-content\/uploads\/2022\/01\/pic-1-4-333x180.jpg 333w, http:\/\/www.pasadenahoy.com\/primero\/wp-content\/uploads\/2022\/01\/pic-1-4-360x194.jpg 360w\" sizes=\"100vw\" \/><\/figure><\/figure>\n\n\n\n<p>A medida que Pasadena contin\u00faa enfrentando un aumento dram\u00e1tico en los casos de COVID-19, el martes el Hospital Huntington inform\u00f3 que ahora tiene m\u00e1s de 100 pacientes infectados con coronavirus, la ciudad emiti\u00f3 una nueva orden de uso de mascarillas y el director de salud del condado inst\u00f3 a reducir la velocidad o aplazamiento de actividades p\u00fablicas no esenciales.<\/p>\n\n\n\n<p>El hospital inform\u00f3 que de su total de 101 pacientes que tienen coronavirus, 14 se encontraban en la UCI. El 86 por ciento de los pacientes de UCI con COVID-19 no estaban vacunados. Entre todos los pacientes con COVID-19 en el hospital, el 66 por ciento no estaba vacunado.<\/p>\n\n\n\n<p>Un portavoz de la ciudad dijo el martes que Pasadena ahora registra un promedio de 7 d\u00edas de 390.7 nuevos casos de COVID-19 por d\u00eda. Tambi\u00e9n inform\u00f3 que hab\u00eda 288 casos confirmados y 27 casos probables reportados el domingo.<\/p>\n\n\n\n<p>Mientras tanto, el martes, el Departamento de Salud P\u00fablica de Pasadena emiti\u00f3 una nueva orden de salud anticipada.<\/p>\n\n\n\n<p>La orden ordena a todos los empleadores en Pasadena que proporcionen a sus empleados que trabajan en interiores y en contacto cercano con otros trabajadores o el p\u00fablico m\u00e1scaras faciales mejoradas y que les exijan usar las m\u00e1scaras en todo momento mientras trabajan en interiores.<\/p>\n\n\n\n<p>La Ciudad hab\u00eda dicho la semana pasada que emitir\u00eda la orden, que es similar a una orden de m\u00e1scara emitida por el Departamento de Salud P\u00fablica del Condado de Los \u00c1ngeles la semana pasada.<\/p>\n\n\n\n<p>La orden de Pasadena entrar\u00e1 en vigencia el 17 de enero, el mismo d\u00eda que la orden del Condado.<\/p>\n\n\n\n<p>Tambi\u00e9n el martes, la directora de salud p\u00fablica del condado, B\u00e1rbara Ferrer, les dijo a los supervisores del condado en su reuni\u00f3n que los residentes deben evitar actividades no esenciales en las pr\u00f3ximas semanas, particularmente aquellas que se realizan en interiores y que implican mezclarse con personas no vacunadas o de mayor riesgo.<\/p>\n\n\n\n<p>Impulsado por la variante Omicron de COVID-19, el condado est\u00e1 experimentando altos niveles pand\u00e9micos de informes diarios de infecci\u00f3n y la tasa m\u00e1s alta de transmisi\u00f3n de virus hasta la fecha. El condado inform\u00f3 el martes 34,827 nuevas infecciones, junto con 15 muertes m\u00e1s.<\/p>\n\n\n\n<p>\u201cMientras estamos en aumento, le pedimos que tenga m\u00e1s cuidado, incluso si est\u00e1 vacunado y reforzado\u201d, dijo la directora de salud p\u00fablica, B\u00e1rbara Ferrer, durante la reuni\u00f3n de la Junta de Supervisores del martes. \u201cUna forma de reducir la transmisi\u00f3n es usar una m\u00e1scara de alta calidad cada vez que est\u00e9 cerca de personas que no sean miembros del hogar. \u2026 Tambi\u00e9n pedimos que durante las pr\u00f3ximas semanas, todos intentemos evitar actividades no esenciales en las que las personas no lleven mascarilla y est\u00e9n en contacto cercano con otras.<\/p>\n\n\n\n<p>\u201cSabemos lo importante que es reunirse con amigos para nuestro bienestar\u201d, dijo. \u201cNecesitamos estar seguros de que podemos mantenernos a salvo unos a otros. La realidad es que las fiestas y los eventos, especialmente aquellos en interiores con personas no vacunadas o con alto riesgo de enfermarse gravemente, facilitan la propagaci\u00f3n de este virus. Limitar nuestro tiempo con los dem\u00e1s a aquellas actividades m\u00e1s esenciales relacionadas con el trabajo o la escuela es una medida prudente que todos debemos tomar siempre que sea posible.<\/p>\n\n\n\n<p>\u201cS\u00e9 que este no es el comienzo del nuevo a\u00f1o que todos hab\u00edamos imaginado. Con las herramientas adicionales que tenemos, particularmente el f\u00e1cil acceso a vacunas gratuitas, deber\u00edamos poder usar diferentes estrategias para superar estos tiempos dif\u00edciles. Sin embargo, como siempre, se necesita la cooperaci\u00f3n de todos nosotros para avanzar con gracia y superar este aumento\u201d.<\/p>\n\n\n\n<p>Sus comentarios se produjeron cuando las cifras estatales mostraron que el n\u00famero de pacientes con COVID-positivo en los hospitales del condado aument\u00f3 a 3.766, frente a los 3.472 del lunes. El n\u00famero de esos pacientes en cuidados intensivos aument\u00f3 a 513, frente a los 482 del d\u00eda anterior.<\/p>\n\n\n\n<p>La Dra. Christina Ghaly, directora de servicios de salud del condado, dijo que a pesar del aumento en el n\u00famero de pacientes, el aumento impulsado por Omicron se est\u00e1 desarrollando de manera diferente en los hospitales que los aumentos anteriores. Ella dijo que el oto\u00f1o pasado, alrededor de un tercio de los pacientes con COVID terminaron en la UCI, pero esa cifra es solo del 10% al 15% esta vez, al menos en los cuatro hospitales operados por el condado, lo que probablemente refleje las condiciones en otros m\u00e9dicos. centros.<\/p>\n\n\n\n<p>Tambi\u00e9n dijo que alrededor del 40% de los pacientes con COVID positivo en los hospitales del condado fueron admitidos espec\u00edficamente por el virus, mientras que el resto solo se enter\u00f3 de que estaban infectados al momento de la admisi\u00f3n por otra cosa. Durante el \u00faltimo aumento, entre el 80 % y el 90 % de los pacientes con COVID fueron admitidos debido a enfermedades relacionadas con el virus.<\/p>\n\n\n\n<p>Ghaly dijo que a pesar de los cambios y las cifras que a\u00fan empeque\u00f1ecen el aumento del invierno pasado, cuando m\u00e1s de 8000 pacientes con COVID fueron hospitalizados, la actual escasez de personal est\u00e1 creando condiciones m\u00e1s cr\u00edticas en los hospitales. Se\u00f1al\u00f3 una gran cantidad de trabajadores de la salud que se han jubilado o se han mudado a puestos que no son de primera l\u00ednea. Tambi\u00e9n se\u00f1al\u00f3 que el aumento de las infecciones por COVID tambi\u00e9n ha afectado a los trabajadores de la salud, dejando a muchos sin disponibilidad para trabajar debido a una enfermedad o exposici\u00f3n.<\/p>\n\n\n\n<p>La situaci\u00f3n tambi\u00e9n ha provocado que los tiempos de respuesta de las ambulancias sean m\u00e1s prolongados, en parte debido a la gran cantidad de trabajadores de compa\u00f1\u00edas privadas de ambulancias que no cumplieron con los requisitos de vacunaci\u00f3n contra el COVID, dej\u00e1ndolos incapaces de trabajar, combinado con una gran cantidad <\/p>\n\n\n\n<p>de personas que llaman para reportarse enfermas.<\/p>\n\n\n\n<p>El tiempo que tardan los equipos de ambulancias en descargar a los pacientes en los hospitales tambi\u00e9n ha aumentado, dijo, gracias a problemas de personal y espacio. Ghaly dijo que tres hospitales del \u00e1rea, Mission Community Hospital en Panorama City, Little Company of Mary en San Pedro y Antelope Valley Hospital, han establecido unidades de emergencia para ayudar a manejar el aumento de pacientes.<\/p>\n\n\n\n<p>Ferrer volvi\u00f3 a insistir en que, si bien la variante Omicron es f\u00e1cilmente capaz de infectar a las personas vacunadas, las inyecciones a\u00fan est\u00e1n demostrando ser efectivas para evitar que las personas infectadas terminen hospitalizadas.<\/p>\n\n\n\n<p>Ella dijo que las personas no vacunadas tienen nueve veces m\u00e1s probabilidades de ser hospitalizadas que las personas completamente vacunadas, y 38 veces m\u00e1s probabilidades de ser hospitalizadas que las personas que est\u00e1n completamente vacunadas y recibieron una vacuna de refuerzo.<\/p>\n\n\n\n<p>Los 34,827 nuevos casos de COVID anunciados el martes elevaron el total acumulado del condado a 2,046,208 desde que comenz\u00f3 la pandemia. Las 15 muertes le dieron al condado un n\u00famero total de muertes de 27,812.<\/p>\n\n\n\n<p>Los funcionarios de salud dijeron anteriormente que alrededor del 90% de las personas que murieron a causa de COVID-19 ten\u00edan condiciones de salud subyacentes. De las 13 muertes reportadas el lunes, nueve ten\u00edan condiciones subyacentes, seg\u00fan el Departamento de Salud P\u00fablica del condado.<\/p>\n\n\n\n<p>La tasa promedio m\u00f3vil del condado de personas que dieron positivo por el virus fue del 21% a partir del martes, un poco menos que el 21,4% del lunes y un aumento del 20,6% el domingo y el 20,9% el s\u00e1bado. La tasa fue inferior al 1% en noviembre.<\/p>\n\n\n\n<p>Seg\u00fan las cifras del condado publicadas la semana pasada, de los m\u00e1s de 6,4 millones de personas completamente vacunadas en el condado, 199.314 han dado positivo por el virus, para una tasa del 3,1 %, mientras que 3.348 han sido hospitalizados, para una tasa del 0,05 %. Han fallecido un total de 625 personas con todas las vacunas, para una tasa del 0,01%.<\/p>\n\n\n\n<p>Ferrer dijo el martes que a partir del 6 de enero, el 80 % de los residentes elegibles del condado mayores de 5 a\u00f1os han recibido al menos una dosis de la vacuna, mientras que el 71 % est\u00e1n completamente vacunados. De la poblaci\u00f3n general del condado de 10,3 millones de personas, el 76 % ha recibido al menos una dosis y el 68 % est\u00e1 completamente vacunado.<\/p>\n\n\n\n<p><\/p>\n","protected":false},"excerpt":{"rendered":"<p>A medida que Pasadena contin\u00faa enfrentando un aumento dram\u00e1tico en los casos de COVID-19, el martes el Hospital Huntington inform\u00f3 que ahora tiene m\u00e1s de 100 pacientes infectados con coronavirus, la ciudad emiti\u00f3 una nueva orden de uso de mascarillas y el director de salud del condado inst\u00f3 a reducir la velocidad o aplazamiento de actividades p\u00fablicas no esenciales. El hospital inform\u00f3 que de su total de 101 pacientes que tienen coronavirus, 14 se encontraban en la UCI. El 86 [&hellip;]<\/p>\n","protected":false},"author":4,"featured_media":13705,"comment_status":"open","ping_status":"closed","sticky":false,"template":"","format":"standard","meta":[],"categories":[4],"tags":[],"acf":[],"_links":{"self":[{"href":"http:\/\/www.pasadenahoy.com\/primero\/wp-json\/wp\/v2\/posts\/13704"}],"collection":[{"href":"http:\/\/www.pasadenahoy.com\/primero\/wp-json\/wp\/v2\/posts"}],"about":[{"href":"http:\/\/www.pasadenahoy.com\/primero\/wp-json\/wp\/v2\/types\/post"}],"author":[{"embeddable":true,"href":"http:\/\/www.pasadenahoy.com\/primero\/wp-json\/wp\/v2\/users\/4"}],"replies":[{"embeddable":true,"href":"http:\/\/www.pasadenahoy.com\/primero\/wp-json\/wp\/v2\/comments?post=13704"}],"version-history":[{"count":2,"href":"http:\/\/www.pasadenahoy.com\/primero\/wp-json\/wp\/v2\/posts\/13704\/revisions"}],"predecessor-version":[{"id":13707,"href":"http:\/\/www.pasadenahoy.com\/primero\/wp-json\/wp\/v2\/posts\/13704\/revisions\/13707"}],"wp:featuredmedia":[{"embeddable":true,"href":"http:\/\/www.pasadenahoy.com\/primero\/wp-json\/wp\/v2\/media\/13705"}],"wp:attachment":[{"href":"http:\/\/www.pasadenahoy.com\/primero\/wp-json\/wp\/v2\/media?parent=13704"}],"wp:term":[{"taxonomy":"category","embeddable":true,"href":"http:\/\/www.pasadenahoy.com\/primero\/wp-json\/wp\/v2\/categories?post=13704"},{"taxonomy":"post_tag","embeddable":true,"href":"http:\/\/www.pasadenahoy.com\/primero\/wp-json\/wp\/v2\/tags?post=13704"}],"curies":[{"name":"wp","href":"https:\/\/api.w.org\/{rel}","templated":true}]}}