{"id":13712,"date":"2022-01-12T15:33:48","date_gmt":"2022-01-12T15:33:48","guid":{"rendered":"http:\/\/www.pasadenahoy.com\/primero\/?p=13712"},"modified":"2022-01-12T15:58:16","modified_gmt":"2022-01-12T15:58:16","slug":"los-duenos-de-negocios-de-pasadena-deben-proporcionar-a-los-trabajadores-y-voluntarios-mascaras-mejoradas-a-partir-del-lunes","status":"publish","type":"post","link":"http:\/\/www.pasadenahoy.com\/primero\/el-gobierno-local\/los-duenos-de-negocios-de-pasadena-deben-proporcionar-a-los-trabajadores-y-voluntarios-mascaras-mejoradas-a-partir-del-lunes\/","title":{"rendered":"Los due\u00f1os de negocios de Pasadena deben proporcionar a los trabajadores y voluntarios m\u00e1scaras mejoradas a partir del lunes"},"content":{"rendered":"\n<figure class=\"wp-block-image alignnone size-large\"><figure class=\"alignnone\"><img loading=\"lazy\" width=\"700\" height=\"378\" src=\"http:\/\/www.pasadenahoy.com\/primero\/wp-content\/uploads\/2022\/01\/pic-3-7.jpg\" alt=\"\" class=\"wp-image-13713\" srcset=\"http:\/\/www.pasadenahoy.com\/primero\/wp-content\/uploads\/2022\/01\/pic-3-7.jpg 700w, http:\/\/www.pasadenahoy.com\/primero\/wp-content\/uploads\/2022\/01\/pic-3-7-300x162.jpg 300w, http:\/\/www.pasadenahoy.com\/primero\/wp-content\/uploads\/2022\/01\/pic-3-7-241x130.jpg 241w, http:\/\/www.pasadenahoy.com\/primero\/wp-content\/uploads\/2022\/01\/pic-3-7-333x180.jpg 333w, http:\/\/www.pasadenahoy.com\/primero\/wp-content\/uploads\/2022\/01\/pic-3-7-360x194.jpg 360w\" sizes=\"100vw\" \/><\/figure><\/figure>\n\n\n\n<p>Pasadena emiti\u00f3 el martes una nueva orden de salud anticipada que ordena a todos los empleadores en Pasadena que proporcionen a sus empleados que trabajan en el interior y en contacto cercano con otros trabajadores o el p\u00fablico m\u00e1scaras faciales mejoradas y que les exijan usar las m\u00e1scaras en todo momento mientras est\u00e9n en el interior en trabajo.<\/p>\n\n\n\n<p>La Ciudad hab\u00eda dicho la semana pasada que emitir\u00eda la orden, que es similar a una orden de m\u00e1scara emitida por el Departamento de Salud P\u00fablica del Condado de Los \u00c1ngeles la semana pasada.<\/p>\n\n\n\n<p>La orden de Pasadena entrar\u00e1 en vigencia el 17 de enero, el mismo d\u00eda que la orden del Condado.<\/p>\n\n\n\n<p>Exige espec\u00edficamente que las m\u00e1scaras sean m\u00e1scaras quir\u00fargicas de grado m\u00e9dico que se ajusten bien o respiradores de nivel superior, como los respiradores con filtro facial N95 o los KN95.<\/p>\n\n\n\n<p>La orden se aplica no solo a los empleados, sino tambi\u00e9n a los trabajadores y voluntarios contratados en el sitio.<\/p>\n\n\n\n<p>Los cambios de enmascaramiento se producen en medio de un aumento en las infecciones por COVID-19 impulsadas por la variante Omicron altamente transmisible del virus.<\/p>\n\n\n\n<p>M\u00e1s de 100 personas infectadas con COVID-19 han sido admitidas en el Hospital Huntington seg\u00fan el hospital, que enumera 14 pacientes con coronavirus en la unidad de cuidados intensivos hasta el martes.<\/p>\n\n\n\n<p>El setenta y seis por ciento del total de pacientes positivos para COVID-19 en el hospital no est\u00e1n vacunados. De los 14 pacientes en la UCI, el 86 por ciento no est\u00e1 vacunado.<\/p>\n\n\n\n<p>\u201cA medida que comenzamos el tercer a\u00f1o de la pandemia de 2022, se nos presenta un nuevo desaf\u00edo\u201d, dijo el director de salud de Pasadena, el Dr. Ying-Ying Goh, quien dijo que Omicron es tres veces m\u00e1s infeccioso que la variante Delta en un informe al Concejo Municipal el lunes. .<\/p>\n\n\n\n<p>Durante la reuni\u00f3n, Goh y la Dra. Lori Morgan del Huntington Hospital alentaron a las personas a vacunarse y recibir sus vacunas de refuerzo.<\/p>\n\n\n\n<p>Aunque el aumento sigue siendo extremadamente preocupante, ha sido de corta duraci\u00f3n en algunos otros pa\u00edses. Queda por ver la duraci\u00f3n en los EE. UU.<\/p>\n\n\n\n<p>\u201cLe pido al p\u00fablico que tenga cuidado con la urgencia de la situaci\u00f3n actual\u201d, dijo.<\/p>\n\n\n\n<p>Pasadena actualmente tiene un promedio de 361 nuevos casos de COVID por d\u00eda, frente a los 33 por d\u00eda de hace solo tres semanas. Alrededor del 90 por ciento de los residentes locales elegibles han sido vacunados. Cinco personas han muerto a causa del virus en las \u00faltimas semanas.<\/p>\n","protected":false},"excerpt":{"rendered":"<p>Pasadena emiti\u00f3 el martes una nueva orden de salud anticipada que ordena a todos los empleadores en Pasadena que proporcionen a sus empleados que trabajan en el interior y en contacto cercano con otros trabajadores o el p\u00fablico m\u00e1scaras faciales mejoradas y que les exijan usar las m\u00e1scaras en todo momento mientras est\u00e9n en el interior en trabajo. La Ciudad hab\u00eda dicho la semana pasada que emitir\u00eda la orden, que es similar a una orden de m\u00e1scara emitida por el [&hellip;]<\/p>\n","protected":false},"author":4,"featured_media":13713,"comment_status":"open","ping_status":"closed","sticky":false,"template":"","format":"standard","meta":[],"categories":[6],"tags":[],"acf":[],"_links":{"self":[{"href":"http:\/\/www.pasadenahoy.com\/primero\/wp-json\/wp\/v2\/posts\/13712"}],"collection":[{"href":"http:\/\/www.pasadenahoy.com\/primero\/wp-json\/wp\/v2\/posts"}],"about":[{"href":"http:\/\/www.pasadenahoy.com\/primero\/wp-json\/wp\/v2\/types\/post"}],"author":[{"embeddable":true,"href":"http:\/\/www.pasadenahoy.com\/primero\/wp-json\/wp\/v2\/users\/4"}],"replies":[{"embeddable":true,"href":"http:\/\/www.pasadenahoy.com\/primero\/wp-json\/wp\/v2\/comments?post=13712"}],"version-history":[{"count":2,"href":"http:\/\/www.pasadenahoy.com\/primero\/wp-json\/wp\/v2\/posts\/13712\/revisions"}],"predecessor-version":[{"id":13715,"href":"http:\/\/www.pasadenahoy.com\/primero\/wp-json\/wp\/v2\/posts\/13712\/revisions\/13715"}],"wp:featuredmedia":[{"embeddable":true,"href":"http:\/\/www.pasadenahoy.com\/primero\/wp-json\/wp\/v2\/media\/13713"}],"wp:attachment":[{"href":"http:\/\/www.pasadenahoy.com\/primero\/wp-json\/wp\/v2\/media?parent=13712"}],"wp:term":[{"taxonomy":"category","embeddable":true,"href":"http:\/\/www.pasadenahoy.com\/primero\/wp-json\/wp\/v2\/categories?post=13712"},{"taxonomy":"post_tag","embeddable":true,"href":"http:\/\/www.pasadenahoy.com\/primero\/wp-json\/wp\/v2\/tags?post=13712"}],"curies":[{"name":"wp","href":"https:\/\/api.w.org\/{rel}","templated":true}]}}