{"id":13731,"date":"2022-01-13T15:08:46","date_gmt":"2022-01-13T15:08:46","guid":{"rendered":"http:\/\/www.pasadenahoy.com\/primero\/?p=13731"},"modified":"2022-01-13T15:08:48","modified_gmt":"2022-01-13T15:08:48","slug":"scott-phelps-antiguo-miembro-de-la-junta-escolar-no-buscara-la-reeleccion-para-la-junta","status":"publish","type":"post","link":"http:\/\/www.pasadenahoy.com\/primero\/la-comunidad\/scott-phelps-antiguo-miembro-de-la-junta-escolar-no-buscara-la-reeleccion-para-la-junta\/","title":{"rendered":"Scott Phelps, antiguo miembro de la junta escolar, no buscar\u00e1 la reelecci\u00f3n para la junta"},"content":{"rendered":"\n<figure class=\"wp-block-image alignnone size-large\"><figure class=\"alignnone\"><img loading=\"lazy\" width=\"700\" height=\"378\" src=\"http:\/\/www.pasadenahoy.com\/primero\/wp-content\/uploads\/2022\/01\/pic-1-2.png\" alt=\"\" class=\"wp-image-13732\" srcset=\"http:\/\/www.pasadenahoy.com\/primero\/wp-content\/uploads\/2022\/01\/pic-1-2.png 700w, http:\/\/www.pasadenahoy.com\/primero\/wp-content\/uploads\/2022\/01\/pic-1-2-300x162.png 300w, http:\/\/www.pasadenahoy.com\/primero\/wp-content\/uploads\/2022\/01\/pic-1-2-241x130.png 241w, http:\/\/www.pasadenahoy.com\/primero\/wp-content\/uploads\/2022\/01\/pic-1-2-333x180.png 333w, http:\/\/www.pasadenahoy.com\/primero\/wp-content\/uploads\/2022\/01\/pic-1-2-360x194.png 360w\" sizes=\"100vw\" \/><\/figure><\/figure>\n\n\n\n<p>Scott Phelps, miembro de la Junta del Distrito Escolar Unificado de Pasadena desde hace mucho tiempo, le dijo a Pasadena Now el mi\u00e9rcoles que no planea postularse para la reelecci\u00f3n en el Distrito 7 este noviembre.<\/p>\n\n\n\n<p>El Distrito 7 incluye parte de East Arroyo y todas las \u00e1reas de Linda Vista, San Rafael y Madison Heights de la ciudad de Pasadena.<\/p>\n\n\n\n<p>\u201cSupongo que dado que habr\u00e9 servido diecisiete a\u00f1os y medio en la junta cuando me vaya el pr\u00f3ximo diciembre, uno podr\u00eda preguntarse por qu\u00e9 me qued\u00e9 tanto tiempo en lugar de por qu\u00e9 este es mi \u00faltimo mandato\u201d, dijo Phelps. \u201cMe qued\u00e9 mucho tiempo porque vali\u00f3 la pena las batallas para apoyar el buen servicio del personal del distrito y sus familias y estudiantes. Vali\u00f3 la pena tratar de hacer lo correcto por todos ellos durante el mayor tiempo posible\u201d.<\/p>\n\n\n\n<p>Phelps dijo que estaba contento de haber permanecido en la junta el tiempo suficiente para ver c\u00f3mo se revert\u00eda una tendencia negativa en el PUSD. Cuando Phelps se convirti\u00f3 en presidente de la junta en 2014, le preocupaba que las tres superintendencias anteriores del PUSD duraran cinco, cuatro y tres a\u00f1os, respectivamente.<\/p>\n\n\n\n<p>\u201c\u00cdbamos en la direcci\u00f3n equivocada\u201d, dijo Phelps. \u201cPUSD hab\u00eda utilizado firmas de b\u00fasqueda y b\u00fasquedas amplias para cada uno de esos superintendentes. Estaba desilusionado con las empresas de b\u00fasqueda, as\u00ed que decid\u00ed apoyar una promoci\u00f3n desde adentro\u201d.<\/p>\n\n\n\n<p>&#8220;Dr. McDonald era nuestro director acad\u00e9mico en ese momento y la junta lo ascendi\u00f3 a superintendente. Me complace decir que se ha invertido el declive en los mandatos de los superintendentes, ya que ahora se encuentra en el octavo a\u00f1o de su mandato. Este es el per\u00edodo m\u00e1s largo desde que el Dr. Vignes se desempe\u00f1\u00f3 como superintendente de 1992 a 2000. La estabilidad en la administraci\u00f3n de un distrito es importante para todos los involucrados y, en mi opini\u00f3n, este es un logro positivo. No fue f\u00e1cil, ya que mantener unida a la mayor\u00eda para apoyar al personal del distrito no es algo f\u00e1cil frente a los cr\u00edticos del distrito, incluidos los miembros de la junta. En su mayor\u00eda, logramos hacer esto y tambi\u00e9n hacer el dif\u00edcil trabajo de esquivar el empuje de algunos para cerrar las escuelas que un mayor n\u00famero de familias han elegido para sus hijos. Como muchos en el p\u00fablico en general dijeron en ese momento, desafi\u00f3 el sentido com\u00fan, especialmente porque estas eran escuelas que tienen una integraci\u00f3n deseable, pero los ide\u00f3logos son fuertes, por lo que tom\u00f3 un gran esfuerzo\u201d.<\/p>\n\n\n\n<p>Phelps ha dedicado su carrera profesional de 33 a\u00f1os a la educaci\u00f3n. Despu\u00e9s de graduarse de Caltech en 1989 con una Maestr\u00eda en Ciencias en Geof\u00edsica, ense\u00f1\u00f3 cursos de matem\u00e1ticas y ciencias en las escuelas secundarias Pasadena y John Muir desde 1989 hasta 2004.<\/p>\n\n\n\n<p>En Muir fue miembro del personal fundador y coordinador de una de las academias. Desde 2004, Scott Phelps ha impartido cursos de matem\u00e1ticas y ciencias en la Universidad de La Verne, Mt. San Antonio College, Chaffey College y Cal Poly Pomona.<\/p>\n\n\n\n<p>Phelps tambi\u00e9n ha ense\u00f1ado en la Facultad de Educaci\u00f3n de Cal State LA y se desempe\u00f1\u00f3 como asesor de candidatos a credenciales docentes en Claremont Graduate University, Cal State Northridge y Mt. St. Mary&#8217;s College. Scott Phelps tambi\u00e9n ha trabajado como consultor en la evaluaci\u00f3n de programas de escuelas y distritos de California.<\/p>\n\n\n\n<p>De acuerdo con una lista parcial de sus logros en el sitio web del distrito, Phelps trabaj\u00f3 arduamente para apoyar la Medida CC, el impuesto a las parcelas para el PUSD que obtuvo una aprobaci\u00f3n del 54 % en 2010.<\/p>\n\n\n\n<p>Luch\u00f3 con \u00e9xito para eliminar a las escuelas primarias Jackson Elementary y Norma Coombs de la lista de cierre de escuelas en 2010.<\/p>\n\n\n\n<p>Tambi\u00e9n apoy\u00f3 el aumento de fondos para maestros de ciencias de primaria dedicados en las escuelas primarias STEM del PUSD y vot\u00f3 para aumentar los fondos para los programas de Bachillerato Internacional en Willard y Blair.<\/p>\n\n\n\n<p>Phelps tambi\u00e9n impuls\u00f3 un esfuerzo para aumentar las ofertas de PCC en John Muir HS y escribi\u00f3 la Resoluci\u00f3n 2266 de la junta en apoyo que la junta adopt\u00f3 en diciembre de 2013. Ha seguido y defendido la restauraci\u00f3n del programa de inscripci\u00f3n dual cuando se enter\u00f3 de que era suspendido en el oto\u00f1o de 2017.<\/p>\n\n\n\n<p>En 2015, apoy\u00f3 los esfuerzos exitosos del liderazgo del personal del PUSD para evitar el cierre de la Escuela Primaria San Rafael mediante la excavaci\u00f3n de zanjas geol\u00f3gicas que demostraron que no hab\u00eda fallas s\u00edsmicas activas en la escuela.<\/p>\n","protected":false},"excerpt":{"rendered":"<p>Scott Phelps, miembro de la Junta del Distrito Escolar Unificado de Pasadena desde hace mucho tiempo, le dijo a Pasadena Now el mi\u00e9rcoles que no planea postularse para la reelecci\u00f3n en el Distrito 7 este noviembre. El Distrito 7 incluye parte de East Arroyo y todas las \u00e1reas de Linda Vista, San Rafael y Madison Heights de la ciudad de Pasadena. \u201cSupongo que dado que habr\u00e9 servido diecisiete a\u00f1os y medio en la junta cuando me vaya el pr\u00f3ximo diciembre, [&hellip;]<\/p>\n","protected":false},"author":4,"featured_media":13733,"comment_status":"open","ping_status":"closed","sticky":false,"template":"","format":"standard","meta":[],"categories":[4],"tags":[],"acf":[],"_links":{"self":[{"href":"http:\/\/www.pasadenahoy.com\/primero\/wp-json\/wp\/v2\/posts\/13731"}],"collection":[{"href":"http:\/\/www.pasadenahoy.com\/primero\/wp-json\/wp\/v2\/posts"}],"about":[{"href":"http:\/\/www.pasadenahoy.com\/primero\/wp-json\/wp\/v2\/types\/post"}],"author":[{"embeddable":true,"href":"http:\/\/www.pasadenahoy.com\/primero\/wp-json\/wp\/v2\/users\/4"}],"replies":[{"embeddable":true,"href":"http:\/\/www.pasadenahoy.com\/primero\/wp-json\/wp\/v2\/comments?post=13731"}],"version-history":[{"count":2,"href":"http:\/\/www.pasadenahoy.com\/primero\/wp-json\/wp\/v2\/posts\/13731\/revisions"}],"predecessor-version":[{"id":13735,"href":"http:\/\/www.pasadenahoy.com\/primero\/wp-json\/wp\/v2\/posts\/13731\/revisions\/13735"}],"wp:featuredmedia":[{"embeddable":true,"href":"http:\/\/www.pasadenahoy.com\/primero\/wp-json\/wp\/v2\/media\/13733"}],"wp:attachment":[{"href":"http:\/\/www.pasadenahoy.com\/primero\/wp-json\/wp\/v2\/media?parent=13731"}],"wp:term":[{"taxonomy":"category","embeddable":true,"href":"http:\/\/www.pasadenahoy.com\/primero\/wp-json\/wp\/v2\/categories?post=13731"},{"taxonomy":"post_tag","embeddable":true,"href":"http:\/\/www.pasadenahoy.com\/primero\/wp-json\/wp\/v2\/tags?post=13731"}],"curies":[{"name":"wp","href":"https:\/\/api.w.org\/{rel}","templated":true}]}}