{"id":13736,"date":"2022-01-13T15:13:52","date_gmt":"2022-01-13T15:13:52","guid":{"rendered":"http:\/\/www.pasadenahoy.com\/primero\/?p=13736"},"modified":"2022-01-13T15:13:53","modified_gmt":"2022-01-13T15:13:53","slug":"la-ciudad-de-pasadena-cancela-el-desfile-de-la-historia-negra-debido-a-las-preocupaciones-de-omicron-la-variedad-de-programacion-familiar-continuara","status":"publish","type":"post","link":"http:\/\/www.pasadenahoy.com\/primero\/la-comunidad\/la-ciudad-de-pasadena-cancela-el-desfile-de-la-historia-negra-debido-a-las-preocupaciones-de-omicron-la-variedad-de-programacion-familiar-continuara\/","title":{"rendered":"La ciudad de Pasadena cancela el Desfile de la Historia Negra debido a las preocupaciones de Omicron, la variedad de programaci\u00f3n familiar continuar\u00e1"},"content":{"rendered":"\n<figure class=\"wp-block-image alignnone size-large\"><figure class=\"alignnone\"><img loading=\"lazy\" width=\"740\" height=\"400\" src=\"http:\/\/www.pasadenahoy.com\/primero\/wp-content\/uploads\/2022\/01\/pic-2-2.png\" alt=\"\" class=\"wp-image-13737\" srcset=\"http:\/\/www.pasadenahoy.com\/primero\/wp-content\/uploads\/2022\/01\/pic-2-2.png 740w, http:\/\/www.pasadenahoy.com\/primero\/wp-content\/uploads\/2022\/01\/pic-2-2-300x162.png 300w, http:\/\/www.pasadenahoy.com\/primero\/wp-content\/uploads\/2022\/01\/pic-2-2-241x130.png 241w, http:\/\/www.pasadenahoy.com\/primero\/wp-content\/uploads\/2022\/01\/pic-2-2-333x180.png 333w, http:\/\/www.pasadenahoy.com\/primero\/wp-content\/uploads\/2022\/01\/pic-2-2-700x378.png 700w, http:\/\/www.pasadenahoy.com\/primero\/wp-content\/uploads\/2022\/01\/pic-2-2-360x195.png 360w, http:\/\/www.pasadenahoy.com\/primero\/wp-content\/uploads\/2022\/01\/pic-2-2-720x389.png 720w\" sizes=\"100vw\" \/><\/figure><\/figure>\n\n\n\n<p>Como medida de precauci\u00f3n, el Departamento de Parques, Recreaci\u00f3n y Servicios Comunitarios de la Ciudad de Pasadena y el Comit\u00e9 de Planificaci\u00f3n de la Historia Afroamericana han cancelado el Desfile y Festival de la Historia Afroamericana de 2022 debido a preocupaciones relacionadas con el COVID-19. Por lo general, se lleva a cabo el tercer s\u00e1bado de febrero, el desfile y el festival se llevaron a cabo por \u00faltima vez el 15 de febrero de 2020. Afortunadamente, el Comit\u00e9 de Planificaci\u00f3n de la Ciudad y la Historia Negra organizar\u00e1 una amplia variedad de eventos GRATUITOS para toda la familia este a\u00f1o en celebraci\u00f3n de la Historia Negra. Mes. Todos los eventos cumplen con los protocolos COVID-19 del Departamento de Salud P\u00fablica de Pasadena.<\/p>\n\n\n\n<p>Apoye a las empresas propiedad de afroamericanos<br>1-28 de febrero<br>Se alienta a los miembros de la comunidad a apoyar a los negocios locales de propiedad de negros durante el mes de febrero y siempre.<\/p>\n\n\n\n<p>Take and Make Craft inspirado por el artista Jean-Michael Basquiat<br>La inscripci\u00f3n comienza el martes 1 de febrero.<br>Deja que la inspiraci\u00f3n del arte callejero de grafiti de Jean-Michel Basquiat te inspire a pintar un autorretrato con un estilo similar. Reg\u00edstrese para obtener su kit hasta agotar existencias. Los kits se pueden recoger en la Biblioteca Sucursal de San Rafael.<\/p>\n\n\n\n<p>Socios de la historia: Martin Luther King Jr., Ralph David Abernathy y el movimiento de derechos civiles por Donzaleigh Abernathy<br>S\u00e1bado, 5 de febrero, 2 p. m. en Ampliar<br>Ralph David Abernathy y Martin Luther King, Jr. eran inseparables y juntos ayudaron a establecer lo que se convertir\u00eda en el moderno Movimiento de Derechos Civiles de los Estados Unidos. Predicaron, marcharon y con frecuencia fueron encarcelados juntos. Donzaleigh Abernathy, la hija menor de Ralph, ha escrito Partners to History como testimonio del coraje, la fuerza y \u200b\u200bla resistencia de estos hombres que conmovieron a una naci\u00f3n con su fortaleza moral. Tambi\u00e9n rinde homenaje a los miles de h\u00e9roes an\u00f3nimos, los otros socios de esta historia, que fueron soldados de a pie en la lucha interminable por la libertad, la justicia y la igualdad. Este documento captura en palabras e im\u00e1genes c\u00f3mo el sue\u00f1o de dos visionarios cambi\u00f3 el curso de la historia estadounidense.<br>Reg\u00edstrese ahora para asistir a la sesi\u00f3n de Zoom.<\/p>\n\n\n\n<p>Fuera de la despensa: Clase de cocina para adolescentes<br>Lunes, 7 de febrero, 4 p. m. en Ampliar<br>Prepara un sabroso plato con ingredientes de la despensa. Aprende sobre los bu\u00f1uelos de arroz criollo, tambi\u00e9n conocidos como calas, y c\u00f3mo hacerlos. Los suministros de cocina est\u00e1n disponibles para recoger en la biblioteca de Hastings. Consulte el equipo, la lista de ingredientes y el correo electr\u00f3nico de confirmaci\u00f3n para obtener m\u00e1s instrucciones y asegurarse de estar preparado para la lecci\u00f3n. Solo para adolescentes. Reg\u00edstrese ahora para asistir.<\/p>\n\n\n\n<p>Personas, lugares y eventos de Pasadena formados por afroamericanos<br>Lunes 14 de febrero \u2013 S\u00e1bado 19 de febrero<br>Realice un recorrido virtual con miembros de la comunidad local mientras brindan informaci\u00f3n sobre puntos de referencia, instituciones educativas, deportes, negocios y otras \u00e1reas afectadas por los negros de Pasadenans. Ver m\u00e1s detalles, incluido c\u00f3mo registrarse.<\/p>\n\n\n\n<p>M\u00e1s que el man\u00ed<br>Jueves, 24 de febrero, 4:30 p. m., sucursal de la biblioteca de Lamanda Park<br>\u00danase a nosotros mientras aprendemos sobre George Washington Carver y completamos actividades STEAM centradas en la naturaleza inspiradas en su vida. Para mayores de 6 a\u00f1os. Reg\u00edstrese ahora para asistir.<\/p>\n\n\n\n<p>Exposici\u00f3n de exhibici\u00f3n de Kidpreneur<br>S\u00e1bado, 26 de febrero, 10 a. m. a 2 p. m., Robinson Park Recreation Center<br>Celebrado en asociaci\u00f3n con Neighborhood Survants, \u00fanase al primer evento anual de &#8220;ni\u00f1os emprendedores&#8221; que celebrar\u00e1 y exhibir\u00e1 a j\u00f3venes de 6 a 17 a\u00f1os por su creatividad y logros en peque\u00f1as empresas y otras empresas empresariales. Los j\u00f3venes tendr\u00e1n la oportunidad de exhibir, presentar y promocionar sus productos y servicios. Ver m\u00e1s informaci\u00f3n.<\/p>\n\n\n\n<p>Autocinema<br>S\u00e1bado, 26 de febrero, de 5 p. m. a 10 p. m., Brookside Park Area H, 360 N. Arroyo Blvd.<br>Autocine gratis para toda la familia en celebraci\u00f3n del Mes de la Historia Negra. La m\u00fasica en vivo comienza a las 5 p. m. y se proporcionar\u00e1n refrigerios gratuitos envueltos individualmente a los primeros 100 autos que asistan. Se recomienda inscripci\u00f3n previa.<\/p>\n\n\n\n<p>Para obtener m\u00e1s informaci\u00f3n sobre estos y otros pr\u00f3ximos eventos, visite<a href=\"https:\/\/cityofpasadena.net\/\"> cityofpasadena.net<\/a>, siga a @PasadenaParksandRec y @pasadenalibrary en Facebook e Instagram, o llame al (626) 744-7311.<br>La Biblioteca P\u00fablica de Pasadena tambi\u00e9n est\u00e1 celebrando el Mes de la Historia Negra con una amplia variedad de programas y actividades gratuitos para todas las edades que honran las culturas y las contribuciones de los afroamericanos, patrocinados por los Amigos de la Biblioteca P\u00fablica de Pasadena. Para obtener detalles sobre estos eventos, visite <a href=\"http:\/\/www.pasadenapubliclibrary.net\/\">www.pasadenapubliclibrary.net.<\/a><\/p>\n","protected":false},"excerpt":{"rendered":"<p>Como medida de precauci\u00f3n, el Departamento de Parques, Recreaci\u00f3n y Servicios Comunitarios de la Ciudad de Pasadena y el Comit\u00e9 de Planificaci\u00f3n de la Historia Afroamericana han cancelado el Desfile y Festival de la Historia Afroamericana de 2022 debido a preocupaciones relacionadas con el COVID-19. Por lo general, se lleva a cabo el tercer s\u00e1bado de febrero, el desfile y el festival se llevaron a cabo por \u00faltima vez el 15 de febrero de 2020. Afortunadamente, el Comit\u00e9 de Planificaci\u00f3n [&hellip;]<\/p>\n","protected":false},"author":4,"featured_media":13737,"comment_status":"open","ping_status":"closed","sticky":false,"template":"","format":"standard","meta":[],"categories":[4],"tags":[],"acf":[],"_links":{"self":[{"href":"http:\/\/www.pasadenahoy.com\/primero\/wp-json\/wp\/v2\/posts\/13736"}],"collection":[{"href":"http:\/\/www.pasadenahoy.com\/primero\/wp-json\/wp\/v2\/posts"}],"about":[{"href":"http:\/\/www.pasadenahoy.com\/primero\/wp-json\/wp\/v2\/types\/post"}],"author":[{"embeddable":true,"href":"http:\/\/www.pasadenahoy.com\/primero\/wp-json\/wp\/v2\/users\/4"}],"replies":[{"embeddable":true,"href":"http:\/\/www.pasadenahoy.com\/primero\/wp-json\/wp\/v2\/comments?post=13736"}],"version-history":[{"count":2,"href":"http:\/\/www.pasadenahoy.com\/primero\/wp-json\/wp\/v2\/posts\/13736\/revisions"}],"predecessor-version":[{"id":13739,"href":"http:\/\/www.pasadenahoy.com\/primero\/wp-json\/wp\/v2\/posts\/13736\/revisions\/13739"}],"wp:featuredmedia":[{"embeddable":true,"href":"http:\/\/www.pasadenahoy.com\/primero\/wp-json\/wp\/v2\/media\/13737"}],"wp:attachment":[{"href":"http:\/\/www.pasadenahoy.com\/primero\/wp-json\/wp\/v2\/media?parent=13736"}],"wp:term":[{"taxonomy":"category","embeddable":true,"href":"http:\/\/www.pasadenahoy.com\/primero\/wp-json\/wp\/v2\/categories?post=13736"},{"taxonomy":"post_tag","embeddable":true,"href":"http:\/\/www.pasadenahoy.com\/primero\/wp-json\/wp\/v2\/tags?post=13736"}],"curies":[{"name":"wp","href":"https:\/\/api.w.org\/{rel}","templated":true}]}}