{"id":13752,"date":"2022-01-13T15:34:45","date_gmt":"2022-01-13T15:34:45","guid":{"rendered":"http:\/\/www.pasadenahoy.com\/primero\/?p=13752"},"modified":"2022-01-13T15:34:47","modified_gmt":"2022-01-13T15:34:47","slug":"el-alguacil-dice-que-los-homicidios-en-el-condado-de-los-angeles-y-los-robos-de-automoviles-aumentaron-durante-la-pandemia","status":"publish","type":"post","link":"http:\/\/www.pasadenahoy.com\/primero\/la-comunidad\/el-alguacil-dice-que-los-homicidios-en-el-condado-de-los-angeles-y-los-robos-de-automoviles-aumentaron-durante-la-pandemia\/","title":{"rendered":"El alguacil dice que los homicidios en el condado de Los \u00c1ngeles y los robos de autom\u00f3viles aumentaron durante la pandemia"},"content":{"rendered":"\n<figure class=\"wp-block-image alignnone size-large\"><figure class=\"alignnone\"><img loading=\"lazy\" width=\"700\" height=\"378\" src=\"http:\/\/www.pasadenahoy.com\/primero\/wp-content\/uploads\/2022\/01\/pic-6-4.png\" alt=\"\" class=\"wp-image-13753\" srcset=\"http:\/\/www.pasadenahoy.com\/primero\/wp-content\/uploads\/2022\/01\/pic-6-4.png 700w, http:\/\/www.pasadenahoy.com\/primero\/wp-content\/uploads\/2022\/01\/pic-6-4-300x162.png 300w, http:\/\/www.pasadenahoy.com\/primero\/wp-content\/uploads\/2022\/01\/pic-6-4-241x130.png 241w, http:\/\/www.pasadenahoy.com\/primero\/wp-content\/uploads\/2022\/01\/pic-6-4-333x180.png 333w, http:\/\/www.pasadenahoy.com\/primero\/wp-content\/uploads\/2022\/01\/pic-6-4-360x194.png 360w\" sizes=\"100vw\" \/><figcaption><span class=\"caption-text\">Captura de pantalla del tiroteo fatal de un hombre que empu\u00f1aba un cuchillo en Altadena que tuvo lugar poco despu\u00e9s de que el sospechoso golpeara y apu\u00f1alara a una anciana en un ataque aparentemente aleatorio en Altadena, justo al norte del l\u00edmite de la ciudad de Pasadena, en enero de 2021. [Cr\u00e9dito: Los Departamento del Sheriff del Condado de \u00c1ngeles]<\/span><\/figcaption><\/figure><\/figure>\n\n\n\n<p>Los homicidios y los robos de autom\u00f3viles aumentaron de 2019 a 2021 en \u00e1reas vigiladas por el Departamento del Sheriff del condado de Los \u00c1ngeles, dijo el mi\u00e9rcoles el sheriff Alex Villanueva durante una reuni\u00f3n virtual en el ayuntamiento.<br>El LASD proporciona cumplimiento de la ley a los trenes y autobuses de Metro en Pasadena, a la parte del condado de East Pasadena y a todo Altadena.<\/p>\n\n\n\n<p>Villanueva present\u00f3 estad\u00edsticas de fin de a\u00f1o para 2021, pero dijo que era demasiado pronto para sacar conclusiones sobre las tendencias en los primeros 12 d\u00edas de 2022.<\/p>\n\n\n\n<p>\u201cDebido a que solo llevamos dos semanas del primer a\u00f1o, estad\u00edsticamente va a estar en todo el mapa\u201d, dijo el alguacil.<\/p>\n\n\n\n<p>Los datos del departamento para el a\u00f1o que finaliz\u00f3 el 31 de diciembre de 2021 mostraron &#8220;un salto de dos a\u00f1os, esto es comparar 2019 con 2021, que fue un aumento del 94,24% en homicidios, una gran cantidad&#8221;, dijo Villanueva. \u201cUn aumento del 64,88% en hurto mayor de autom\u00f3viles. Esa es la mala noticia.<\/p>\n\n\n\n<p>En 2019, se registraron 145 homicidios en el condado, mientras que en 2020 hubo 199, seg\u00fan el sitio web del departamento del alguacil. Si bien Villanueva no especific\u00f3 la cantidad de homicidios registrados en 2021, sus c\u00e1lculos arrojar\u00edan un total de alrededor de 281.<\/p>\n\n\n\n<p>Tambi\u00e9n hubo un aumento del 14 % en agresiones con agravantes, aunque las violaciones y los robos cayeron un 11,7 % y un 24,1 %, respectivamente, seg\u00fan el alguacil. Como resultado, los delitos violentos en general aumentaron aproximadamente un 1%, dijo.<\/p>\n\n\n\n<p>\u201cMuchos de estos tienen que ver definitivamente con la pandemia y solo con los cambiantes patrones sociales de comportamiento, y qui\u00e9n est\u00e1 en casa y qui\u00e9n no\u201d, dijo Villanueva.<\/p>\n\n\n\n<p>Las estad\u00edsticas de 2019 reflejan un mundo previo a la pandemia, mientras que 2021 incluy\u00f3 el aumento invernal de casos que provocaron restricciones en negocios y reuniones, as\u00ed como una postura de salud p\u00fablica m\u00e1s abierta de cara al verano.<\/p>\n\n\n\n<p>\u201cTuvimos una gran ca\u00edda en los robos con allanamiento de morada, 19.39% porque, claro, todos est\u00e1n en casa\u201d, dijo Villanueva, se\u00f1alando una ca\u00edda en los hurtos y hurtos por la misma raz\u00f3n.<\/p>\n\n\n\n<p>A\u00fan as\u00ed, los delitos contra la propiedad aumentaron ligeramente, con un aumento del 4,35% en los dos a\u00f1os.<\/p>\n\n\n\n<p>\u201cAs\u00ed que hubo una mezcla de buenas y malas noticias, y la parte de las malas noticias son principalmente los homicidios y el componente de delitos violentos\u201d, dijo a los oyentes durante el ayuntamiento transmitido por Facebook e Instagram Live.<\/p>\n\n\n\n<p>Villanueva dijo que los datos se publicar\u00edan en el sitio web de LASD en lasd.org\/transparency y en las redes sociales.<\/p>\n\n\n\n<p>Hist\u00f3ricamente, el informe anual completo ha incluido un desglose de los delitos por estaci\u00f3n de patrulla, ciudad y tipo de delito individual, as\u00ed como material adicional sobre datos demogr\u00e1ficos y el porcentaje de casos cerrados.<\/p>\n\n\n\n<p>LASD patrulla todas las \u00e1reas no incorporadas del condado de Los \u00c1ngeles y brinda servicios de aplicaci\u00f3n de la ley bajo contrato a 42 de las 88 ciudades en todo el condado, as\u00ed como a Metro.<\/p>\n","protected":false},"excerpt":{"rendered":"<p>Los homicidios y los robos de autom\u00f3viles aumentaron de 2019 a 2021 en \u00e1reas vigiladas por el Departamento del Sheriff del condado de Los \u00c1ngeles, dijo el mi\u00e9rcoles el sheriff Alex Villanueva durante una reuni\u00f3n virtual en el ayuntamiento.El LASD proporciona cumplimiento de la ley a los trenes y autobuses de Metro en Pasadena, a la parte del condado de East Pasadena y a todo Altadena. Villanueva present\u00f3 estad\u00edsticas de fin de a\u00f1o para 2021, pero dijo que era demasiado [&hellip;]<\/p>\n","protected":false},"author":4,"featured_media":0,"comment_status":"open","ping_status":"closed","sticky":false,"template":"","format":"standard","meta":[],"categories":[4],"tags":[],"acf":[],"_links":{"self":[{"href":"http:\/\/www.pasadenahoy.com\/primero\/wp-json\/wp\/v2\/posts\/13752"}],"collection":[{"href":"http:\/\/www.pasadenahoy.com\/primero\/wp-json\/wp\/v2\/posts"}],"about":[{"href":"http:\/\/www.pasadenahoy.com\/primero\/wp-json\/wp\/v2\/types\/post"}],"author":[{"embeddable":true,"href":"http:\/\/www.pasadenahoy.com\/primero\/wp-json\/wp\/v2\/users\/4"}],"replies":[{"embeddable":true,"href":"http:\/\/www.pasadenahoy.com\/primero\/wp-json\/wp\/v2\/comments?post=13752"}],"version-history":[{"count":2,"href":"http:\/\/www.pasadenahoy.com\/primero\/wp-json\/wp\/v2\/posts\/13752\/revisions"}],"predecessor-version":[{"id":13755,"href":"http:\/\/www.pasadenahoy.com\/primero\/wp-json\/wp\/v2\/posts\/13752\/revisions\/13755"}],"wp:attachment":[{"href":"http:\/\/www.pasadenahoy.com\/primero\/wp-json\/wp\/v2\/media?parent=13752"}],"wp:term":[{"taxonomy":"category","embeddable":true,"href":"http:\/\/www.pasadenahoy.com\/primero\/wp-json\/wp\/v2\/categories?post=13752"},{"taxonomy":"post_tag","embeddable":true,"href":"http:\/\/www.pasadenahoy.com\/primero\/wp-json\/wp\/v2\/tags?post=13752"}],"curies":[{"name":"wp","href":"https:\/\/api.w.org\/{rel}","templated":true}]}}