{"id":13760,"date":"2022-01-14T14:51:21","date_gmt":"2022-01-14T14:51:21","guid":{"rendered":"http:\/\/www.pasadenahoy.com\/primero\/?p=13760"},"modified":"2022-01-14T14:51:22","modified_gmt":"2022-01-14T14:51:22","slug":"la-ciudad-pospone-el-conteo-de-personas-sin-hogar-y-cita-el-aumento-del-coronavirus","status":"publish","type":"post","link":"http:\/\/www.pasadenahoy.com\/primero\/la-comunidad\/la-ciudad-pospone-el-conteo-de-personas-sin-hogar-y-cita-el-aumento-del-coronavirus\/","title":{"rendered":"La ciudad pospone el conteo de personas sin hogar y cita el aumento del coronavirus"},"content":{"rendered":"\n<figure class=\"wp-block-image alignnone size-large\"><figure class=\"alignnone\"><img loading=\"lazy\" width=\"740\" height=\"399\" src=\"http:\/\/www.pasadenahoy.com\/primero\/wp-content\/uploads\/2022\/01\/pic-1-5.jpg\" alt=\"\" class=\"wp-image-13761\" srcset=\"http:\/\/www.pasadenahoy.com\/primero\/wp-content\/uploads\/2022\/01\/pic-1-5.jpg 740w, http:\/\/www.pasadenahoy.com\/primero\/wp-content\/uploads\/2022\/01\/pic-1-5-300x162.jpg 300w, http:\/\/www.pasadenahoy.com\/primero\/wp-content\/uploads\/2022\/01\/pic-1-5-241x130.jpg 241w, http:\/\/www.pasadenahoy.com\/primero\/wp-content\/uploads\/2022\/01\/pic-1-5-334x180.jpg 334w, http:\/\/www.pasadenahoy.com\/primero\/wp-content\/uploads\/2022\/01\/pic-1-5-700x377.jpg 700w, http:\/\/www.pasadenahoy.com\/primero\/wp-content\/uploads\/2022\/01\/pic-1-5-360x194.jpg 360w, http:\/\/www.pasadenahoy.com\/primero\/wp-content\/uploads\/2022\/01\/pic-1-5-720x388.jpg 720w\" sizes=\"100vw\" \/><figcaption><span class=\"caption-text\">La imagen de archivo muestra mostradores inspeccionando a un vagabundo cerca del Ayuntamiento de Pasadena. Foto: Oficina de Iniciativas Urbanas del Seminario Fuller<\/span><\/figcaption><\/figure><\/figure>\n\n\n\n<p>Pasadena anunci\u00f3 el jueves que el Departamento de Vivienda de la ciudad solicit\u00f3 una excepci\u00f3n al Departamento de Vivienda y Desarrollo Urbano de EE. UU. (HUD) para posponer el conteo anual de personas sin hogar de Pasadena hasta fines de febrero.<\/p>\n\n\n\n<p>El recuento de personas sin hogar normalmente recopila datos de personas sin hogar en lugares protegidos y no protegidos durante el recuento anual de un punto en el tiempo dentro de los \u00faltimos 10 d\u00edas de enero seg\u00fan lo dispuesto por HUD.<\/p>\n\n\n\n<p>Un comunicado de la ciudad dijo que el Departamento de Vivienda tom\u00f3 la decisi\u00f3n despu\u00e9s de una cuidadosa consideraci\u00f3n y consulta con el Departamento de Salud P\u00fablica y los proveedores locales de servicios para personas sin hogar.<\/p>\n\n\n\n<p>La conclusi\u00f3n del Departamento se bas\u00f3 en las preocupaciones derivadas del impacto del aumento actual en la disponibilidad de voluntarios, especialmente entre los trabajadores profesionales de divulgaci\u00f3n en las calles de las agencias locales de servicios para personas sin hogar que actualmente enfrentan desaf\u00edos de personal debido al aumento.<\/p>\n\n\n\n<p>La declaraci\u00f3n dec\u00eda que el Departamento est\u00e1 igualmente preocupado por \u201cpreservar la capacidad de nuestros hospitales y sistema de atenci\u00f3n m\u00e9dica en medio del aumento repentino\u201d.<\/p>\n\n\n\n<p>Mayores medidas de seguridad cuando el conteo se lleva a cabo en febrero seg\u00fan las recomendaciones del Departamento de Salud P\u00fablica, seg\u00fan el comunicado:<\/p>\n\n\n\n<p>Todos los voluntarios recibir\u00e1n una m\u00e1scara N95.<\/p>\n\n\n\n<p>Todos los kits de higiene distribuidos durante el conteo sin protecci\u00f3n contendr\u00e1n m\u00e1scaras N95 y m\u00e1scaras quir\u00fargicas (anteriormente solo m\u00e1scaras quir\u00fargicas).<\/p>\n\n\n\n<p>Todos los voluntarios deber\u00e1n realizar una prueba r\u00e1pida de ant\u00edgeno dentro de las 24 horas posteriores al conteo, que ser\u00e1 proporcionada por la Ciudad.<\/p>\n\n\n\n<p>No se permitir\u00e1 la participaci\u00f3n de ning\u00fan voluntario que haya iniciado un per\u00edodo de cuarentena o aislamiento dentro de los diez d\u00edas anteriores al conteo.<\/p>\n\n\n\n<p>La ciudad todav\u00eda est\u00e1 buscando voluntarios para Pasadena Homeless Count, que ahora se llevar\u00e1 a cabo la noche del 22 de febrero de 8:00 p. m. a 10:00 p. m. y la ma\u00f1ana del 23 de febrero de 6:00 a 8:00 am.<\/p>\n\n\n\n<p>La inscripci\u00f3n se ha extendido hasta el 4 de febrero. Visite <a href=\"https:\/\/pasadenapartnership.org\/volunteer-homeless-count\/\">https:\/\/pasadenapartnership.org\/volunteer-homeless-count\/<\/a> para registrarse. Las preguntas deben dirigirse a Dan Davidson en <a href=\"dan@rosecitycoffee.org\">dan@rosecitycoffee.org.<\/a><\/p>\n","protected":false},"excerpt":{"rendered":"<p>Pasadena anunci\u00f3 el jueves que el Departamento de Vivienda de la ciudad solicit\u00f3 una excepci\u00f3n al Departamento de Vivienda y Desarrollo Urbano de EE. UU. (HUD) para posponer el conteo anual de personas sin hogar de Pasadena hasta fines de febrero. El recuento de personas sin hogar normalmente recopila datos de personas sin hogar en lugares protegidos y no protegidos durante el recuento anual de un punto en el tiempo dentro de los \u00faltimos 10 d\u00edas de enero seg\u00fan lo [&hellip;]<\/p>\n","protected":false},"author":4,"featured_media":13761,"comment_status":"open","ping_status":"closed","sticky":false,"template":"","format":"standard","meta":[],"categories":[4],"tags":[],"acf":[],"_links":{"self":[{"href":"http:\/\/www.pasadenahoy.com\/primero\/wp-json\/wp\/v2\/posts\/13760"}],"collection":[{"href":"http:\/\/www.pasadenahoy.com\/primero\/wp-json\/wp\/v2\/posts"}],"about":[{"href":"http:\/\/www.pasadenahoy.com\/primero\/wp-json\/wp\/v2\/types\/post"}],"author":[{"embeddable":true,"href":"http:\/\/www.pasadenahoy.com\/primero\/wp-json\/wp\/v2\/users\/4"}],"replies":[{"embeddable":true,"href":"http:\/\/www.pasadenahoy.com\/primero\/wp-json\/wp\/v2\/comments?post=13760"}],"version-history":[{"count":2,"href":"http:\/\/www.pasadenahoy.com\/primero\/wp-json\/wp\/v2\/posts\/13760\/revisions"}],"predecessor-version":[{"id":13763,"href":"http:\/\/www.pasadenahoy.com\/primero\/wp-json\/wp\/v2\/posts\/13760\/revisions\/13763"}],"wp:featuredmedia":[{"embeddable":true,"href":"http:\/\/www.pasadenahoy.com\/primero\/wp-json\/wp\/v2\/media\/13761"}],"wp:attachment":[{"href":"http:\/\/www.pasadenahoy.com\/primero\/wp-json\/wp\/v2\/media?parent=13760"}],"wp:term":[{"taxonomy":"category","embeddable":true,"href":"http:\/\/www.pasadenahoy.com\/primero\/wp-json\/wp\/v2\/categories?post=13760"},{"taxonomy":"post_tag","embeddable":true,"href":"http:\/\/www.pasadenahoy.com\/primero\/wp-json\/wp\/v2\/tags?post=13760"}],"curies":[{"name":"wp","href":"https:\/\/api.w.org\/{rel}","templated":true}]}}