{"id":13764,"date":"2022-01-14T14:55:48","date_gmt":"2022-01-14T14:55:48","guid":{"rendered":"http:\/\/www.pasadenahoy.com\/primero\/?p=13764"},"modified":"2022-01-14T14:55:49","modified_gmt":"2022-01-14T14:55:49","slug":"la-ciudad-aclara-la-cancelacion-del-desfile-de-la-historia-afroamericana","status":"publish","type":"post","link":"http:\/\/www.pasadenahoy.com\/primero\/la-comunidad\/la-ciudad-aclara-la-cancelacion-del-desfile-de-la-historia-afroamericana\/","title":{"rendered":"La ciudad aclara la cancelaci\u00f3n del desfile de la historia afroamericana"},"content":{"rendered":"\n<figure class=\"wp-block-image alignnone size-large\"><figure class=\"alignnone\"><img loading=\"lazy\" width=\"700\" height=\"378\" src=\"http:\/\/www.pasadenahoy.com\/primero\/wp-content\/uploads\/2022\/01\/pic-2-6.jpg\" alt=\"\" class=\"wp-image-13765\" srcset=\"http:\/\/www.pasadenahoy.com\/primero\/wp-content\/uploads\/2022\/01\/pic-2-6.jpg 700w, http:\/\/www.pasadenahoy.com\/primero\/wp-content\/uploads\/2022\/01\/pic-2-6-300x162.jpg 300w, http:\/\/www.pasadenahoy.com\/primero\/wp-content\/uploads\/2022\/01\/pic-2-6-241x130.jpg 241w, http:\/\/www.pasadenahoy.com\/primero\/wp-content\/uploads\/2022\/01\/pic-2-6-333x180.jpg 333w, http:\/\/www.pasadenahoy.com\/primero\/wp-content\/uploads\/2022\/01\/pic-2-6-360x194.jpg 360w\" sizes=\"100vw\" \/><figcaption><span class=\"caption-text\">J\u00f3venes bailarines actuando en el Desfile de la Historia Negra 2020. [Foto de James Macpherson\/Pasadena Now]<\/span><\/figcaption><\/figure><\/figure>\n\n\n\n<p>Un portavoz de la ciudad aclar\u00f3 la cancelaci\u00f3n del Black History Parade cuando fue contactado por Pasadena Now el jueves por la ma\u00f1ana despu\u00e9s de que los lectores comenzaron a quejarse de que la ciudad permiti\u00f3 que el Rose Parade continuara a pesar de la propagaci\u00f3n de la variante Omicron del coronavirus.<br>El Desfile de la Historia Negra de la ciudad es una de las celebraciones de la historia negra m\u00e1s grandes y de mayor duraci\u00f3n en el estado.<\/p>\n\n\n\n<p>La variante Omicron ha provocado infecciones r\u00e9cord en todo el pa\u00eds. El mi\u00e9rcoles, el condado de Los \u00c1ngeles report\u00f3 39 muertes, la mayor cantidad desde septiembre, y 40,452 nuevas infecciones.<\/p>\n\n\n\n<p>Los residentes locales se\u00f1alaron r\u00e1pidamente que el Desfile de las Rosas se llev\u00f3 a cabo incluso cuando el n\u00famero de casos de coronavirus y hospitalizaciones aumentaba.<\/p>\n\n\n\n<p>Antes del Desfile de las Rosas, los eventos festivos y los juegos de bolos se cancelaron en todo el pa\u00eds cuando la naci\u00f3n comenz\u00f3 a luchar contra una nueva ola del virus. Algunos residentes en ese momento cuestionaron por qu\u00e9 se estaba llevando a cabo el desfile y el juego.<\/p>\n\n\n\n<p>El Desfile de las Rosas se cancel\u00f3 en 2020 por primera vez desde la Segunda Guerra Mundial debido al COVID-19. El Rose Bowl se traslad\u00f3 a Arlington, Texas, lo que desgast\u00f3 la relaci\u00f3n entre el Torneo y la ciudad.<\/p>\n\n\n\n<p>Este a\u00f1o se llevaron a cabo tanto el Desfile como el juego. Las multitudes eran m\u00e1s escasas, pero asistieron decenas de miles de asistentes al desfile.<\/p>\n\n\n\n<p>\u201cHab\u00edas [personas] sentadas en el regazo de los dem\u00e1s durante el Desfile de las Rosas. Haz que [esta cancelaci\u00f3n] tenga sentido porque suena discriminatorio\u201d, dijo Kris Janelle en las redes sociales.<\/p>\n\n\n\n<p>El jueves, la portavoz de Pasadena, Lisa Derderian, se\u00f1al\u00f3 que se implementaron procedimientos controlados para el Desfile de las Rosas para mantener seguras a las personas que no pueden ser ejecutadas para el Desfile de la Historia Afroamericana.<\/p>\n\n\n\n<p>\u201cEl Torneo de las Rosas ten\u00eda estrictos protocolos de salud\u201d, dijo la Oficial de Informaci\u00f3n P\u00fablica Lisa Derderian. \u201cDe los m\u00e1s de 6500 participantes en el desfile de este a\u00f1o, el 91 % fueron vacunados y el otro 9 % deb\u00eda presentar prueba de una prueba negativa dentro de las 72 horas posteriores al evento. Adem\u00e1s, a los clientes en el \u00e1rea donde nuestra audiencia era m\u00e1s grande se les pidi\u00f3 que proporcionaran un comprobante de vacunaci\u00f3n o una prueba negativa\u201d.<\/p>\n\n\n\n<p>\u201cNo podemos controlar qui\u00e9n se re\u00fane para el Black History Parade porque no es un evento con boleto, por lo que, por precauci\u00f3n, lo cancelamos, pero lo complementamos con varios otros eventos virtuales m\u00e1s peque\u00f1os\u201d.<\/p>\n\n\n\n<p>El Black History Parade ha presentado tradicionalmente alrededor de 80 entradas, incluido Wilson Middle School Drum Corps, el Torneo de las Rosas 2020 Royal Court, Pasadena City College Band, las bandas de m\u00fasica de las escuelas secundarias John Muir, Blair y Pasadena, m\u00fasicos; bailarines; jinetes; grupos locales de j\u00f3venes; dignatarios; l\u00edderes comunitarios; y coches antiguos y personalizados.<\/p>\n\n\n\n<p>Por lo general, se lleva a cabo el tercer s\u00e1bado de febrero, el desfile y el festival se llevaron a cabo por \u00faltima vez el 15 de febrero de 2020.<\/p>\n\n\n\n<p>\u201cEl Desfile de la Historia Negra es muy importante ya que mantenemos viva la importancia de un pueblo en el coraz\u00f3n de la fundaci\u00f3n y el crecimiento de una ciudad compleja llamada Pasadena\u201d, dijo el concejal John Kennedy. \u201cEntonces, con algo de tristeza se cancel\u00f3 el desfile, pero sospecho que la decisi\u00f3n se tom\u00f3 en base a la ciencia que sustenta al COVID-19. El riesgo de propagaci\u00f3n significativa del virus debe haber sido el factor m\u00e1s relevante. Sin embargo, tambi\u00e9n me dijeron que se llevar\u00e1n a cabo muchas de las otras maravillosas actividades asociadas con el Mes de la Historia Negra\u201d.<\/p>\n\n\n\n<p>El Comit\u00e9 de Planificaci\u00f3n de la Ciudad y la Historia Afroamericana seguir\u00e1 adelante con la organizaci\u00f3n de una amplia variedad de eventos gratuitos para familias este a\u00f1o en celebraci\u00f3n del Mes de la Historia Afroamericana. Todos los eventos cumplen con los protocolos COVID-19 del Departamento de Salud P\u00fablica de Pasadena.<\/p>\n\n\n\n<p>Las cancelaciones continuaron el jueves cuando la ciudad anunci\u00f3 que el Departamento de Vivienda solicit\u00f3 una excepci\u00f3n al Departamento de Vivienda y Desarrollo Urbano de EE. UU. (HUD) para posponer el conteo anual de personas sin hogar de Pasadena hasta fines de febrero.<\/p>\n\n\n\n<p>El lunes pasado, el director de salud, el Dr. Ying-Ying Goh, y la Dra. Lori Morgan del Huntington Hospital actualizaron al Concejo Municipal sobre los esfuerzos de la ciudad en la lucha contra el virus.<\/p>\n\n\n\n<p>Pasadena actualmente tiene un promedio de 361 nuevos casos de COVID por d\u00eda frente a los 33 por d\u00eda de hace solo tres semanas. Alrededor del 90 por ciento de los residentes locales elegibles han sido vacunados. Nueve personas han muerto a causa del virus en las \u00faltimas semanas.<\/p>\n\n\n\n<p>\u201cEstos son tiempos extremadamente desafiantes para los hospitales en este momento\u201d, dijo Morgan. \u201cEstamos pausando las cirug\u00edas electivas por el momento para garantizar camas adecuadas. Nuestros trabajadores de la salud est\u00e1n agotados. Tenemos una cantidad de personal que est\u00e1 fuera\u201d.<\/p>\n\n\n\n<p>Morgan tambi\u00e9n enfatiz\u00f3 la necesidad de vacunas y refuerzos.<\/p>\n\n\n\n<p>Hasta el jueves por la ma\u00f1ana, el Hospital Huntington inform\u00f3 que hab\u00eda 107 pacientes luchando contra el virus en el hospital. Doce de ellos est\u00e1n en la unidad de cuidados intensivos.<\/p>\n\n\n\n<p>El mi\u00e9rcoles, Pasadena report\u00f3 cuatro muertes asociadas con COVID-19 y 424 nuevos casos confirmados, que<\/p>\n\n\n\n<p>empuj\u00f3 a la ciudad a superar los 20,000 casos acumulados desde que comenz\u00f3 la pandemia.<\/p>\n\n\n\n<p>\u201cNuestros casos positivos en Pasadena han alcanzado niveles r\u00e9cord y hasta que reduzcamos estos n\u00fameros, continuaremos reevaluando nuestros eventos en toda la ciudad\u201d, dijo Derderian.<\/p>\n\n\n\n<p><\/p>\n","protected":false},"excerpt":{"rendered":"<p>Un portavoz de la ciudad aclar\u00f3 la cancelaci\u00f3n del Black History Parade cuando fue contactado por Pasadena Now el jueves por la ma\u00f1ana despu\u00e9s de que los lectores comenzaron a quejarse de que la ciudad permiti\u00f3 que el Rose Parade continuara a pesar de la propagaci\u00f3n de la variante Omicron del coronavirus.El Desfile de la Historia Negra de la ciudad es una de las celebraciones de la historia negra m\u00e1s grandes y de mayor duraci\u00f3n en el estado. La variante [&hellip;]<\/p>\n","protected":false},"author":4,"featured_media":13765,"comment_status":"open","ping_status":"closed","sticky":false,"template":"","format":"standard","meta":[],"categories":[4],"tags":[],"acf":[],"_links":{"self":[{"href":"http:\/\/www.pasadenahoy.com\/primero\/wp-json\/wp\/v2\/posts\/13764"}],"collection":[{"href":"http:\/\/www.pasadenahoy.com\/primero\/wp-json\/wp\/v2\/posts"}],"about":[{"href":"http:\/\/www.pasadenahoy.com\/primero\/wp-json\/wp\/v2\/types\/post"}],"author":[{"embeddable":true,"href":"http:\/\/www.pasadenahoy.com\/primero\/wp-json\/wp\/v2\/users\/4"}],"replies":[{"embeddable":true,"href":"http:\/\/www.pasadenahoy.com\/primero\/wp-json\/wp\/v2\/comments?post=13764"}],"version-history":[{"count":2,"href":"http:\/\/www.pasadenahoy.com\/primero\/wp-json\/wp\/v2\/posts\/13764\/revisions"}],"predecessor-version":[{"id":13767,"href":"http:\/\/www.pasadenahoy.com\/primero\/wp-json\/wp\/v2\/posts\/13764\/revisions\/13767"}],"wp:featuredmedia":[{"embeddable":true,"href":"http:\/\/www.pasadenahoy.com\/primero\/wp-json\/wp\/v2\/media\/13765"}],"wp:attachment":[{"href":"http:\/\/www.pasadenahoy.com\/primero\/wp-json\/wp\/v2\/media?parent=13764"}],"wp:term":[{"taxonomy":"category","embeddable":true,"href":"http:\/\/www.pasadenahoy.com\/primero\/wp-json\/wp\/v2\/categories?post=13764"},{"taxonomy":"post_tag","embeddable":true,"href":"http:\/\/www.pasadenahoy.com\/primero\/wp-json\/wp\/v2\/tags?post=13764"}],"curies":[{"name":"wp","href":"https:\/\/api.w.org\/{rel}","templated":true}]}}